{"id":143,"date":"2018-02-17T09:10:19","date_gmt":"2018-02-17T08:10:19","guid":{"rendered":"http:\/\/semmelweis.hu\/iga\/?p=143"},"modified":"2019-03-02T13:18:55","modified_gmt":"2019-03-02T12:18:55","slug":"tdk2018","status":"publish","type":"post","link":"https:\/\/semmelweis.hu\/iga\/2018\/02\/17\/tdk2018\/","title":{"rendered":"Munkacsoportunk eredm\u00e9nyei a 2018-as Tudom\u00e1nyos Di\u00e1kk\u00f6ri Konferenci\u00e1n"},"content":{"rendered":"<p>A 2018. febru\u00e1r 7-9-\u00e9n megrendezett TDK konferenci\u00e1n munkacsoportunk remek\u00fcl szerepelt, 3 els\u0151 d\u00edjjal jutalmazt\u00e1k munk\u00e1nkat.<br \/>\nT\u00e9mavezet\u0151ink:\u00a0Dr. Micsik Tam\u00e1s, I. Sz. Patol\u00f3giai \u00e9s K\u00eds\u00e9rleti R\u00e1kkutat\u00f3 Int\u00e9zet<br \/>\n\u00a0 \u00a0 \u00a0 \u00a0 \u00a0 \u00a0 \u00a0 \u00a0 \u00a0 \u00a0 \u00a0 \u00a0 \u00a0 \u00a0 \u00a0 Dr. Patai \u00c1rp\u00e1d V., II. Sz. Belgy\u00f3gy\u00e1szati Klinika<\/p>\n<p>PATOL\u00d3GIA, ONKOL\u00d3GIA II. szekci\u00f3<br \/>\nI. D\u00edj:<strong> Jakab Anna<\/strong>, \u00c1OK V., A colorectum fogazott adenocarcinom\u00e1inak klinikopatol\u00f3giai tulajdons\u00e1gai<br \/>\nI. D\u00edj: <strong>Kocsis Anita<\/strong>, \u00c1OK IV., CEA, CA19-9 szintj\u00e9nek \u00e9s klinikopatol\u00f3giai param\u00e9tereinek \u00f6sszehasonl\u00edt\u00e1sa colorectalis carcinom\u00e1k daganatok eset\u00e9ben<\/p>\n<p>GASZTROENTEROL\u00d3GIA szekci\u00f3<br \/>\nI. D\u00edj: <strong>Moln\u00e1r Csilla<\/strong>, \u00c1OK V., Eosinophil oesophagitis retrospekt\u00edv klinikopatol\u00f3giai vizsg\u00e1lata<\/p>\n","protected":false},"excerpt":{"rendered":"<p>A 2018. febru\u00e1r 7-9-\u00e9n megrendezett TDK konferenci\u00e1n munkacsoportunk remek\u00fcl szerepelt, 3 els\u0151 d\u00edjjal jutalmazt\u00e1k munk\u00e1nkat.<\/p>\n","protected":false},"author":101157,"featured_media":0,"comment_status":"closed","ping_status":"closed","sticky":false,"template":"","format":"standard","meta":{"_acf_changed":false,"footnotes":""},"categories":[1],"tags":[13,11,12,14],"class_list":["post-143","post","type-post","status-publish","format-standard","hentry","category-hirek","tag-semmelweistdk","tag-tdk","tag-tdk2018","tag-tudomanyos-diakkori-konferencia-2018"],"acf":[],"_links":{"self":[{"href":"https:\/\/semmelweis.hu\/iga\/wp-json\/wp\/v2\/posts\/143","targetHints":{"allow":["GET"]}}],"collection":[{"href":"https:\/\/semmelweis.hu\/iga\/wp-json\/wp\/v2\/posts"}],"about":[{"href":"https:\/\/semmelweis.hu\/iga\/wp-json\/wp\/v2\/types\/post"}],"author":[{"embeddable":true,"href":"https:\/\/semmelweis.hu\/iga\/wp-json\/wp\/v2\/users\/101157"}],"replies":[{"embeddable":true,"href":"https:\/\/semmelweis.hu\/iga\/wp-json\/wp\/v2\/comments?post=143"}],"version-history":[{"count":8,"href":"https:\/\/semmelweis.hu\/iga\/wp-json\/wp\/v2\/posts\/143\/revisions"}],"predecessor-version":[{"id":169,"href":"https:\/\/semmelweis.hu\/iga\/wp-json\/wp\/v2\/posts\/143\/revisions\/169"}],"wp:attachment":[{"href":"https:\/\/semmelweis.hu\/iga\/wp-json\/wp\/v2\/media?parent=143"}],"wp:term":[{"taxonomy":"category","embeddable":true,"href":"https:\/\/semmelweis.hu\/iga\/wp-json\/wp\/v2\/categories?post=143"},{"taxonomy":"post_tag","embeddable":true,"href":"https:\/\/semmelweis.hu\/iga\/wp-json\/wp\/v2\/tags?post=143"}],"curies":[{"name":"wp","href":"https:\/\/api.w.org\/{rel}","templated":true}]}}