{"id":118,"date":"2016-10-23T19:53:07","date_gmt":"2016-10-23T17:53:07","guid":{"rendered":"http:\/\/semmelweis.hu\/iga\/?p=118"},"modified":"2016-10-23T20:09:32","modified_gmt":"2016-10-23T18:09:32","slug":"fipat","status":"publish","type":"post","link":"https:\/\/semmelweis.hu\/iga\/2016\/10\/23\/fipat\/","title":{"rendered":"Munkacsoportunk a Fiatal Patol\u00f3gusok Tal\u00e1lkoz\u00f3j\u00e1n"},"content":{"rendered":"<p style=\"text-align: justify\">Munkacsoportunk 4 el\u0151ad\u00e1ssal vett r\u00e9szt 2016. okt\u00f3ber 14-15-\u00e9n az Aquamarina Haj\u00f3n\u00a0megrendezett Fiatal Patol\u00f3gusok Tal\u00e1lkoz\u00f3j\u00e1n, az el\u0151ad\u00e1sok a kutat\u00e1s szekci\u00f3ban hangzottak el.<\/p>\n<p style=\"text-align: justify\">El\u0151ad\u00e1saink:<\/p>\n<ul style=\"list-style-type: disc;text-align: justify\">\n<li>Farkas Petronella: Kell-e biopszi\u00e1t venni a jobb oldali vastagb\u00e9lb\u0151l a limfocit\u00e1s colitis diagn\u00f3zis\u00e1hoz? \u2013 retrospekt\u00edv vizsg\u00e1lat egy tercier centrumban<\/li>\n<li>Dr. Horv\u00e1th R\u00e9ka: HUSAR &#8211; A fogazott polypok differenci\u00e1ldiagnosztik\u00e1ja vizsg\u00e1lataink \u00e9s az aj\u00e1nl\u00e1sok alapj\u00e1n<\/li>\n<li>Moln\u00e1r Csilla: HUNOR \u2013 Az eosinophil oesophagitis Magyarorsz\u00e1gon<\/li>\n<li>Dr. Vrab\u00e9ly Brigitta: Extracolonicus fogazott (serrated) adenom\u00e1k: Traditional Serrated Adenoma (TSA) az epeh\u00f3lyagban, illetve Sessile Serrated Adenoma (SSA) az appendixben<\/li>\n<\/ul>\n<p style=\"text-align: justify\">Horv\u00e1th R\u00e9ka el\u0151ad\u00e1sa a III. d\u00edjat nyerte el a kutat\u00e1s szekci\u00f3ban.<br \/>\n<a href=\"http:\/\/pathology.hu\/hu\/hirek\/1248\/fipat-dijazottak\">pathology.hu\/hu\/hirek\/1248\/fipat-dijazottak<\/a><\/p>\n<figure id=\"attachment_120\" aria-describedby=\"caption-attachment-120\" style=\"width: 940px\" class=\"wp-caption alignnone\"><a href=\"https:\/\/semmelweis.hu\/iga\/files\/2016\/10\/fipat-1.jpg\"><img loading=\"lazy\" decoding=\"async\" class=\"size-large wp-image-120\" src=\"https:\/\/semmelweis.hu\/iga\/files\/2016\/10\/fipat-1-1024x742.jpg\" alt=\"Csoportunk a Fiatal Patol\u00f3gusok Tal\u00e1lkoz\u00f3j\u00e1n\" width=\"940\" height=\"681\" srcset=\"https:\/\/semmelweis.hu\/iga\/files\/2016\/10\/fipat-1-1024x742.jpg 1024w, https:\/\/semmelweis.hu\/iga\/files\/2016\/10\/fipat-1-e1477245849597-150x109.jpg 150w, https:\/\/semmelweis.hu\/iga\/files\/2016\/10\/fipat-1-300x217.jpg 300w, https:\/\/semmelweis.hu\/iga\/files\/2016\/10\/fipat-1-768x557.jpg 768w, https:\/\/semmelweis.hu\/iga\/files\/2016\/10\/fipat-1-414x300.jpg 414w\" sizes=\"auto, (max-width: 940px) 100vw, 940px\" \/><\/a><figcaption id=\"caption-attachment-120\" class=\"wp-caption-text\">Csoportunk a Fiatal Patol\u00f3gusok Tal\u00e1lkoz\u00f3j\u00e1n<\/figcaption><\/figure>\n","protected":false},"excerpt":{"rendered":"<p>Munkacsoportunk 4 el\u0151ad\u00e1ssal vett r\u00e9szt 2016. okt\u00f3ber 14-15-\u00e9n az Aquamarina Haj\u00f3n megrendezett Fiatal Patol\u00f3gusok Tal\u00e1lkoz\u00f3j\u00e1n, az el\u0151ad\u00e1sok a kutat\u00e1s szekci\u00f3ban hangzottak el.<\/p>\n","protected":false},"author":101157,"featured_media":120,"comment_status":"closed","ping_status":"closed","sticky":false,"template":"","format":"standard","meta":{"_acf_changed":false,"footnotes":""},"categories":[1],"tags":[6,5,9,10,7,8],"class_list":["post-118","post","type-post","status-publish","format-standard","has-post-thumbnail","hentry","category-hirek","tag-eosinophil-oesophagitis","tag-fipat","tag-microscopos-colitis","tag-mikroszkopos-colitis","tag-ssa","tag-tsa"],"acf":[],"_links":{"self":[{"href":"https:\/\/semmelweis.hu\/iga\/wp-json\/wp\/v2\/posts\/118","targetHints":{"allow":["GET"]}}],"collection":[{"href":"https:\/\/semmelweis.hu\/iga\/wp-json\/wp\/v2\/posts"}],"about":[{"href":"https:\/\/semmelweis.hu\/iga\/wp-json\/wp\/v2\/types\/post"}],"author":[{"embeddable":true,"href":"https:\/\/semmelweis.hu\/iga\/wp-json\/wp\/v2\/users\/101157"}],"replies":[{"embeddable":true,"href":"https:\/\/semmelweis.hu\/iga\/wp-json\/wp\/v2\/comments?post=118"}],"version-history":[{"count":4,"href":"https:\/\/semmelweis.hu\/iga\/wp-json\/wp\/v2\/posts\/118\/revisions"}],"predecessor-version":[{"id":126,"href":"https:\/\/semmelweis.hu\/iga\/wp-json\/wp\/v2\/posts\/118\/revisions\/126"}],"wp:featuredmedia":[{"embeddable":true,"href":"https:\/\/semmelweis.hu\/iga\/wp-json\/wp\/v2\/media\/120"}],"wp:attachment":[{"href":"https:\/\/semmelweis.hu\/iga\/wp-json\/wp\/v2\/media?parent=118"}],"wp:term":[{"taxonomy":"category","embeddable":true,"href":"https:\/\/semmelweis.hu\/iga\/wp-json\/wp\/v2\/categories?post=118"},{"taxonomy":"post_tag","embeddable":true,"href":"https:\/\/semmelweis.hu\/iga\/wp-json\/wp\/v2\/tags?post=118"}],"curies":[{"name":"wp","href":"https:\/\/api.w.org\/{rel}","templated":true}]}}