{"id":108520,"date":"2026-04-28T11:22:23","date_gmt":"2026-04-28T09:22:23","guid":{"rendered":"https:\/\/semmelweis.hu\/human\/?p=108520"},"modified":"2026-04-28T11:22:23","modified_gmt":"2026-04-28T09:22:23","slug":"adjunktus-gyogyszereszi-kemiai-intezet","status":"publish","type":"post","link":"https:\/\/semmelweis.hu\/human\/2026\/04\/28\/adjunktus-gyogyszereszi-kemiai-intezet\/","title":{"rendered":"adjunktus &#8211; Gy\u00f3gyszer\u00e9szi K\u00e9miai Int\u00e9zet"},"content":{"rendered":"<p style=\"text-align: right\">56176\/GYGYK\/2026<\/p>\n<p><img loading=\"lazy\" decoding=\"async\" class=\"aligncenter size-full wp-image-107103\" src=\"https:\/\/semmelweis.hu\/human\/files\/2025\/11\/proff1-01-scaled.jpg\" alt=\"\" width=\"2560\" height=\"1707\" srcset=\"https:\/\/semmelweis.hu\/human\/files\/2025\/11\/proff1-01-scaled.jpg 2560w, https:\/\/semmelweis.hu\/human\/files\/2025\/11\/proff1-01-400x267.jpg 400w, https:\/\/semmelweis.hu\/human\/files\/2025\/11\/proff1-01-1024x683.jpg 1024w, https:\/\/semmelweis.hu\/human\/files\/2025\/11\/proff1-01-768x512.jpg 768w, https:\/\/semmelweis.hu\/human\/files\/2025\/11\/proff1-01-1536x1024.jpg 1536w, https:\/\/semmelweis.hu\/human\/files\/2025\/11\/proff1-01-2048x1365.jpg 2048w, https:\/\/semmelweis.hu\/human\/files\/2025\/11\/proff1-01-753x502.jpg 753w, https:\/\/semmelweis.hu\/human\/files\/2025\/11\/proff1-01-203x135.jpg 203w\" sizes=\"auto, (max-width: 2560px) 100vw, 2560px\" \/><\/p>\n<p style=\"text-align: center\"><em>Innov\u00e1ci\u00f3, Kutat\u00e1s, Szak\u00e9rtelem \u2013 t\u00f6bb mint 250 \u00e9ve<\/em><\/p>\n<p style=\"text-align: justify\">A Semmelweis Egyetem Magyarorsz\u00e1g \u00e9s a k\u00f6z\u00e9p-eur\u00f3pai r\u00e9gi\u00f3 vezet\u0151 orvos- \u00e9s eg\u00e9szs\u00e9gtudom\u00e1nyi egyeteme, amely a <strong>Times Higher Education legfrissebb rangsora szerint a legjobb magyar \u00e9s kelet-k\u00f6z\u00e9p eur\u00f3pai fels\u0151oktat\u00e1si int\u00e9zm\u00e9ny.<\/strong> K\u00f6zel 13 000 elhivatott koll\u00e9g\u00e1nkkal k\u00f6z\u00f6sen azon dolgozunk, hogy tud\u00e1sunkkal \u00e9s innov\u00e1ci\u00f3inkkal Eur\u00f3pa \u00f6t legjobb gy\u00f3gy\u00edt\u00f3 szakegyeteme k\u00f6z\u00e9 emelkedj\u00fcnk. Csatlakozzon hozz\u00e1nk, \u00e9s legyen r\u00e9szese a gy\u00f3gy\u00edt\u00e1s, az oktat\u00e1s \u00e9s a kutat\u00e1s j\u00f6v\u0151j\u00e9nek! Az al\u00e1bbi poz\u00edci\u00f3ba keres\u00fcnk \u00faj munkat\u00e1rsat:<\/p>\n<p style=\"text-align: center\"><span style=\"color: #232f61\"><strong><span style=\"font-size: 24pt\">adjunktus<\/span><\/strong><\/span><\/p>\n<p style=\"text-align: center\"><strong><span style=\"color: #ff0000\"><span style=\"color: #232f61;font-size: 18pt\">Gy\u00f3gyszer\u00e9szi K\u00e9miai Int\u00e9zet<\/span><\/span><\/strong><\/p>\n<p><strong>Munkav\u00e9gz\u00e9s helye: <\/strong>1092 Budapest, H\u0151gyes E. u. 9.<\/p>\n<p><strong>Feladatok:\u00a0<\/strong><\/p>\n<ul>\n<li>r\u00e9szv\u00e9tel az oktat\u00e1sban, laborat\u00f3riumi gyakorlatok \u00e9s el\u0151ad\u00e1sok tart\u00e1sa<\/li>\n<li>oktat\u00e1si anyagok fejleszt\u00e9se \u00e9s rendszeres aktualiz\u00e1l\u00e1sa<\/li>\n<li>tudom\u00e1nyos kutat\u00e1si tev\u00e9kenys\u00e9g v\u00e9gz\u00e9se a gy\u00f3gyszer\u00e9szi k\u00e9mia kiemelt ter\u00fcletein (pl. gy\u00f3gyszerk\u00e9mia, analitikai k\u00e9mia, ADME modellez\u00e9s, kapcsol\u00f3d\u00f3 szakter\u00fcletek)<\/li>\n<li>tudom\u00e1nyos publik\u00e1ci\u00f3s tev\u00e9kenys\u00e9g folytat\u00e1sa<\/li>\n<li>t\u00e9szv\u00e9tel kutat\u00e1si p\u00e1ly\u00e1zatokban, p\u00e1ly\u00e1zat\u00edr\u00e1s \u00e9s kutat\u00e1smenedzsment<\/li>\n<li>t\u00e9mavezet\u00e9s BSc, MSc \u00e9s PhD hallgat\u00f3k sz\u00e1m\u00e1ra<\/li>\n<li>szakmai kapcsolattart\u00e1s hazai \u00e9s nemzetk\u00f6zi kutat\u00f3int\u00e9zetekkel, egyetemekkel<\/li>\n<li>k\u00f6zrem\u0171k\u00f6d\u00e9s int\u00e9zeti adminisztrat\u00edv feladatokban, tansz\u00e9ki \u00e9rtekezleteken \u00e9s bizotts\u00e1gok munk\u00e1j\u00e1ban<\/li>\n<li>r\u00e9szv\u00e9tel oktat\u00e1sszervez\u00e9si \u00e9s tantervfejleszt\u00e9si feladatokban<\/li>\n<li>rendszeres szakmai tov\u00e1bbk\u00e9pz\u00e9s, habilit\u00e1ci\u00f3s vagy MTA doktori program el\u0151k\u00e9sz\u00edt\u00e9se<\/li>\n<\/ul>\n<p><strong>Elv\u00e1r\u00e1sok:\u00a0<\/strong><\/p>\n<ul>\n<li>mesterfokozat, doktori (PhD) v\u00e9gzetts\u00e9g az al\u00e1bbi ter\u00fcletek egyik\u00e9n: gy\u00f3gyszer\u00e9sz, vegy\u00e9sz, vegy\u00e9szm\u00e9rn\u00f6k, biom\u00e9rn\u00f6k, term\u00e9szettudom\u00e1nyi (TTK) k\u00e9mia szak<\/li>\n<li>minimum 2 \u00e9v szakmai gyakorlat<\/li>\n<li>legal\u00e1bb egy idegennyelv akt\u00edv ismerete<\/li>\n<li>dokument\u00e1lt tudom\u00e1nyos munk\u00e1ss\u00e1g<\/li>\n<li>elm\u00e9leti int\u00e9zeti kinevez\u00e9s eset\u00e9n rangos hazai \u00e9s nemzetk\u00f6zi foly\u00f3iratokban megjelent els\u0151 szerz\u0151s k\u00f6zlem\u00e9nyek, valamint nemzetk\u00f6zi kongresszusokon tartott el\u0151ad\u00e1sok<\/li>\n<li>egyetemi oktat\u00f3i tapasztalat<\/li>\n<li>felhaszn\u00e1l\u00f3i szint\u0171 sz\u00e1m\u00edt\u00f3g\u00e9pes ismeretek, kiemelten digit\u00e1lis oktat\u00e1st\u00e1mogat\u00f3 rendszerek (MS Teams, Neptun, Moodle)<\/li>\n<li>nagyfok\u00fa precizit\u00e1s, megb\u00edzhat\u00f3s\u00e1g<\/li>\n<li>kiv\u00e1l\u00f3 prezent\u00e1ci\u00f3s \u00e9s kommunik\u00e1ci\u00f3s k\u00e9szs\u00e9g<\/li>\n<li>egy\u00fcttm\u0171k\u00f6d\u00e9si k\u00e9szs\u00e9g, proakt\u00edv r\u00e9szv\u00e9tel az int\u00e9zeti csapatmunk\u00e1ban<\/li>\n<li>nyitotts\u00e1g azoktat\u00e1s- \u00e9s kutat\u00e1sm\u00f3dszertani innov\u00e1ci\u00f3kra<\/li>\n<li>elhivatotts\u00e1g a tudom\u00e1nyos fejl\u0151d\u00e9s \u00e9s a hallgat\u00f3k t\u00e1mogat\u00e1sa ir\u00e1nt<\/li>\n<\/ul>\n<p><strong>El\u0151nyt jelent:\u00a0<\/strong><\/p>\n<ul>\n<li>gy\u00f3gyszer\u00e9sz v\u00e9gzetts\u00e9g<\/li>\n<li>p\u00e1ly\u00e1zati tev\u00e9kenys\u00e9gben val\u00f3 r\u00e9szv\u00e9tel<\/li>\n<li>oktat\u00f3i\/ kutat\u00f3i tapasztalat<\/li>\n<li>ipari tapasztalat (GMP k\u00f6rnyezetben val\u00f3 munkav\u00e9gz\u00e9s)<\/li>\n<li>tov\u00e1bbi nyelvismeret<\/li>\n<\/ul>\n<p><strong>Amit k\u00edn\u00e1lunk:<\/strong><\/p>\n<ul>\n<li>teljes munkaid\u0151s, hat\u00e1rozatlan idej\u0171 foglalkoztat\u00e1s, 3 h\u00f3nap pr\u00f3baid\u0151vel<\/li>\n<li>SZ\u00c9P k\u00e1rtya juttat\u00e1s: 240.000 Ft\/\u00e9v<\/li>\n<li>All You Can Move k\u00e1rtya szerz\u0151d\u00e9sk\u00f6t\u00e9si lehet\u0151s\u00e9g<\/li>\n<li>stabil munkahely az egyik legnagyobb hazai munk\u00e1ltat\u00f3n\u00e1l<\/li>\n<li>szakmai fejl\u0151d\u00e9si lehet\u0151s\u00e9g<\/li>\n<\/ul>\n<p><a href=\"https:\/\/semmelweis.hu\/csaladbarat\/\"><strong>Csal\u00e1dbar\u00e1t munkahely<\/strong><\/a><strong> vagyunk: <\/strong><\/p>\n<ul>\n<li>csal\u00e1dt\u00e1mogat\u00e1s: kedvezm\u00e9nyes ny\u00e1ri t\u00e1borok, gyermekfel\u00fcgyelet tan\u00edt\u00e1si sz\u00fcnetekben, \u00f3vodai \u00e9s b\u00f6lcs\u0151dei f\u00e9r\u0151helyek, valamint iskolakezd\u00e9si t\u00e1mogat\u00e1s<\/li>\n<li>csal\u00e1di \u00e9s sportnapok: k\u00f6z\u00f6ss\u00e9gi esem\u00e9nyek, ahol a csal\u00e1d minden tagja j\u00f3l \u00e9rezheti mag\u00e1t<\/li>\n<li>jogseg\u00e9ly szolg\u00e1lat \u00e9s szoci\u00e1lis kr\u00edzisalap biztos\u00edt\u00e1sa<\/li>\n<li>kedvezm\u00e9nyes banksz\u00e1mlavezet\u00e9s: p\u00e9nz\u00fcgyi el\u0151ny\u00f6k munkat\u00e1rsainknak<\/li>\n<li>h\u00e1ziorvosi rendel\u00e9s munkat\u00e1rsak sz\u00e1m\u00e1ra<\/li>\n<li>prevenci\u00f3s szakrendel\u0151: ingyenes sz\u0171r\u0151programok (fog\u00e1szat, hall\u00e1svizsg\u00e1lat, b\u0151rr\u00e1ksz\u0171r\u00e9s stb.)<\/li>\n<li>ment\u00e1lis eg\u00e9szs\u00e9g t\u00e1mogat\u00e1sa: pszichol\u00f3giai tan\u00e1csad\u00e1s:<\/li>\n<li>kedvezm\u00e9nyek Semmelweis K\u00e1rty\u00e1val<\/li>\n<\/ul>\n<p><strong>A p\u00e1ly\u00e1zat r\u00e9szek\u00e9nt beny\u00fajtand\u00f3 iratok, igazol\u00e1sok:<\/strong><\/p>\n<ul>\n<li>\u00f6n\u00e9letrajz<\/li>\n<li>v\u00e9gzetts\u00e9g \/ k\u00e9pzetts\u00e9g m\u00e1solata<\/li>\n<li>nyilatkozat a p\u00e1ly\u00e1z\u00f3 hozz\u00e1j\u00e1rul\u00e1s\u00e1r\u00f3l, hogy p\u00e1ly\u00e1zati anyag\u00e1t az Egyetem Szervezeti \u00e9s M\u0171k\u00f6d\u00e9si Szab\u00e1lyzat\u00e1ban r\u00f6gz\u00edtett bizotts\u00e1gok \u00e9s test\u00fcletek megismerj\u00e9k (a nyilatkozat\u00a0<a href=\"https:\/\/semmelweis.hu\/human\/files\/2023\/06\/SE-Adatkezelesi-Nyilatkozat.docx\" target=\"_blank\" rel=\"noopener noreferrer\">erre a linkre<\/a>\u00a0kattintva let\u00f6lthet\u0151)<\/li>\n<\/ul>\n<div class=\"keretes w-100\">\n<p style=\"text-align: center\">A jelentkez\u00e9s\u00e9t a\u00a0<a href=\"mailto:palyazat.human@semmelweis.hu\"><strong>palyazat.human@semmelweis.hu<\/strong><\/a> c\u00edmre v\u00e1rjuk hivatkoz\u00e1si sz\u00e1m megjel\u00f6l\u00e9s\u00e9vel: <strong>56176\/GYGYK<\/strong><span style=\"color: #ff0000\"><span style=\"color: #000000\"><strong>\/2026.<\/strong><\/span><\/span><\/p>\n<p style=\"text-align: center\"><strong><em>Legyen \u00d6n is Semmelweis Polg\u00e1r!<\/em><\/strong><\/p>\n<\/div>\n","protected":false},"excerpt":{"rendered":"<p>56176\/GYGYK\/2026 Innov\u00e1ci\u00f3, Kutat\u00e1s, Szak\u00e9rtelem \u2013 t\u00f6bb mint 250 \u00e9ve A Semmelweis Egyetem Magyarorsz\u00e1g \u00e9s a k\u00f6z\u00e9p-eur\u00f3pai r\u00e9gi\u00f3 vezet\u0151 orvos- \u00e9s eg\u00e9szs\u00e9gtudom\u00e1nyi egyeteme, amely a Times Higher Education legfrissebb rangsora szerint a legjobb magyar \u00e9s kelet-k\u00f6z\u00e9p eur\u00f3pai fels\u0151oktat\u00e1si int\u00e9zm\u00e9ny. K\u00f6zel 13 000 elhivatott koll\u00e9g\u00e1nkkal k\u00f6z\u00f6sen azon dolgozunk, hogy tud\u00e1sunkkal \u00e9s innov\u00e1ci\u00f3inkkal Eur\u00f3pa \u00f6t legjobb gy\u00f3gy\u00edt\u00f3 szakegyeteme &hellip;<\/p>\n","protected":false},"author":102390,"featured_media":0,"comment_status":"closed","ping_status":"closed","sticky":false,"template":"","format":"standard","meta":{"_acf_changed":false,"footnotes":""},"categories":[10,12],"tags":[],"class_list":["post-108520","post","type-post","status-publish","format-standard","hentry","category-karrier","category-oktato-kutato"],"acf":[],"publishpress_future_action":{"enabled":true,"date":"2026-06-15 23:59:00","action":"category","terms":[194,197],"taxonomy":"category","browser_timezone_offset":0},"_links":{"self":[{"href":"https:\/\/semmelweis.hu\/human\/wp-json\/wp\/v2\/posts\/108520","targetHints":{"allow":["GET"]}}],"collection":[{"href":"https:\/\/semmelweis.hu\/human\/wp-json\/wp\/v2\/posts"}],"about":[{"href":"https:\/\/semmelweis.hu\/human\/wp-json\/wp\/v2\/types\/post"}],"author":[{"embeddable":true,"href":"https:\/\/semmelweis.hu\/human\/wp-json\/wp\/v2\/users\/102390"}],"replies":[{"embeddable":true,"href":"https:\/\/semmelweis.hu\/human\/wp-json\/wp\/v2\/comments?post=108520"}],"version-history":[{"count":1,"href":"https:\/\/semmelweis.hu\/human\/wp-json\/wp\/v2\/posts\/108520\/revisions"}],"predecessor-version":[{"id":108522,"href":"https:\/\/semmelweis.hu\/human\/wp-json\/wp\/v2\/posts\/108520\/revisions\/108522"}],"wp:attachment":[{"href":"https:\/\/semmelweis.hu\/human\/wp-json\/wp\/v2\/media?parent=108520"}],"wp:term":[{"taxonomy":"category","embeddable":true,"href":"https:\/\/semmelweis.hu\/human\/wp-json\/wp\/v2\/categories?post=108520"},{"taxonomy":"post_tag","embeddable":true,"href":"https:\/\/semmelweis.hu\/human\/wp-json\/wp\/v2\/tags?post=108520"}],"curies":[{"name":"wp","href":"https:\/\/api.w.org\/{rel}","templated":true}]}}