{"id":108499,"date":"2026-04-27T00:01:33","date_gmt":"2026-04-26T22:01:33","guid":{"rendered":"https:\/\/semmelweis.hu\/human\/?p=108499"},"modified":"2026-04-24T13:30:16","modified_gmt":"2026-04-24T11:30:16","slug":"anatomiai-szovet-es-fejlodestani-intezet-tudomanyos-tanacsado-beadasi-hatarido-2026-05-11","status":"publish","type":"post","link":"https:\/\/semmelweis.hu\/human\/2026\/04\/27\/anatomiai-szovet-es-fejlodestani-intezet-tudomanyos-tanacsado-beadasi-hatarido-2026-05-11\/","title":{"rendered":"Anat\u00f3miai, Sz\u00f6vet- \u00e9s Fejl\u0151d\u00e9stani Int\u00e9zet: tudom\u00e1nyos tan\u00e1csad\u00f3. Bead\u00e1si hat\u00e1rid\u0151: 2026.05.11."},"content":{"rendered":"<p>A dokumentum pdf-form\u00e1tumban <a href=\"https:\/\/semmelweis.hu\/human\/files\/2026\/04\/Anatomiai-Szovet-es-Fejlodestani-Intezet.pdf\" target=\"_blank\" rel=\"noopener noreferrer\">erre a linkre<\/a> kattintva let\u00f6lthet\u0151.<embed src=\"https:\/\/semmelweis.hu\/human\/files\/2026\/04\/Anatomiai-Szovet-es-Fejlodestani-Intezet.pdf\" width=\"670\" height=\"800\"><\/embed><\/p>\n","protected":false},"excerpt":{"rendered":"<p>A dokumentum pdf-form\u00e1tumban <a href=\"https:\/\/semmelweis.hu\/human\/files\/2026\/04\/Anatomiai-Szovet-es-Fejlodestani-Intezet.pdf\" target=\"_blank\" rel=\"noopener noreferrer\">erre a linkre<\/a> kattintva let\u00f6lthet\u0151.<\/p>\n","protected":false},"author":101667,"featured_media":0,"comment_status":"closed","ping_status":"closed","sticky":false,"template":"","format":"standard","meta":{"_acf_changed":false,"footnotes":""},"categories":[12],"tags":[],"class_list":["post-108499","post","type-post","status-publish","format-standard","hentry","category-oktato-kutato"],"acf":[],"publishpress_future_action":{"enabled":true,"date":"2026-05-12 00:01:00","action":"category","terms":[194,197],"taxonomy":"category","browser_timezone_offset":0},"_links":{"self":[{"href":"https:\/\/semmelweis.hu\/human\/wp-json\/wp\/v2\/posts\/108499","targetHints":{"allow":["GET"]}}],"collection":[{"href":"https:\/\/semmelweis.hu\/human\/wp-json\/wp\/v2\/posts"}],"about":[{"href":"https:\/\/semmelweis.hu\/human\/wp-json\/wp\/v2\/types\/post"}],"author":[{"embeddable":true,"href":"https:\/\/semmelweis.hu\/human\/wp-json\/wp\/v2\/users\/101667"}],"replies":[{"embeddable":true,"href":"https:\/\/semmelweis.hu\/human\/wp-json\/wp\/v2\/comments?post=108499"}],"version-history":[{"count":2,"href":"https:\/\/semmelweis.hu\/human\/wp-json\/wp\/v2\/posts\/108499\/revisions"}],"predecessor-version":[{"id":108502,"href":"https:\/\/semmelweis.hu\/human\/wp-json\/wp\/v2\/posts\/108499\/revisions\/108502"}],"wp:attachment":[{"href":"https:\/\/semmelweis.hu\/human\/wp-json\/wp\/v2\/media?parent=108499"}],"wp:term":[{"taxonomy":"category","embeddable":true,"href":"https:\/\/semmelweis.hu\/human\/wp-json\/wp\/v2\/categories?post=108499"},{"taxonomy":"post_tag","embeddable":true,"href":"https:\/\/semmelweis.hu\/human\/wp-json\/wp\/v2\/tags?post=108499"}],"curies":[{"name":"wp","href":"https:\/\/api.w.org\/{rel}","templated":true}]}}