{"id":101604,"date":"2024-02-21T17:13:21","date_gmt":"2024-02-21T16:13:21","guid":{"rendered":"https:\/\/semmelweis.hu\/human\/?p=101604"},"modified":"2024-02-21T17:26:46","modified_gmt":"2024-02-21T16:26:46","slug":"tajekoztato-a-professor-emeritus-cim-adomanyozasara-vonatkozo-javaslatteteli-eljarasrol-5","status":"publish","type":"post","link":"https:\/\/semmelweis.hu\/human\/2024\/02\/21\/tajekoztato-a-professor-emeritus-cim-adomanyozasara-vonatkozo-javaslatteteli-eljarasrol-5\/","title":{"rendered":"T\u00e1j\u00e9koztat\u00f3 a Professor Emeritus c\u00edm adom\u00e1nyoz\u00e1s\u00e1ra vonatkoz\u00f3 javaslatt\u00e9teli elj\u00e1r\u00e1sr\u00f3l"},"content":{"rendered":"<p style=\"text-align: justify\">A fels\u0151oktat\u00e1sr\u00f3l sz\u00f3l\u00f3 2011. \u00e9vi CCIV. t\u00f6rv\u00e9ny 32. \u00a7 (1) bekezd\u00e9se, valamint a Semmelweis Egyetem Szervezeti \u00e9s M\u0171k\u00f6d\u00e9si Szab\u00e1lyzat\u00e1ban foglaltak alapj\u00e1n a Szen\u00e1tus Professor Emeritus vagy Professor Emerita (a tov\u00e1bbiakban egy\u00fctt: Professor Emeritus) c\u00edmet adom\u00e1nyozhat annak a szem\u00e9lynek, aki f\u0151iskolai vagy egyetemi tan\u00e1ri c\u00edmmel rendelkezik, \u00e9s nyugd\u00edjaz\u00e1s\u00e1ra tekintettel foglalkoztat\u00e1s\u00e1t megsz\u00fcntetik.<\/p>\n<p style=\"text-align: justify\">Az idei \u00e9vben Professor Emeritus c\u00edmre vonatkoz\u00f3 el\u0151terjeszt\u00e9st olyan szem\u00e9lyre lehet beny\u00fajtani, aki a hetvenedik \u00e9let\u00e9v\u00e9t 2024. j\u00falius 1-je \u00e9s 2025. j\u00fanius 30-a k\u00f6z\u00f6tti id\u0151szakban t\u00f6lti be, \u00e9s erre tekintettel oktat\u00f3i jogviszony\u00e1t legk\u00e9s\u0151bb a hetvenedik \u00e9let\u00e9v\u00e9nek bet\u00f6lt\u00e9sekor megsz\u00fcntetik. Az SZMSZ II.4. r\u00e9sz 13. \u00a7 (3) bekezd\u00e9se \u00e9rtelm\u00e9ben olyan szem\u00e9lyre is be lehet ny\u00fajtani javaslatot, aki a hetvenedik \u00e9let\u00e9v\u00e9t a fenti id\u0151szakot megel\u0151z\u0151en t\u00f6lt\u00f6tte be.<\/p>\n<p style=\"text-align: justify\">A javaslatot valamennyi felterjeszt\u00e9s eset\u00e9n az Emberier\u0151forr\u00e1s-gazd\u00e1lkod\u00e1si F\u0151igazgat\u00f3s\u00e1g honlapj\u00e1n k\u00f6zz\u00e9tett \u0171rlap kit\u00f6lt\u00e9s\u00e9vel, szakmai indokol\u00e1st is felt\u00fcntetve, a titkarsag.human@semmelweis.hu e-mail c\u00edmre k\u00e9rj\u00fck legk\u00e9s\u0151bb<\/p>\n<p style=\"text-align: center\"><strong><span style=\"color: #ff0000\">2024. febru\u00e1r 28. napj\u00e1ig<\/span> <\/strong><\/p>\n<p style=\"text-align: justify\">beny\u00fajtani.<\/p>\n<ul>\n<li><a href=\"https:\/\/semmelweis.hu\/human\/files\/2024\/02\/Professor-Emeritus-tajekoztato-2024_2025_tervezet_20240221.pdf\">T\u00e1j\u00e9koztat\u00f3<\/a><\/li>\n<\/ul>\n<p>Mell\u00e9kletek<\/p>\n<ul>\n<li><a href=\"https:\/\/semmelweis.hu\/human\/files\/2024\/02\/urlap-juttatassal-jaro-prof-em-cimhez_2024-masolata.xlsx\">javaslati \u0171rlap<\/a> (juttat\u00e1ssal j\u00e1r\u00f3 c\u00edm adom\u00e1nyoz\u00e1s\u00e1hoz)<\/li>\n<li><a href=\"https:\/\/semmelweis.hu\/human\/files\/2024\/02\/urlap-juttatassal-nem-jaro-prof-em-cimhez_2024-masolata.xlsx\">javaslati \u0171rlap<\/a> (juttat\u00e1ssal nem j\u00e1r\u00f3 c\u00edm adom\u00e1nyoz\u00e1s\u00e1hoz)<\/li>\n<li><a href=\"https:\/\/semmelweis.hu\/human\/files\/2024\/02\/kerdoiv_professor_emeritus_cim_odaitelesenek_szempontjaihoz_2024.docx\">k\u00e9rd\u0151\u00edv professor emeritus c\u00edm adom\u00e1nyoz\u00e1s\u00e1nak szempontjaihoz<\/a><\/li>\n<\/ul>\n","protected":false},"excerpt":{"rendered":"<p>Beny\u00fajt\u00e1si hat\u00e1rid\u0151: 2024. febru\u00e1r 28. napj\u00e1ig<\/p>\n","protected":false},"author":342,"featured_media":0,"comment_status":"closed","ping_status":"closed","sticky":false,"template":"","format":"standard","meta":{"_acf_changed":false,"footnotes":""},"categories":[206,1],"tags":[],"class_list":["post-101604","post","type-post","status-publish","format-standard","hentry","category-egfi","category-humanhirek"],"acf":[],"publishpress_future_action":{"enabled":false,"date":"1970-01-01 01:00:00","action":"","terms":[],"taxonomy":"","browser_timezone_offset":0},"_links":{"self":[{"href":"https:\/\/semmelweis.hu\/human\/wp-json\/wp\/v2\/posts\/101604","targetHints":{"allow":["GET"]}}],"collection":[{"href":"https:\/\/semmelweis.hu\/human\/wp-json\/wp\/v2\/posts"}],"about":[{"href":"https:\/\/semmelweis.hu\/human\/wp-json\/wp\/v2\/types\/post"}],"author":[{"embeddable":true,"href":"https:\/\/semmelweis.hu\/human\/wp-json\/wp\/v2\/users\/342"}],"replies":[{"embeddable":true,"href":"https:\/\/semmelweis.hu\/human\/wp-json\/wp\/v2\/comments?post=101604"}],"version-history":[{"count":2,"href":"https:\/\/semmelweis.hu\/human\/wp-json\/wp\/v2\/posts\/101604\/revisions"}],"predecessor-version":[{"id":101610,"href":"https:\/\/semmelweis.hu\/human\/wp-json\/wp\/v2\/posts\/101604\/revisions\/101610"}],"wp:attachment":[{"href":"https:\/\/semmelweis.hu\/human\/wp-json\/wp\/v2\/media?parent=101604"}],"wp:term":[{"taxonomy":"category","embeddable":true,"href":"https:\/\/semmelweis.hu\/human\/wp-json\/wp\/v2\/categories?post=101604"},{"taxonomy":"post_tag","embeddable":true,"href":"https:\/\/semmelweis.hu\/human\/wp-json\/wp\/v2\/tags?post=101604"}],"curies":[{"name":"wp","href":"https:\/\/api.w.org\/{rel}","templated":true}]}}