{"id":9604,"date":"2020-07-30T11:24:33","date_gmt":"2020-07-30T09:24:33","guid":{"rendered":"https:\/\/semmelweis.hu\/hok\/?p=9604"},"modified":"2020-07-30T11:24:33","modified_gmt":"2020-07-30T09:24:33","slug":"uj-hallgatoi-terekrol-szuletett-megallapodas","status":"publish","type":"post","link":"https:\/\/semmelweis.hu\/hok\/2020\/07\/30\/uj-hallgatoi-terekrol-szuletett-megallapodas\/","title":{"rendered":"\u00daj hallgat\u00f3i terekr\u0151l sz\u00fcletett meg\u00e1llapod\u00e1s"},"content":{"rendered":"<p>D\u00f6nt\u00e9s sz\u00fcletett t\u00f6bbek k\u00f6z\u00f6tt a Hallgat\u00f3i \u00d6nkorm\u00e1nyzat v\u00e9lem\u00e9nyez\u00e9s\u00e9t \u00e9s j\u00f3v\u00e1hagy\u00e1s\u00e1t k\u00f6vet\u0151en Nagyv\u00e1rad t\u00e9ri Elm\u00e9leti T\u00f6mb (NET) \u00e9s az Anat\u00f3mia Int\u00e9zet \u00e1talak\u00edt\u00e1s\u00e1r\u00f3l. Az \u00fcgyben Tripolszky B\u00e1lint eln\u00f6k j\u00e1rt el Bodn\u00e1r Alexszel, L\u00e9tes\u00edtm\u00e9nyfejleszt\u00e9si \u00e9s \u00fczemeltet\u00e9si igazgat\u00f3val, tolm\u00e1csolva az ig\u00e9nyeket, melyek megval\u00f3sul\u00e1sa szeptemberre v\u00e1rhat\u00f3!<\/p>\n<p style=\"text-align: center\">\n<!-- iframe plugin v.4.9 wordpress.org\/plugins\/iframe\/ -->\n<iframe loading=\"lazy\" src=\"https:\/\/drive.google.com\/file\/d\/1LDIYLsG1NTLDXof9A-YvxWMLusSth__N\/preview\" width=\"640\" height=\"480\" scrolling=\"yes\" class=\"iframe-class\" frameborder=\"0\"><\/iframe>\n<\/p>\n<p>Terveink szerint a NET-ben, a Tan\u00e1csterem feletti gal\u00e9ri\u00e1n k\u00e9nyelmes \u00fcl\u0151b\u00fatorok lesznek, ahol tanulni, laz\u00edtani lesz lehet\u0151s\u00e9getek. Az Alumni Iroda fel\u00f6li folyos\u00f3 is fel lesz \u00faj\u00edtva, \u00e9s \u00faj b\u00fatorokkal, illetve \u00faj t\u00e1rol\u00f3val lesz ell\u00e1tva. Ezzel r\u00e9gi ad\u00f3ss\u00e1g\u00e1t t\u00f6rleszti az \u00e9p\u00fclet a hallgat\u00f3k fel\u00e9. Emellett az Anat\u00f3mia Int\u00e9zetn\u00e9l l\u00e9v\u0151 parkol\u00f3k t\u00f6bbs\u00e9ge megsz\u0171nik, \u00e9s a hely\u00fckre k\u00e9nyelmes okospadok ker\u00fclnek, a kert kib\u0151v\u00edt\u00e9s\u00e9t k\u00f6vet\u0151en pedig egy \u00e1lland\u00f3 pavilon \u00e9p\u00fcl, ahol megpihenhettek a gyakorlatok \u00e9s el\u0151ad\u00e1sok k\u00f6z\u00f6tt.<\/p>\n<p>Ezenk\u00edv\u00fcl B\u00e1lint a tegnapi napon egyeztettet az EOK melletti mag\u00e1nkoll\u00e9gium, a Dean&#8217;s college (r\u00e9gebben Milestone) tulajdonos\u00e1val. A megbesz\u00e9l\u00e9s eredm\u00e9nyek\u00e9pp szeptembert\u0151l az \u00e9p\u00fclet f\u00f6ldszinti aul\u00e1ja, \u2013 benne csocs\u00f3val, billi\u00e1rddal, l\u00e9ghokival \u2013 valamint egy 100 n\u00e9gyzetm\u00e9teres olvas\u00f3szoba is b\u00e9rmentve haszn\u00e1lhat\u00f3 lesz az \u00f6sszes Semmelweis hallgat\u00f3 sz\u00e1m\u00e1ra. K\u00fcl\u00f6nf\u00e9le rendezv\u00e9nyekhez pedig a 150 f\u00e9r\u0151helyes tet\u0151teraszt is haszn\u00e1lhatjuk majd, amely k\u00e1pr\u00e1zatos kil\u00e1t\u00e1s\u00e1val rem\u00e9nyeink szerint csod\u00e1s hangulatot fog biztos\u00edtani a j\u00f6v\u0151beni programokhoz. Legyetek r\u00e9sen, hamarosan \u00e9rkez\u00fcnk az els\u0151 rooftop esem\u00e9nnyel!<\/p>\n<p style=\"text-align: center\">\n<!-- iframe plugin v.4.9 wordpress.org\/plugins\/iframe\/ -->\n<iframe loading=\"lazy\" src=\"https:\/\/drive.google.com\/file\/d\/1fQsyRmzyWOa73bhPYJK9vGS40qPyY7wK\/preview\" width=\"640\" height=\"480\" scrolling=\"yes\" class=\"iframe-class\" frameborder=\"0\"><\/iframe>\n<\/p>\n","protected":false},"excerpt":{"rendered":"<p>D\u00f6nt\u00e9s sz\u00fcletett t\u00f6bbek k\u00f6z\u00f6tt a Hallgat\u00f3i \u00d6nkorm\u00e1nyzat v\u00e9lem\u00e9nyez\u00e9s\u00e9t \u00e9s j\u00f3v\u00e1hagy\u00e1s\u00e1t k\u00f6vet\u0151en Nagyv\u00e1rad t\u00e9ri Elm\u00e9leti T\u00f6mb (NET) \u00e9s az Anat\u00f3mia Int\u00e9zet \u00e1talak\u00edt\u00e1s\u00e1r\u00f3l. Az \u00fcgyben Tripolszky B\u00e1lint eln\u00f6k j\u00e1rt el Bodn\u00e1r Alexszel, L\u00e9tes\u00edtm\u00e9nyfejleszt\u00e9si \u00e9s \u00fczemeltet\u00e9si igazgat\u00f3val, tolm\u00e1csolva az ig\u00e9nyeket, melyek megval\u00f3sul\u00e1sa szeptemberre v\u00e1rhat\u00f3! Terveink szerint a NET-ben, a Tan\u00e1csterem feletti gal\u00e9ri\u00e1n k\u00e9nyelmes \u00fcl\u0151b\u00fatorok lesznek, ahol tanulni, laz\u00edtani &hellip;<\/p>\n","protected":false},"author":101512,"featured_media":9605,"comment_status":"closed","ping_status":"closed","sticky":false,"template":"","format":"standard","meta":{"_acf_changed":false,"footnotes":""},"categories":[5],"tags":[211],"class_list":["post-9604","post","type-post","status-publish","format-standard","has-post-thumbnail","hentry","category-hirek","tag-fejlodes"],"acf":[],"publishpress_future_action":{"enabled":false,"date":"1970-01-01 01:00:00","action":"","terms":[],"taxonomy":"","browser_timezone_offset":0},"_links":{"self":[{"href":"https:\/\/semmelweis.hu\/hok\/wp-json\/wp\/v2\/posts\/9604","targetHints":{"allow":["GET"]}}],"collection":[{"href":"https:\/\/semmelweis.hu\/hok\/wp-json\/wp\/v2\/posts"}],"about":[{"href":"https:\/\/semmelweis.hu\/hok\/wp-json\/wp\/v2\/types\/post"}],"author":[{"embeddable":true,"href":"https:\/\/semmelweis.hu\/hok\/wp-json\/wp\/v2\/users\/101512"}],"replies":[{"embeddable":true,"href":"https:\/\/semmelweis.hu\/hok\/wp-json\/wp\/v2\/comments?post=9604"}],"version-history":[{"count":1,"href":"https:\/\/semmelweis.hu\/hok\/wp-json\/wp\/v2\/posts\/9604\/revisions"}],"predecessor-version":[{"id":9606,"href":"https:\/\/semmelweis.hu\/hok\/wp-json\/wp\/v2\/posts\/9604\/revisions\/9606"}],"wp:featuredmedia":[{"embeddable":true,"href":"https:\/\/semmelweis.hu\/hok\/wp-json\/wp\/v2\/media\/9605"}],"wp:attachment":[{"href":"https:\/\/semmelweis.hu\/hok\/wp-json\/wp\/v2\/media?parent=9604"}],"wp:term":[{"taxonomy":"category","embeddable":true,"href":"https:\/\/semmelweis.hu\/hok\/wp-json\/wp\/v2\/categories?post=9604"},{"taxonomy":"post_tag","embeddable":true,"href":"https:\/\/semmelweis.hu\/hok\/wp-json\/wp\/v2\/tags?post=9604"}],"curies":[{"name":"wp","href":"https:\/\/api.w.org\/{rel}","templated":true}]}}