{"id":9531,"date":"2020-07-27T22:24:23","date_gmt":"2020-07-27T20:24:23","guid":{"rendered":"https:\/\/semmelweis.hu\/hok\/?p=9531"},"modified":"2020-07-28T13:53:56","modified_gmt":"2020-07-28T11:53:56","slug":"elnoksegi-ules-2020-07-27","status":"publish","type":"post","link":"https:\/\/semmelweis.hu\/hok\/2020\/07\/27\/elnoksegi-ules-2020-07-27\/","title":{"rendered":"Tartalmasan telt az \u00faj eln\u00f6ks\u00e9g els\u0151 \u00fcl\u00e9se"},"content":{"rendered":"<p>Megtartotta els\u0151 eln\u00f6ks\u00e9gi \u00fcl\u00e9s\u00e9t az eln\u00f6kv\u00e1laszt\u00e1s \u00f3ta a Semmelweis Egyetem Hallgat\u00f3i \u00d6nkorm\u00e1nyzata 2020. j\u00falius 27-\u00e9n 18.00-\u00e1s kezd\u00e9ssel.<\/p>\n<figure id=\"attachment_9533\" aria-describedby=\"caption-attachment-9533\" style=\"width: 653px\" class=\"wp-caption aligncenter\"><a href=\"https:\/\/semmelweis.hu\/hok\/files\/2020\/07\/2-scaled.jpg\"><img loading=\"lazy\" decoding=\"async\" class=\"wp-image-9533\" src=\"https:\/\/semmelweis.hu\/hok\/files\/2020\/07\/2-300x200.jpg\" alt=\"\" width=\"653\" height=\"435\" srcset=\"https:\/\/semmelweis.hu\/hok\/files\/2020\/07\/2-300x200.jpg 300w, https:\/\/semmelweis.hu\/hok\/files\/2020\/07\/2-1024x683.jpg 1024w, https:\/\/semmelweis.hu\/hok\/files\/2020\/07\/2-768x512.jpg 768w, https:\/\/semmelweis.hu\/hok\/files\/2020\/07\/2-1536x1024.jpg 1536w, https:\/\/semmelweis.hu\/hok\/files\/2020\/07\/2-2048x1365.jpg 2048w, https:\/\/semmelweis.hu\/hok\/files\/2020\/07\/2-753x502.jpg 753w, https:\/\/semmelweis.hu\/hok\/files\/2020\/07\/2-203x135.jpg 203w\" sizes=\"auto, (max-width: 653px) 100vw, 653px\" \/><\/a><figcaption id=\"caption-attachment-9533\" class=\"wp-caption-text\">Az Eln\u00f6ks\u00e9g<\/figcaption><\/figure>\n<p>Els\u0151 napirendi pontk\u00e9nt az eln\u00f6k, Tripolszky B\u00e1lint besz\u00e1molt a legfontosabb v\u00e1ltoz\u00e1sokr\u00f3l, esem\u00e9nyekr\u0151l melyek az elk\u00f6vetkezend\u0151 hetekben v\u00e1rhat\u00f3ak, tov\u00e1bb\u00e1, hogy milyen form\u00e1ban k\u00edv\u00e1nja fejleszteni a szervezet \u00e1tl\u00e1that\u00f3s\u00e1g\u00e1t.<\/p>\n<p>Ezt k\u00f6vet\u0151en Tolvaj M\u00e1t\u00e9, Bels\u0151 igazgat\u00e1s\u00e9rt felel\u0151s aleln\u00f6k hangs\u00falyozta a koh\u00e9zi\u00f3 fontoss\u00e1g\u00e1t. Ennek fejleszt\u00e9se c\u00e9lj\u00e1b\u00f3l csapat\u00e9p\u00edt\u0151 programok ker\u00fclnek megszervez\u00e9sre a j\u00f6v\u0151ben.<\/p>\n<p>Harmadik napirendi pontban Papp Zsombor, Oktat\u00e1s\u00e9rt felel\u0151s aleln\u00f6k besz\u00e9lt terveir\u0151l a k\u00f6vetkez\u0151 id\u0151szakra n\u00e9zve, tov\u00e1bb\u00e1 az egyetemen elindult digitaliz\u00e1ci\u00f3s folyamatok integr\u00e1l\u00e1s\u00e1r\u00f3l \u00e9s az oktat\u00e1si \u00fcgyek kommunik\u00e1ci\u00f3j\u00e1nak fontoss\u00e1g\u00e1r\u00f3l is sz\u00f3t ejtett.<\/p>\n<figure id=\"attachment_9532\" aria-describedby=\"caption-attachment-9532\" style=\"width: 639px\" class=\"wp-caption aligncenter\"><img loading=\"lazy\" decoding=\"async\" class=\"wp-image-9532\" src=\"https:\/\/semmelweis.hu\/hok\/files\/2020\/07\/1-300x200.jpg\" alt=\"\" width=\"639\" height=\"426\" srcset=\"https:\/\/semmelweis.hu\/hok\/files\/2020\/07\/1-300x200.jpg 300w, https:\/\/semmelweis.hu\/hok\/files\/2020\/07\/1-1024x683.jpg 1024w, https:\/\/semmelweis.hu\/hok\/files\/2020\/07\/1-768x512.jpg 768w, https:\/\/semmelweis.hu\/hok\/files\/2020\/07\/1-1536x1024.jpg 1536w, https:\/\/semmelweis.hu\/hok\/files\/2020\/07\/1-2048x1365.jpg 2048w, https:\/\/semmelweis.hu\/hok\/files\/2020\/07\/1-753x502.jpg 753w, https:\/\/semmelweis.hu\/hok\/files\/2020\/07\/1-203x135.jpg 203w\" sizes=\"auto, (max-width: 639px) 100vw, 639px\" \/><figcaption id=\"caption-attachment-9532\" class=\"wp-caption-text\">Kapai \u00c1d\u00e1m ismerteti a soron k\u00f6vetkez\u0151 rendezv\u00e9nyeket<\/figcaption><\/figure>\n<p>Ezt k\u00f6vet\u0151en Kapai \u00c1d\u00e1m, Rendezv\u00e9nyek\u00e9rt felel\u0151s aleln\u00f6k vette \u00e1t a sz\u00f3t. El\u0151sz\u00f6r a karspecifikus &#8222;kisokos&#8221; megalkot\u00e1s\u00e1r\u00f3l besz\u00e9lt, majd a 2020-as g\u00f3lyat\u00e1bor \u00e9s a G\u00f3lyatali szervez\u00e9s\u00e9nek jelenlegi \u00e1ll\u00e1s\u00e1ba engedett betekint\u00e9st az eln\u00f6ks\u00e9g sz\u00e1m\u00e1ra. Ennek kapcs\u00e1n N\u00e9meth Dorottya, a G\u00f3lyatali projektfelel\u0151se \u00e9s Stubnya J\u00e1nos, Eg\u00e9szs\u00e9g\u00fcgyi referens felv\u00e1zolt\u00e1k az esem\u00e9ny eddigi tervezet\u00e9t. Sz\u00f3ba ker\u00fclt a Ny\u00e1ri Egyetem, mely tavaly is nagy sikerrel ker\u00fclt megrendez\u00e9sre. Ennek kapcs\u00e1n egyet\u00e9rt\u00e9s sz\u00fcletett abban, hogy a cs\u00fct\u00f6rt\u00f6ki szen\u00e1tusi \u00fcl\u00e9sen t\u00e1mogatni fogjuk, hogy id\u00e9n is kredit\u00e9rt\u00e9kkel b\u00edrjon a hallgat\u00f3k tekintet\u00e9ben.<\/p>\n<p>Artner Anna, K\u00fcl\u00fcgyi referens felv\u00e1zolta terveit \u00e9s v\u00edzi\u00f3it, majd Boros Bal\u00e1zs, a Szinapszis f\u0151szerkeszt\u0151je besz\u00e9lt terveir\u0151l az \u00fajs\u00e1g felt\u00e1maszt\u00e1sval kapcsolatban.<\/p>\n<p>Utols\u00f3 napirendi pontban megszavaztuk a h\u00f3nap dolgoz\u00f3j\u00e1nak szem\u00e9ly\u00e9t. A c\u00edmet Papp Anni, negyed\u00e9ves orvostanhallgat\u00f3 nyerte el kiemelked\u0151 \u00e9vfolyamfelel\u0151si munk\u00e1ss\u00e1g\u00e1\u00e9rt. Ez\u00faton is gratul\u00e1lunk \u00e9s tov\u00e1bbi sikeres munk\u00e1t k\u00edv\u00e1nunk!<\/p>\n","protected":false},"excerpt":{"rendered":"<p>Megtartotta els\u0151 eln\u00f6ks\u00e9gi \u00fcl\u00e9s\u00e9t az eln\u00f6kv\u00e1laszt\u00e1s \u00f3ta a Semmelweis Egyetem Hallgat\u00f3i \u00d6nkorm\u00e1nyzata 2020. j\u00falius 27-\u00e9n 18.00-\u00e1s kezd\u00e9ssel. Els\u0151 napirendi pontk\u00e9nt az eln\u00f6k, Tripolszky B\u00e1lint besz\u00e1molt a legfontosabb v\u00e1ltoz\u00e1sokr\u00f3l, esem\u00e9nyekr\u0151l melyek az elk\u00f6vetkezend\u0151 hetekben v\u00e1rhat\u00f3ak, tov\u00e1bb\u00e1, hogy milyen form\u00e1ban k\u00edv\u00e1nja fejleszteni a szervezet \u00e1tl\u00e1that\u00f3s\u00e1g\u00e1t. Ezt k\u00f6vet\u0151en Tolvaj M\u00e1t\u00e9, Bels\u0151 igazgat\u00e1s\u00e9rt felel\u0151s aleln\u00f6k hangs\u00falyozta a koh\u00e9zi\u00f3 fontoss\u00e1g\u00e1t. &hellip;<\/p>\n","protected":false},"author":101512,"featured_media":9533,"comment_status":"closed","ping_status":"closed","sticky":false,"template":"","format":"standard","meta":{"_acf_changed":false,"footnotes":""},"categories":[5],"tags":[202,207],"class_list":["post-9531","post","type-post","status-publish","format-standard","has-post-thumbnail","hentry","category-hirek","tag-elnokseg","tag-ules"],"acf":[],"publishpress_future_action":{"enabled":false,"date":"1970-01-01 01:00:00","action":"","terms":[],"taxonomy":"","browser_timezone_offset":0},"_links":{"self":[{"href":"https:\/\/semmelweis.hu\/hok\/wp-json\/wp\/v2\/posts\/9531","targetHints":{"allow":["GET"]}}],"collection":[{"href":"https:\/\/semmelweis.hu\/hok\/wp-json\/wp\/v2\/posts"}],"about":[{"href":"https:\/\/semmelweis.hu\/hok\/wp-json\/wp\/v2\/types\/post"}],"author":[{"embeddable":true,"href":"https:\/\/semmelweis.hu\/hok\/wp-json\/wp\/v2\/users\/101512"}],"replies":[{"embeddable":true,"href":"https:\/\/semmelweis.hu\/hok\/wp-json\/wp\/v2\/comments?post=9531"}],"version-history":[{"count":6,"href":"https:\/\/semmelweis.hu\/hok\/wp-json\/wp\/v2\/posts\/9531\/revisions"}],"predecessor-version":[{"id":9557,"href":"https:\/\/semmelweis.hu\/hok\/wp-json\/wp\/v2\/posts\/9531\/revisions\/9557"}],"wp:featuredmedia":[{"embeddable":true,"href":"https:\/\/semmelweis.hu\/hok\/wp-json\/wp\/v2\/media\/9533"}],"wp:attachment":[{"href":"https:\/\/semmelweis.hu\/hok\/wp-json\/wp\/v2\/media?parent=9531"}],"wp:term":[{"taxonomy":"category","embeddable":true,"href":"https:\/\/semmelweis.hu\/hok\/wp-json\/wp\/v2\/categories?post=9531"},{"taxonomy":"post_tag","embeddable":true,"href":"https:\/\/semmelweis.hu\/hok\/wp-json\/wp\/v2\/tags?post=9531"}],"curies":[{"name":"wp","href":"https:\/\/api.w.org\/{rel}","templated":true}]}}