{"id":9500,"date":"2020-07-14T20:21:21","date_gmt":"2020-07-14T18:21:21","guid":{"rendered":"https:\/\/semmelweis.hu\/hok\/?p=9500"},"modified":"2020-09-18T10:25:55","modified_gmt":"2020-09-18T08:25:55","slug":"new-administration-and-student-senators","status":"publish","type":"post","link":"https:\/\/semmelweis.hu\/hok\/en\/2020\/07\/14\/new-administration-and-student-senators\/","title":{"rendered":"New Administration and Student Senators"},"content":{"rendered":"<figure id=\"attachment_9501\" aria-describedby=\"caption-attachment-9501\" style=\"width: 668px\" class=\"wp-caption aligncenter\"><img loading=\"lazy\" decoding=\"async\" class=\" wp-image-9501\" src=\"https:\/\/semmelweis.hu\/hok\/files\/2020\/07\/elnokseghok-1-300x200.png\" alt=\"\" width=\"668\" height=\"445\" srcset=\"https:\/\/semmelweis.hu\/hok\/files\/2020\/07\/elnokseghok-1-300x200.png 300w, https:\/\/semmelweis.hu\/hok\/files\/2020\/07\/elnokseghok-1-1024x683.png 1024w, https:\/\/semmelweis.hu\/hok\/files\/2020\/07\/elnokseghok-1-768x512.png 768w, https:\/\/semmelweis.hu\/hok\/files\/2020\/07\/elnokseghok-1-1536x1024.png 1536w, https:\/\/semmelweis.hu\/hok\/files\/2020\/07\/elnokseghok-1-2048x1365.png 2048w, https:\/\/semmelweis.hu\/hok\/files\/2020\/07\/elnokseghok-1-753x502.png 753w, https:\/\/semmelweis.hu\/hok\/files\/2020\/07\/elnokseghok-1-203x135.png 203w\" sizes=\"auto, (max-width: 668px) 100vw, 668px\" \/><figcaption id=\"caption-attachment-9501\" class=\"wp-caption-text\">The new Administration<\/figcaption><\/figure>\n<p>The Students\u2019 Union\u2019s Delegate Congress on yesterday\u2019s presidential electional session voted about the nominees submitted by the new president, B\u00e1lint Tripolszky for the new administration. After the vote counting Students\u2019 Union\u2019s new presidentship will be the following:<\/p>\n<ul>\n<li>M\u00e1t\u00e9 Bal\u00e1zs Tolvaj &#8211; VP;<\/li>\n<li>Zsombor M\u00e1ty\u00e1s Papp &#8211; Educational Vice-chairman;<\/li>\n<li>\u00c1d\u00e1m Kapai \u2013 Event planning Vice-chairman;<\/li>\n<li>F\u00e9lix Tak\u00e1cs &#8211; Vice-chairman;<\/li>\n<li>Attila Sz\u0171cs \u2013 Head of social issues;<\/li>\n<li>Botond Kal\u00e1cska \u2013 Head of dormitory issues;<\/li>\n<li>Anna Artner \u2013 Head of foreign affairs;<\/li>\n<li>J\u00e1nos Domonkos Stubnya \u2013 Head of healthcare;<\/li>\n<li>Mu\u00e1d Aldubai-Mohamed \u2013 Head of commumications.<\/li>\n<\/ul>\n<p>Later on the Delegate Congress decided about the new editor of the university\u2019s student magazine, Szinapszis. Two valid applications were submitted for the position, which ended up in Bal\u00e1zs Boros being the most capable to be the new editor.<\/p>\n<p>The last section of the session was about the new student Senators. A lot of the former representatives finished their studies, therefore new delegates were needed to be named. The following students will represent the students of the university in the highest decision making forums:<\/p>\n<ul>\n<li>Mu\u00e1d Aldubai-Mohamed;<\/li>\n<li>Anna Artner;<\/li>\n<li>B\u00e1lint Borsik;<\/li>\n<li>\u00c1d\u00e1m Kapai;<\/li>\n<li>Zsombor M\u00e1ty\u00e1s Papp;<\/li>\n<li>Alexandra Pop;<\/li>\n<li>F\u00e9lix Tak\u00e1cs;<\/li>\n<li>M\u00e1t\u00e9 Bal\u00e1zs Tolvaj;<\/li>\n<li>B\u00e1lint Tripolszky;<\/li>\n<li>Edina Vajda;<\/li>\n<li>Norbert V\u00f6lcsei.<\/li>\n<\/ul>\n<p>&nbsp;<\/p>\n<p>B\u00e1lint Tripolszky named his presidential assignees, who will be a part of the new administration:<\/p>\n<ul>\n<li>B\u00e1lint Borsik \u2013Assignee of services;<\/li>\n<li>Andr\u00e1s \u00a0P\u00f3sta \u2013 Assigne of sport activities;<\/li>\n<li>Gy\u00f6rgy \u00c1rp\u00e1d Keskeny \u2013 Assignee of e-learning;<\/li>\n<li>Adri\u00e1n G\u00e9za Veress \u2013 Assignee of the German student body;<\/li>\n<li>Bence Balogh \u2013 Assignee of organisation connections;<\/li>\n<li>Alexandra Pop \u2013 Assignee of media;<\/li>\n<li>Anna Kir\u00e1ly \u2013 Assignee of website<\/li>\n<li>B\u00e1lint Barta \u2013 Assignee of photography.<\/li>\n<\/ul>\n<p>&nbsp;<\/p>\n<p>As the heads of faculties, the following students have been named temporarily:<\/p>\n<ul>\n<li>Faculty of general medicine: Norbert V\u00f6lcsei;<\/li>\n<li>Faculty of dentistry: Patrik Kreuter;<\/li>\n<li>Faculty of pharmacy: Noel Nyariki;<\/li>\n<li>Faculty of health sciences: G\u00e1bor Gyenes;<\/li>\n<li>Faculty of public health service: D\u00e1vid H\u0151nig;<\/li>\n<li>Pet\u0151 Andr\u00e1s faculty: Kolina Karakas.<\/li>\n<\/ul>\n<p>&nbsp;<\/p>\n<p>Congratulations, we wish you successful work in the future!<\/p>\n","protected":false},"excerpt":{"rendered":"<p>The Students\u2019 Union\u2019s Delegate Congress on yesterday\u2019s presidential electional session voted about the nominees submitted by the new president, B\u00e1lint Tripolszky for the new administration. After the vote counting Students\u2019 Union\u2019s new presidentship will be the following: M\u00e1t\u00e9 Bal\u00e1zs Tolvaj &#8211; VP; Zsombor M\u00e1ty\u00e1s Papp &#8211; Educational Vice-chairman; \u00c1d\u00e1m Kapai \u2013 Event planning Vice-chairman; F\u00e9lix &hellip;<\/p>\n","protected":false},"author":101512,"featured_media":9501,"comment_status":"closed","ping_status":"closed","sticky":false,"template":"","format":"standard","meta":{"_acf_changed":false,"footnotes":""},"categories":[83],"tags":[],"class_list":["post-9500","post","type-post","status-publish","format-standard","has-post-thumbnail","hentry","category-news"],"acf":[],"publishpress_future_action":{"enabled":false,"date":"1970-01-01 01:00:00","action":"","terms":[],"taxonomy":"","browser_timezone_offset":0},"_links":{"self":[{"href":"https:\/\/semmelweis.hu\/hok\/wp-json\/wp\/v2\/posts\/9500","targetHints":{"allow":["GET"]}}],"collection":[{"href":"https:\/\/semmelweis.hu\/hok\/wp-json\/wp\/v2\/posts"}],"about":[{"href":"https:\/\/semmelweis.hu\/hok\/wp-json\/wp\/v2\/types\/post"}],"author":[{"embeddable":true,"href":"https:\/\/semmelweis.hu\/hok\/wp-json\/wp\/v2\/users\/101512"}],"replies":[{"embeddable":true,"href":"https:\/\/semmelweis.hu\/hok\/wp-json\/wp\/v2\/comments?post=9500"}],"version-history":[{"count":2,"href":"https:\/\/semmelweis.hu\/hok\/wp-json\/wp\/v2\/posts\/9500\/revisions"}],"predecessor-version":[{"id":9503,"href":"https:\/\/semmelweis.hu\/hok\/wp-json\/wp\/v2\/posts\/9500\/revisions\/9503"}],"wp:featuredmedia":[{"embeddable":true,"href":"https:\/\/semmelweis.hu\/hok\/wp-json\/wp\/v2\/media\/9501"}],"wp:attachment":[{"href":"https:\/\/semmelweis.hu\/hok\/wp-json\/wp\/v2\/media?parent=9500"}],"wp:term":[{"taxonomy":"category","embeddable":true,"href":"https:\/\/semmelweis.hu\/hok\/wp-json\/wp\/v2\/categories?post=9500"},{"taxonomy":"post_tag","embeddable":true,"href":"https:\/\/semmelweis.hu\/hok\/wp-json\/wp\/v2\/tags?post=9500"}],"curies":[{"name":"wp","href":"https:\/\/api.w.org\/{rel}","templated":true}]}}