{"id":9494,"date":"2020-07-14T20:16:10","date_gmt":"2020-07-14T18:16:10","guid":{"rendered":"https:\/\/semmelweis.hu\/hok\/?p=9494"},"modified":"2020-07-28T13:54:37","modified_gmt":"2020-07-28T11:54:37","slug":"megujult-az-elnokseg-es-a-szenatus","status":"publish","type":"post","link":"https:\/\/semmelweis.hu\/hok\/2020\/07\/14\/megujult-az-elnokseg-es-a-szenatus\/","title":{"rendered":"Meg\u00fajult az Eln\u00f6ks\u00e9g \u00e9s a Szen\u00e1tus"},"content":{"rendered":"<figure id=\"attachment_9496\" aria-describedby=\"caption-attachment-9496\" style=\"width: 753px\" class=\"wp-caption aligncenter\"><img loading=\"lazy\" decoding=\"async\" class=\"wp-image-9496 size-large\" src=\"https:\/\/semmelweis.hu\/hok\/files\/2020\/07\/elnokseghok-1024x683.png\" alt=\"\" width=\"753\" height=\"502\" srcset=\"https:\/\/semmelweis.hu\/hok\/files\/2020\/07\/elnokseghok-1024x683.png 1024w, https:\/\/semmelweis.hu\/hok\/files\/2020\/07\/elnokseghok-300x200.png 300w, https:\/\/semmelweis.hu\/hok\/files\/2020\/07\/elnokseghok-768x512.png 768w, https:\/\/semmelweis.hu\/hok\/files\/2020\/07\/elnokseghok-1536x1024.png 1536w, https:\/\/semmelweis.hu\/hok\/files\/2020\/07\/elnokseghok-2048x1365.png 2048w, https:\/\/semmelweis.hu\/hok\/files\/2020\/07\/elnokseghok-753x502.png 753w, https:\/\/semmelweis.hu\/hok\/files\/2020\/07\/elnokseghok-203x135.png 203w\" sizes=\"auto, (max-width: 753px) 100vw, 753px\" \/><figcaption id=\"caption-attachment-9496\" class=\"wp-caption-text\">Az \u00faj Eln\u00f6ks\u00e9g<\/figcaption><\/figure>\n<p>A Semmelweis Egyetem Hallgat\u00f3i \u00d6nkorm\u00e1nyzat\u00e1nak K\u00fcld\u00f6ttgy\u0171l\u00e9se a tegnapi eln\u00f6kv\u00e1laszt\u00e1si \u00fcl\u00e9s keretein bel\u00fcl d\u00f6nt\u00f6tt az \u00faj eln\u00f6k, Tripolszky B\u00e1lint eln\u00f6ks\u00e9g\u00e9nek \u00f6ssze\u00e1ll\u00edt\u00e1s\u00e1r\u00f3l. Ennek eredm\u00e9nyek\u00e9pp a Hallgat\u00f3i \u00d6nkorm\u00e1nyzat az al\u00e1bbi fel\u00e1ll\u00e1sban fogja a hallgat\u00f3k \u00e9rdekeit szolg\u00e1lni:<\/p>\n<ul>\n<li>Tolvaj M\u00e1t\u00e9 Bal\u00e1zs &#8211; Eln\u00f6khelyettes;<\/li>\n<li>Papp Zsombor M\u00e1ty\u00e1s &#8211; Oktat\u00e1si \u00fcgyek\u00e9rt felel\u0151s aleln\u00f6k;<\/li>\n<li>Kapai \u00c1d\u00e1m &#8211; Rendezv\u00e9nyek\u00e9rt felel\u0151s aleln\u00f6k;<\/li>\n<li>Tak\u00e1cs F\u00e9lix &#8211; \u00c1ltal\u00e1nos aleln\u00f6k;<\/li>\n<li>Sz\u0171cs Attila &#8211; Szoci\u00e1lis referens;<\/li>\n<li>Kal\u00e1cska Botond &#8211; Koll\u00e9giumi referens;<\/li>\n<li>Artner Anna &#8211; K\u00fcl\u00fcgyi referens;<\/li>\n<li>Stubnya J\u00e1nos Domonkos &#8211; Eg\u00e9szs\u00e9g\u00fcgyi referens;<\/li>\n<li>Aldubai-Mohamed Mu\u00e1d &#8211; Kommunik\u00e1ci\u00f3s referens.<\/li>\n<\/ul>\n<p>A K\u00fcld\u00f6ttgy\u0171l\u00e9s k\u00f6vetkez\u0151 napirendi pontja a Szinapszis magazin f\u0151szerkeszt\u0151j\u00e9nek szem\u00e9ly\u00e9r\u0151l t\u00f6rt\u00e9n\u0151 d\u00f6nt\u00e9s volt. Erre a poz\u00edci\u00f3ra k\u00e9t hallgat\u00f3 \u00e9rv\u00e9nyes p\u00e1ly\u00e1zata \u00e9rkezett, akik k\u00f6z\u00fcl Boros Bal\u00e1zst szavazta meg K\u00fcld\u00f6ttgy\u0171l\u00e9s.<\/p>\n<p>A K\u00fcld\u00f6ttgy\u0171l\u00e9s ezt k\u00f6vet\u0151en a Szen\u00e1tus hallgat\u00f3i k\u00e9pvisel\u0151inek szem\u00e9lyi k\u00e9rd\u00e9s\u00e9r\u0151l d\u00f6nt\u00f6tt, melyre az\u00e9rt volt sz\u00fcks\u00e9g, mert t\u00f6bb kor\u00e1bbi szen\u00e1tor hallgat\u00f3i jogviszonya ebben a f\u00e9l\u00e9vben sz\u0171nt meg. A felterjesztett k\u00e9pvisel\u0151jel\u00f6ltek mind elfogad\u00e1sra ker\u00fcltek. A k\u00f6vetkez\u0151 hallgat\u00f3k fogj\u00e1k az egyetem legmagasabb d\u00f6nt\u00e9shoz\u00f3 szerv\u00e9ben a hallgat\u00f3t\u00e1rsaikat k\u00e9pviselni:<\/p>\n<ul>\n<li>Aldubai-Mohamed Mu\u00e1d;<\/li>\n<li>Artner Anna;<\/li>\n<li>Borsik B\u00e1lint;<\/li>\n<li>Kapai \u00c1d\u00e1m;<\/li>\n<li>Papp Zsombor M\u00e1ty\u00e1s;<\/li>\n<li>Pop Alexandra;<\/li>\n<li>Tak\u00e1cs F\u00e9lix;<\/li>\n<li>Tolvaj M\u00e1t\u00e9 Bal\u00e1zs;<\/li>\n<li>Tripolszky B\u00e1lint;<\/li>\n<li>Vajda Edina;<\/li>\n<li>V\u00f6lcsei Norbert.<\/li>\n<\/ul>\n<p>&nbsp;<\/p>\n<p>Mindemellett Tripolszky B\u00e1lint a mai napon kinevezte eln\u00f6ki megb\u00edzottjait:<\/p>\n<ul>\n<li>Balogh Bence \u2013 Szervezeti kapcsolatok\u00e9rt felel\u0151s eln\u00f6ki megb\u00edzott;<\/li>\n<li>Barta B\u00e1lint &#8211; Fotogr\u00e1fi\u00e1\u00e9rt felel\u0151s eln\u00f6ki megb\u00edzott.<\/li>\n<li>Borsik B\u00e1lint &#8211; Szolg\u00e1ltat\u00e1sok\u00e9rt felel\u0151s eln\u00f6ki megb\u00edzott;<\/li>\n<li>Keskeny Gy\u00f6rgy \u00c1rp\u00e1d &#8211; E-learning\u00e9rt felel\u0151s eln\u00f6ki megb\u00edzott;<\/li>\n<li>Kir\u00e1ly Anna \u2013 Weboldal\u00e9rt felel\u0151s eln\u00f6ki megb\u00edzott;<\/li>\n<li>Pop Alexandra &#8211; M\u00e9di\u00e1\u00e9rt felel\u0151s eln\u00f6ki megb\u00edzott;<\/li>\n<li>P\u00f3sta Andr\u00e1s &#8211; Sport\u00e9rt felel\u0151s eln\u00f6ki megb\u00edzott;<\/li>\n<li>Veress Adri\u00e1n G\u00e9za &#8211; N\u00e9met k\u00e9pz\u00e9sben r\u00e9sztvev\u0151k\u00e9rt felel\u0151s eln\u00f6ki megb\u00edzott;<\/li>\n<\/ul>\n<p>&nbsp;<\/p>\n<p>A r\u00e9sz\u00f6nkorm\u00e1nyzatok \u00e9l\u00e9re ideiglenes eln\u00f6k\u00f6knek az al\u00e1bbi hallgat\u00f3k ker\u00fcltek kinevez\u00e9sre:<\/p>\n<ul>\n<li>\u00c1OK: V\u00f6lcsei Norbert;<\/li>\n<li>FOK: Kreuter Patrik;<\/li>\n<li>GYTK: Nyariki Noel;<\/li>\n<li>ETK: Gyenes G\u00e1bor;<\/li>\n<li>EKK: H\u0151nig D\u00e1vid;<\/li>\n<li>PAK: Karakas Kolina.<\/li>\n<\/ul>\n<p>&nbsp;<\/p>\n<p>Gratul\u00e1lunk a kinevez\u00e9shez! Sikerekben gazdag munk\u00e1t k\u00edv\u00e1nunk Nektek!<\/p>\n","protected":false},"excerpt":{"rendered":"<p>A Semmelweis Egyetem Hallgat\u00f3i \u00d6nkorm\u00e1nyzat\u00e1nak K\u00fcld\u00f6ttgy\u0171l\u00e9se a tegnapi eln\u00f6kv\u00e1laszt\u00e1si \u00fcl\u00e9s keretein bel\u00fcl d\u00f6nt\u00f6tt az \u00faj eln\u00f6k, Tripolszky B\u00e1lint eln\u00f6ks\u00e9g\u00e9nek \u00f6ssze\u00e1ll\u00edt\u00e1s\u00e1r\u00f3l. Ennek eredm\u00e9nyek\u00e9pp a Hallgat\u00f3i \u00d6nkorm\u00e1nyzat az al\u00e1bbi fel\u00e1ll\u00e1sban fogja a hallgat\u00f3k \u00e9rdekeit szolg\u00e1lni: Tolvaj M\u00e1t\u00e9 Bal\u00e1zs &#8211; Eln\u00f6khelyettes; Papp Zsombor M\u00e1ty\u00e1s &#8211; Oktat\u00e1si \u00fcgyek\u00e9rt felel\u0151s aleln\u00f6k; Kapai \u00c1d\u00e1m &#8211; Rendezv\u00e9nyek\u00e9rt felel\u0151s aleln\u00f6k; Tak\u00e1cs F\u00e9lix &#8211; &hellip;<\/p>\n","protected":false},"author":101512,"featured_media":9496,"comment_status":"closed","ping_status":"closed","sticky":false,"template":"","format":"standard","meta":{"_acf_changed":false,"footnotes":""},"categories":[5],"tags":[202,204,147],"class_list":["post-9494","post","type-post","status-publish","format-standard","has-post-thumbnail","hentry","category-hirek","tag-elnokseg","tag-szenatus","tag-valasztas"],"acf":[],"publishpress_future_action":{"enabled":false,"date":"1970-01-01 01:00:00","action":"","terms":[],"taxonomy":"","browser_timezone_offset":0},"_links":{"self":[{"href":"https:\/\/semmelweis.hu\/hok\/wp-json\/wp\/v2\/posts\/9494","targetHints":{"allow":["GET"]}}],"collection":[{"href":"https:\/\/semmelweis.hu\/hok\/wp-json\/wp\/v2\/posts"}],"about":[{"href":"https:\/\/semmelweis.hu\/hok\/wp-json\/wp\/v2\/types\/post"}],"author":[{"embeddable":true,"href":"https:\/\/semmelweis.hu\/hok\/wp-json\/wp\/v2\/users\/101512"}],"replies":[{"embeddable":true,"href":"https:\/\/semmelweis.hu\/hok\/wp-json\/wp\/v2\/comments?post=9494"}],"version-history":[{"count":5,"href":"https:\/\/semmelweis.hu\/hok\/wp-json\/wp\/v2\/posts\/9494\/revisions"}],"predecessor-version":[{"id":9514,"href":"https:\/\/semmelweis.hu\/hok\/wp-json\/wp\/v2\/posts\/9494\/revisions\/9514"}],"wp:featuredmedia":[{"embeddable":true,"href":"https:\/\/semmelweis.hu\/hok\/wp-json\/wp\/v2\/media\/9496"}],"wp:attachment":[{"href":"https:\/\/semmelweis.hu\/hok\/wp-json\/wp\/v2\/media?parent=9494"}],"wp:term":[{"taxonomy":"category","embeddable":true,"href":"https:\/\/semmelweis.hu\/hok\/wp-json\/wp\/v2\/categories?post=9494"},{"taxonomy":"post_tag","embeddable":true,"href":"https:\/\/semmelweis.hu\/hok\/wp-json\/wp\/v2\/tags?post=9494"}],"curies":[{"name":"wp","href":"https:\/\/api.w.org\/{rel}","templated":true}]}}