{"id":9471,"date":"2020-07-13T19:36:33","date_gmt":"2020-07-13T17:36:33","guid":{"rendered":"https:\/\/semmelweis.hu\/hok\/?p=9471"},"modified":"2020-07-28T14:05:01","modified_gmt":"2020-07-28T12:05:01","slug":"uj-elnok","status":"publish","type":"post","link":"https:\/\/semmelweis.hu\/hok\/2020\/07\/13\/uj-elnok\/","title":{"rendered":"Tripolszky B\u00e1lint a Hallgat\u00f3i \u00d6nkorm\u00e1nyzat \u00faj eln\u00f6ke"},"content":{"rendered":"<div class=\"mceTemp\">\u00a0<\/div>\n<figure id=\"attachment_9466\" aria-describedby=\"caption-attachment-9466\" style=\"width: 625px\" class=\"wp-caption aligncenter\"><img loading=\"lazy\" decoding=\"async\" class=\" wp-image-9466\" src=\"https:\/\/semmelweis.hu\/hok\/files\/2020\/07\/tripocikk-300x178.png\" alt=\"\" width=\"625\" height=\"371\" srcset=\"https:\/\/semmelweis.hu\/hok\/files\/2020\/07\/tripocikk-300x178.png 300w, https:\/\/semmelweis.hu\/hok\/files\/2020\/07\/tripocikk-1024x609.png 1024w, https:\/\/semmelweis.hu\/hok\/files\/2020\/07\/tripocikk-768x456.png 768w, https:\/\/semmelweis.hu\/hok\/files\/2020\/07\/tripocikk-1536x913.png 1536w, https:\/\/semmelweis.hu\/hok\/files\/2020\/07\/tripocikk-2048x1217.png 2048w, https:\/\/semmelweis.hu\/hok\/files\/2020\/07\/tripocikk-753x448.png 753w\" sizes=\"auto, (max-width: 625px) 100vw, 625px\" \/><figcaption id=\"caption-attachment-9466\" class=\"wp-caption-text\">Tripolszky B\u00e1lint, a Hallgat\u00f3i \u00d6nkorm\u00e1nyzat \u00fajdons\u00fclt eln\u00f6ke<\/figcaption><\/figure>\n<p>A mai napon tartott Eln\u00f6kv\u00e1laszt\u00f3 K\u00fcld\u00f6ttgy\u0171l\u00e9sen a k\u00e9t eln\u00f6kjel\u00f6lt, dr. L\u00e1nyi Szabolcs \u00e9s Tripolszky B\u00e1lint k\u00f6z\u00fcl a gy\u0171l\u00e9s Tripolszky B\u00e1lintot v\u00e1lasztotta a Semmelweis Egyetem Hallgat\u00f3i \u00d6nkorm\u00e1nyzat\u00e1nak \u00faj eln\u00f6k\u00e9v\u00e9.<\/p>\n<figure id=\"attachment_9467\" aria-describedby=\"caption-attachment-9467\" style=\"width: 545px\" class=\"wp-caption aligncenter\"><img loading=\"lazy\" decoding=\"async\" class=\" wp-image-9467\" src=\"https:\/\/semmelweis.hu\/hok\/files\/2020\/07\/lanyicikk-300x200.png\" alt=\"\" width=\"545\" height=\"363\" srcset=\"https:\/\/semmelweis.hu\/hok\/files\/2020\/07\/lanyicikk-300x200.png 300w, https:\/\/semmelweis.hu\/hok\/files\/2020\/07\/lanyicikk-1024x683.png 1024w, https:\/\/semmelweis.hu\/hok\/files\/2020\/07\/lanyicikk-768x512.png 768w, https:\/\/semmelweis.hu\/hok\/files\/2020\/07\/lanyicikk-1536x1024.png 1536w, https:\/\/semmelweis.hu\/hok\/files\/2020\/07\/lanyicikk-2048x1365.png 2048w, https:\/\/semmelweis.hu\/hok\/files\/2020\/07\/lanyicikk-753x502.png 753w, https:\/\/semmelweis.hu\/hok\/files\/2020\/07\/lanyicikk-203x135.png 203w\" sizes=\"auto, (max-width: 545px) 100vw, 545px\" \/><figcaption id=\"caption-attachment-9467\" class=\"wp-caption-text\">dr. L\u00e1nyi Szabolcs ismerteti eln\u00f6ki p\u00e1ly\u00e1zat\u00e1t<\/figcaption><\/figure>\n<p>B\u00e1lint az \u00c1ltal\u00e1nos Orvostudom\u00e1nyi Kar hallgat\u00f3ja. A H\u00d6K-ben m\u00e1r egyetemi p\u00e1lyafut\u00e1s\u00e1nak kezdete \u00f3ta tev\u00e9kenykedik. Eddig is lelkiismeretes \u00e9s kitart\u00f3 munk\u00e1j\u00e1r\u00f3l volt ismert, \u00e9s ezt m\u00e1r eln\u00f6kk\u00e9nt is tudja folytatni. Eln\u00f6ki p\u00e1ly\u00e1zat\u00e1nak l\u00e9nyegesebb pontjait al\u00e1bb olvashatj\u00e1tok:<\/p>\n<ul>\n<li>nagyobb fok\u00fa \u00e1tl\u00e1that\u00f3s\u00e1g biztos\u00edt\u00e1sa;<\/li>\n<li>a b\u00fcrokr\u00e1cia cs\u00f6kkent\u00e9se;<\/li>\n<li>oktat\u00e1si aleln\u00f6k kinevez\u00e9se;<\/li>\n<li>minden kar minden szak\u00e1nak minden \u00e9vfolyam\u00e1n legal\u00e1bb k\u00e9t \u00e9vfolyamfelel\u0151s kinevez\u00e9se, akik kiz\u00e1r\u00f3lag a saj\u00e1t \u00e9vfolyamuk \u00e9rdekk\u00e9pviselet\u00e9t l\u00e1tj\u00e1k el;<\/li>\n<li>a digitaliz\u00e1ci\u00f3 tov\u00e1bbfejleszt\u00e9se;<\/li>\n<li>t\u00f6bb forr\u00e1s biztos\u00edt\u00e1sa a koll\u00e9giumok fejleszt\u00e9s\u00e9re;<\/li>\n<li>a k\u00fclf\u00f6ldi szervezetekkel val\u00f3 egy\u00fcttm\u0171k\u00f6d\u00e9s er\u0151s\u00edt\u00e9se, illetve azok bevon\u00e1sa a K\u00fcl\u00fcgyi Bizotts\u00e1g munk\u00e1j\u00e1ba;<\/li>\n<li>a k\u00fclf\u00f6ldi hallgat\u00f3kkal val\u00f3 teljes integr\u00e1ci\u00f3 megteremt\u00e9se;a Hallgat\u00f3i \u00d6nkorm\u00e1nyzat kommunik\u00e1ci\u00f3j\u00e1nak teljes m\u00e9rt\u00e9kben val\u00f3 k\u00e9tnyelv\u0171v\u00e9 t\u00e9tele;<\/li>\n<li>a Semmelweis identit\u00e1s er\u0151s\u00edt\u00e9se;<\/li>\n<li>valamint a Hallgat\u00f3i \u00d6nkorm\u00e1nyzat tiszts\u00e9gvisel\u0151ivel val\u00f3 k\u00f6zvetlen tal\u00e1lkoz\u00e1s \u00e9s besz\u00e9lget\u00e9s lehet\u0151s\u00e9g\u00e9nek megteremt\u00e9se havi rendszeress\u00e9ggel.<span class=\"Apple-converted-space\">\u00a0 \u00a0<\/span><span style=\"font-size: 1rem\">\u00a0<\/span><\/li>\n<\/ul>\n<figure id=\"attachment_9465\" aria-describedby=\"caption-attachment-9465\" style=\"width: 569px\" class=\"wp-caption aligncenter\"><img loading=\"lazy\" decoding=\"async\" class=\" wp-image-9465\" src=\"https:\/\/semmelweis.hu\/hok\/files\/2020\/07\/elnoksegcik-300x200.png\" alt=\"\" width=\"569\" height=\"379\" srcset=\"https:\/\/semmelweis.hu\/hok\/files\/2020\/07\/elnoksegcik-300x200.png 300w, https:\/\/semmelweis.hu\/hok\/files\/2020\/07\/elnoksegcik-1024x683.png 1024w, https:\/\/semmelweis.hu\/hok\/files\/2020\/07\/elnoksegcik-768x512.png 768w, https:\/\/semmelweis.hu\/hok\/files\/2020\/07\/elnoksegcik-1536x1024.png 1536w, https:\/\/semmelweis.hu\/hok\/files\/2020\/07\/elnoksegcik-2048x1365.png 2048w, https:\/\/semmelweis.hu\/hok\/files\/2020\/07\/elnoksegcik-753x502.png 753w, https:\/\/semmelweis.hu\/hok\/files\/2020\/07\/elnoksegcik-203x135.png 203w\" sizes=\"auto, (max-width: 569px) 100vw, 569px\" \/><figcaption id=\"caption-attachment-9465\" class=\"wp-caption-text\">Az Eln\u00f6kv\u00e1laszt\u00f3 K\u00fcld\u00f6ttgy\u0171l\u00e9s<\/figcaption><\/figure>\n<p>Gratul\u00e1lunk, \u00e9s eredm\u00e9nyes, \u00e9lvezetes munk\u00e1t k\u00edv\u00e1nunk az \u00fajdons\u00fclt eln\u00f6knek!<\/p>\n<p>&nbsp;<\/p>\n","protected":false},"excerpt":{"rendered":"<p>\u00a0 A mai napon tartott Eln\u00f6kv\u00e1laszt\u00f3 K\u00fcld\u00f6ttgy\u0171l\u00e9sen a k\u00e9t eln\u00f6kjel\u00f6lt, dr. L\u00e1nyi Szabolcs \u00e9s Tripolszky B\u00e1lint k\u00f6z\u00fcl a gy\u0171l\u00e9s Tripolszky B\u00e1lintot v\u00e1lasztotta a Semmelweis Egyetem Hallgat\u00f3i \u00d6nkorm\u00e1nyzat\u00e1nak \u00faj eln\u00f6k\u00e9v\u00e9. B\u00e1lint az \u00c1ltal\u00e1nos Orvostudom\u00e1nyi Kar hallgat\u00f3ja. A H\u00d6K-ben m\u00e1r egyetemi p\u00e1lyafut\u00e1s\u00e1nak kezdete \u00f3ta tev\u00e9kenykedik. Eddig is lelkiismeretes \u00e9s kitart\u00f3 munk\u00e1j\u00e1r\u00f3l volt ismert, \u00e9s ezt m\u00e1r eln\u00f6kk\u00e9nt &hellip;<\/p>\n","protected":false},"author":101512,"featured_media":9558,"comment_status":"closed","ping_status":"closed","sticky":false,"template":"","format":"standard","meta":{"_acf_changed":false,"footnotes":""},"categories":[5],"tags":[195,199,147],"class_list":["post-9471","post","type-post","status-publish","format-standard","has-post-thumbnail","hentry","category-hirek","tag-elnok","tag-kuldottgyules","tag-valasztas"],"acf":[],"publishpress_future_action":{"enabled":false,"date":"1970-01-01 01:00:00","action":"","terms":[],"taxonomy":"","browser_timezone_offset":0},"_links":{"self":[{"href":"https:\/\/semmelweis.hu\/hok\/wp-json\/wp\/v2\/posts\/9471","targetHints":{"allow":["GET"]}}],"collection":[{"href":"https:\/\/semmelweis.hu\/hok\/wp-json\/wp\/v2\/posts"}],"about":[{"href":"https:\/\/semmelweis.hu\/hok\/wp-json\/wp\/v2\/types\/post"}],"author":[{"embeddable":true,"href":"https:\/\/semmelweis.hu\/hok\/wp-json\/wp\/v2\/users\/101512"}],"replies":[{"embeddable":true,"href":"https:\/\/semmelweis.hu\/hok\/wp-json\/wp\/v2\/comments?post=9471"}],"version-history":[{"count":10,"href":"https:\/\/semmelweis.hu\/hok\/wp-json\/wp\/v2\/posts\/9471\/revisions"}],"predecessor-version":[{"id":9487,"href":"https:\/\/semmelweis.hu\/hok\/wp-json\/wp\/v2\/posts\/9471\/revisions\/9487"}],"wp:featuredmedia":[{"embeddable":true,"href":"https:\/\/semmelweis.hu\/hok\/wp-json\/wp\/v2\/media\/9558"}],"wp:attachment":[{"href":"https:\/\/semmelweis.hu\/hok\/wp-json\/wp\/v2\/media?parent=9471"}],"wp:term":[{"taxonomy":"category","embeddable":true,"href":"https:\/\/semmelweis.hu\/hok\/wp-json\/wp\/v2\/categories?post=9471"},{"taxonomy":"post_tag","embeddable":true,"href":"https:\/\/semmelweis.hu\/hok\/wp-json\/wp\/v2\/tags?post=9471"}],"curies":[{"name":"wp","href":"https:\/\/api.w.org\/{rel}","templated":true}]}}