{"id":9273,"date":"2019-09-28T13:37:09","date_gmt":"2019-09-28T11:37:09","guid":{"rendered":"http:\/\/semmelweis.hu\/hok\/?p=9273"},"modified":"2019-09-28T13:39:07","modified_gmt":"2019-09-28T11:39:07","slug":"9273","status":"publish","type":"post","link":"https:\/\/semmelweis.hu\/hok\/2019\/09\/28\/9273\/","title":{"rendered":"Semmelweis Ign\u00e1c Szakkoll\u00e9gium"},"content":{"rendered":"<p><strong><span style=\"font-size: 18pt\">Kedves Hallgat\u00f3k!<\/span> <\/strong><\/p>\n<p>&nbsp;<\/p>\n<p>A Semmelweis Egyetem Hallgat\u00f3i \u00d6nkorm\u00e1nyzat\u00e1val 2019 \u0151sz\u00e9n szeretn\u00e9nk az Egyetemen egy \u00faj szakkoll\u00e9giumot alap\u00edtani &#8211; most Neked is van lehet\u0151s\u00e9ged jelentkezni!<\/p>\n<p><strong><span style=\"font-size: 14pt\"><em>Mi\u00e9rt \u00e9rdemes jelentkezni?<br \/>\n<\/em><\/span><\/strong>Egy szakkoll\u00e9gium sokat jelenthet tagjai \u00e9let\u00e9ben: k\u00f6z\u00f6ss\u00e9g, tehets\u00e9ggondoz\u00f3, tanul\u00f3k\u00f6r \u00e9s di\u00e1kszervezet. A szakkoll\u00e9gium seg\u00edti tagjait a fejl\u0151d\u00e9sben, illetve abban, hogy c\u00e9lokat t\u0171zzenek maguk el\u00e9 \u00e9s el is \u00e9rj\u00e9k azokat, de felk\u00e9sz\u00edthet egyes fontos, mindenkit \u00e9rint\u0151 k\u00e9rd\u00e9sekre, helyzetekre is. A Semmelweis Ign\u00e1c Szakkoll\u00e9gium tagjak\u00e9nt r\u00e9szt vehetsz az egyetemi kurrikulumot kieg\u00e9sz\u00edt\u0151 hasznos kurzusokon, konferenci\u00e1kon, k\u00e9pz\u00e9s\u00e9ken, szakmai l\u00e1togat\u00e1sokon. A k\u00f6z\u00f6ss\u00e9g r\u00e9szek\u00e9nt \u00e9letre sz\u00f3l\u00f3 kapcsolatokat \u00e9p\u00edthetsz, \u00e9lm\u00e9nyeket szerezhetsz ak\u00e1r egy-egy k\u00f6z\u00f6s t\u00e1borban, csapat\u00e9p\u00edt\u0151n, ak\u00e1r a mindennapokban.<\/p>\n<p><strong><em style=\"font-size: 1rem\">Ki jelentkezhet?\u00a0<br \/>\n<\/em><\/strong><span style=\"font-size: 1rem\">B\u00e1rki, aki a Semmelweis Egyetem akt\u00edv st\u00e1tusz\u00fa jogviszonnyal rendelkez\u0151 hallgat\u00f3ja.<\/span><\/p>\n<p><strong><em style=\"font-size: 1rem\">Hogyan lehetsz a szakkoll\u00e9gium tagja?<br \/>\n<\/em><\/strong><span style=\"font-size: 1rem\">K\u00fcldd el \u00f6n\u00e9letrajzodat \u00e9s motiv\u00e1ci\u00f3s leveledet a hok.elnok@semmelweis-univ.hu c\u00edmre.<\/span><\/p>\n<p><em><strong>Az al\u00e1bbiakat mindenk\u00e9ppen t\u00fcntesd fel:<\/strong> <\/em><\/p>\n<ul style=\"list-style-type: square\">\n<li><em>Kar\n<p><\/em><\/li>\n<li><em>\u00c9vfolyam(2019 \u0151sz\u00e9t\u0151l)\n<p><\/em><\/li>\n<li><em>Telefonsz\u00e1m\n<p><\/em><\/li>\n<li><em>Tanulm\u00e1nyi \u00e1tlag 2018\/2019-es tan\u00e9v I. \u00e9s II. f\u00e9l\u00e9v\u00e9ben<br \/>\n<\/em><\/li>\n<li><em>V\u00e9gezt\u00e9l valaha tudom\u00e1nyos munk\u00e1t?<\/em> <br \/>\nAmennyiben igen, fejtsd ki, mivel foglalkozt\u00e1l!<\/p>\n<\/li>\n<li>\n<p><em style=\"font-size: 1rem\">Sportolt\u00e1l valaha versenyszer\u0171en?<br \/>\n<\/em><span style=\"font-size: 1rem\">Amennyiben igen, mikor, mely sport\u00e1gban \u00e9s milyen eredm\u00e9nyeket \u00e9rt\u00e9l el?<\/span><\/p>\n<\/li>\n<li>\n<p><em style=\"font-size: 1rem\">Miben tartod magad a legtehets\u00e9gesebbnek?<\/em><\/p>\n<\/li>\n<li>\n<p><em style=\"font-size: 1rem\">Mi\u00e9rt szeretn\u00e9l a szakkoll\u00e9gium tagja lenni?<\/em><\/p>\n<\/li>\n<\/ul>\n<p>A jelentkez\u0151ket a Felv\u00e9teli Bizotts\u00e1g b\u00edr\u00e1lja el. A kiv\u00e1lasztott jelentkez\u0151ket felv\u00e9teli besz\u00e9lget\u00e9sre h\u00edvjuk be, amelyr\u0151l e-mailben \u00e9rtes\u00edt\u00fcnk.<\/p>\n<p>&nbsp;<\/p>\n<p><strong>Jelentkez\u00e9si hat\u00e1rid\u0151: 2019. Okt\u00f3ber 10<\/strong>.<\/p>\n<p>K\u00e9rd\u00e9s eset\u00e9n \u00edrjatok b\u00e1tran e-mailt a megadott c\u00edmre!<\/p>\n<p>Szeretettel v\u00e1runk minden leend\u0151 SISZK-tagot!<\/p>\n<p>&nbsp;<\/p>\n<p><strong>\u00dcdv\u00f6zlettel: <\/strong><br \/>\n<strong>SE H\u00d6K<\/strong><\/p>\n","protected":false},"excerpt":{"rendered":"<p>Kedves Hallgat\u00f3k! &nbsp; A Semmelweis Egyetem Hallgat\u00f3i \u00d6nkorm\u00e1nyzat\u00e1val 2019 \u0151sz\u00e9n szeretn\u00e9nk az Egyetemen egy \u00faj szakkoll\u00e9giumot alap\u00edtani &#8211; most Neked is van lehet\u0151s\u00e9ged jelentkezni! Mi\u00e9rt \u00e9rdemes jelentkezni? Egy szakkoll\u00e9gium sokat jelenthet tagjai \u00e9let\u00e9ben: k\u00f6z\u00f6ss\u00e9g, tehets\u00e9ggondoz\u00f3, tanul\u00f3k\u00f6r \u00e9s di\u00e1kszervezet. A szakkoll\u00e9gium seg\u00edti tagjait a fejl\u0151d\u00e9sben, illetve abban, hogy c\u00e9lokat t\u0171zzenek maguk el\u00e9 \u00e9s el is \u00e9rj\u00e9k &hellip;<\/p>\n","protected":false},"author":101512,"featured_media":0,"comment_status":"closed","ping_status":"closed","sticky":false,"template":"","format":"standard","meta":{"_acf_changed":false,"footnotes":""},"categories":[5],"tags":[184,186],"class_list":["post-9273","post","type-post","status-publish","format-standard","hentry","category-hirek","tag-jelentkezes","tag-szakkollegium"],"acf":[],"publishpress_future_action":{"enabled":false,"date":"1970-01-01 01:00:00","action":"","terms":[],"taxonomy":"","browser_timezone_offset":0},"_links":{"self":[{"href":"https:\/\/semmelweis.hu\/hok\/wp-json\/wp\/v2\/posts\/9273","targetHints":{"allow":["GET"]}}],"collection":[{"href":"https:\/\/semmelweis.hu\/hok\/wp-json\/wp\/v2\/posts"}],"about":[{"href":"https:\/\/semmelweis.hu\/hok\/wp-json\/wp\/v2\/types\/post"}],"author":[{"embeddable":true,"href":"https:\/\/semmelweis.hu\/hok\/wp-json\/wp\/v2\/users\/101512"}],"replies":[{"embeddable":true,"href":"https:\/\/semmelweis.hu\/hok\/wp-json\/wp\/v2\/comments?post=9273"}],"version-history":[{"count":3,"href":"https:\/\/semmelweis.hu\/hok\/wp-json\/wp\/v2\/posts\/9273\/revisions"}],"predecessor-version":[{"id":9278,"href":"https:\/\/semmelweis.hu\/hok\/wp-json\/wp\/v2\/posts\/9273\/revisions\/9278"}],"wp:attachment":[{"href":"https:\/\/semmelweis.hu\/hok\/wp-json\/wp\/v2\/media?parent=9273"}],"wp:term":[{"taxonomy":"category","embeddable":true,"href":"https:\/\/semmelweis.hu\/hok\/wp-json\/wp\/v2\/categories?post=9273"},{"taxonomy":"post_tag","embeddable":true,"href":"https:\/\/semmelweis.hu\/hok\/wp-json\/wp\/v2\/tags?post=9273"}],"curies":[{"name":"wp","href":"https:\/\/api.w.org\/{rel}","templated":true}]}}