{"id":9037,"date":"2019-04-23T09:27:32","date_gmt":"2019-04-23T07:27:32","guid":{"rendered":"http:\/\/semmelweis.hu\/hok\/?p=9037"},"modified":"2019-04-23T09:29:48","modified_gmt":"2019-04-23T07:29:48","slug":"megszulettek-a-kerdoivek-eredmenyei","status":"publish","type":"post","link":"https:\/\/semmelweis.hu\/hok\/2019\/04\/23\/megszulettek-a-kerdoivek-eredmenyei\/","title":{"rendered":"Megsz\u00fclettek a k\u00e9rd\u0151\u00edvek eredm\u00e9nyei"},"content":{"rendered":"<p>Kedves Hallgat\u00f3k!\u00a0<\/p>\n<p>K\u00f6sz\u00f6nj\u00fck, hogy kit\u00f6lt\u00f6tt\u00e9tek k\u00e9rd\u0151\u00edv\u00fcnket az<span style=\"font-size: 1rem\">\u00a0Anat\u00f3mia, Sz\u00f6vet- \u00e9s Fejl\u0151d\u00e9stan oktat\u00e1sr\u00f3l, valamint a felm\u00e9r\u00e9st\u00a0<\/span><span style=\"font-size: 1rem\">a t\u00e1rgyfelv\u00e9tellel kapcsolatos hallgat\u00f3i ig\u00e9nyekr\u0151l\u00a0<\/span><span style=\"font-size: 1rem\">illetve az OMHV kit\u00f6lt\u00e9sr\u0151l,\u00a0<\/span><span style=\"font-size: 1rem\">\u00e9s seg\u00edtett\u00e9tek munk\u00e1nkat!\u00a0<\/span><\/p>\n<p>Itt l\u00e1thatj\u00e1tok a k\u00e9rd\u0151\u00edvek ki\u00e9rt\u00e9kel\u00e9s\u00e9t:<\/p>\n<div class=\"exp-col-content-holder\"><a class=\"expand-cnt-link\" href=\"#\">Anat\u00f3mia, Sz\u00f6vet- \u00e9s Fejl\u0151d\u00e9stan oktat\u00e1s:<\/a><\/p>\n<div class=\"hidden-content\">\n<p class=\"hiddenContentp\">\n<!-- iframe plugin v.4.9 wordpress.org\/plugins\/iframe\/ -->\n<iframe loading=\"lazy\" src=\"https:\/\/drive.google.com\/file\/d\/1Jz_kWyv19VpbbVV-HwVux_Jl3KRbfDPd\/preview\" width=\"720\" height=\"640\" scrolling=\"yes\" class=\"iframe-class\" frameborder=\"0\"><\/iframe>\n<\/p>\n<\/div>\n<div>\n<div class=\"exp-col-content-holder\"><a class=\"expand-cnt-link\" href=\"#\">t\u00e1rgyfelv\u00e9tellel kapcsolatos hallgat\u00f3i ig\u00e9nyek\u00a0illetve az OMHV kit\u00f6lt\u00e9s:<\/a><\/p>\n<div class=\"hidden-content\">\n<p class=\"hiddenContentp\">\n<!-- iframe plugin v.4.9 wordpress.org\/plugins\/iframe\/ -->\n<iframe loading=\"lazy\" src=\"https:\/\/drive.google.com\/file\/d\/1xemi668esqxfAzw0Vy8ZgrZtiockSOq1\/preview\" width=\"720&quot;\" height=\"640\" scrolling=\"yes\" class=\"iframe-class\" frameborder=\"0\"><\/iframe>\n<\/p>\n<\/div>\n<\/div>\n<\/div>\n<\/div>\n<p>&nbsp;<\/p>\n<p>K\u00f6sz\u00f6nj\u00fck a k\u00f6zrem\u0171k\u00f6d\u00e9st!<\/p>\n<p style=\"text-align: right\">\u00c1OK R\u00e9sz\u00f6nkorm\u00e1nyzat<\/p>\n<p style=\"text-align: right\">Hallgat\u00f3i \u00d6nkorm\u00e1nyzat<\/p>\n<p style=\"text-align: right\">Semmelweis Egyetem<\/p>\n<p>&nbsp;<\/p>\n","protected":false},"excerpt":{"rendered":"<p>Kedves Hallgat\u00f3k!\u00a0<br \/>\nK\u00f6sz\u00f6nj\u00fck, hogy kit\u00f6lt\u00f6tt\u00e9tek k\u00e9rd\u0151\u00edv\u00fcnket az\u00a0Anat\u00f3mia, Sz\u00f6vet- \u00e9s Fejl\u0151d\u00e9stan oktat\u00e1sr\u00f3l, valamint a felm\u00e9r\u00e9st\u00a0a t\u00e1rgyfelv\u00e9tellel kapcsolatos hallgat\u00f3i ig\u00e9nyekr\u0151l\u00a0illetve az OMHV kit\u00f6lt\u00e9sr\u0151l,\u00a0\u00e9s seg\u00edtett\u00e9tek munk\u00e1nkat!\u00a0<br \/>\nItt l\u00e1thatj\u00e1tok a k\u00e9rd\u0151\u00edvek ki\u00e9rt\u00e9kel\u00e9s\u00e9t:<br \/>\n<a class=\"expand-cnt-link\" href=\"#\">Anat\u00f3mia, Sz\u00f6vet- \u00e9s Fejl\u0151d\u00e9stan oktat\u00e1s:<\/a><\/p>\n<p><a class=\"expand-cnt-link\" href=\"#\">t\u00e1rgyfelv\u00e9tellel kapcsolatos hallgat\u00f3i ig\u00e9nyek\u00a0illetve az OMHV kit\u00f6lt\u00e9s:<\/a><\/p>\n<p>&nbsp;<br \/>\nK\u00f6sz\u00f6nj\u00fck a k\u00f6zrem\u0171k\u00f6d\u00e9st!<br \/>\n\u00c1OK R\u00e9sz\u00f6nkorm\u00e1nyzat<br \/>\nHallgat\u00f3i \u00d6nkorm\u00e1nyzat<br \/>\nSemmelweis Egyetem<br \/>\n&nbsp;<\/p>\n","protected":false},"author":101512,"featured_media":0,"comment_status":"closed","ping_status":"closed","sticky":false,"template":"","format":"standard","meta":{"_acf_changed":false,"footnotes":""},"categories":[5],"tags":[8,6,163],"class_list":["post-9037","post","type-post","status-publish","format-standard","hentry","category-hirek","tag-aok","tag-fok","tag-kerdoiv"],"acf":[],"publishpress_future_action":{"enabled":false,"date":"1970-01-01 01:00:00","action":"","terms":[],"taxonomy":"","browser_timezone_offset":0},"_links":{"self":[{"href":"https:\/\/semmelweis.hu\/hok\/wp-json\/wp\/v2\/posts\/9037","targetHints":{"allow":["GET"]}}],"collection":[{"href":"https:\/\/semmelweis.hu\/hok\/wp-json\/wp\/v2\/posts"}],"about":[{"href":"https:\/\/semmelweis.hu\/hok\/wp-json\/wp\/v2\/types\/post"}],"author":[{"embeddable":true,"href":"https:\/\/semmelweis.hu\/hok\/wp-json\/wp\/v2\/users\/101512"}],"replies":[{"embeddable":true,"href":"https:\/\/semmelweis.hu\/hok\/wp-json\/wp\/v2\/comments?post=9037"}],"version-history":[{"count":1,"href":"https:\/\/semmelweis.hu\/hok\/wp-json\/wp\/v2\/posts\/9037\/revisions"}],"predecessor-version":[{"id":9038,"href":"https:\/\/semmelweis.hu\/hok\/wp-json\/wp\/v2\/posts\/9037\/revisions\/9038"}],"wp:attachment":[{"href":"https:\/\/semmelweis.hu\/hok\/wp-json\/wp\/v2\/media?parent=9037"}],"wp:term":[{"taxonomy":"category","embeddable":true,"href":"https:\/\/semmelweis.hu\/hok\/wp-json\/wp\/v2\/categories?post=9037"},{"taxonomy":"post_tag","embeddable":true,"href":"https:\/\/semmelweis.hu\/hok\/wp-json\/wp\/v2\/tags?post=9037"}],"curies":[{"name":"wp","href":"https:\/\/api.w.org\/{rel}","templated":true}]}}