{"id":8994,"date":"2019-03-27T23:57:44","date_gmt":"2019-03-27T22:57:44","guid":{"rendered":"http:\/\/semmelweis.hu\/hok\/?p=8994"},"modified":"2019-03-28T00:36:23","modified_gmt":"2019-03-27T23:36:23","slug":"az-se-hok-elnoksege-prof-dr-hermann-petert-javasolja-a-semmelweis-egyetem-kivalo-oktatojanak","status":"publish","type":"post","link":"https:\/\/semmelweis.hu\/hok\/2019\/03\/27\/az-se-hok-elnoksege-prof-dr-hermann-petert-javasolja-a-semmelweis-egyetem-kivalo-oktatojanak\/","title":{"rendered":"Az SE H\u00d6K Eln\u00f6ks\u00e9ge Prof. Dr. Hermann P\u00e9tert javasolja a Semmelweis Egyetem Kiv\u00e1l\u00f3 Oktat\u00f3ja kit\u00fcntet\u00e9sre."},"content":{"rendered":"<p><a href=\"https:\/\/semmelweis.hu\/hok\/files\/2019\/03\/RS88701_IMG_6087-scr.jpg\"><img loading=\"lazy\" decoding=\"async\" class=\"size-medium wp-image-8995 aligncenter\" src=\"https:\/\/semmelweis.hu\/hok\/files\/2019\/03\/RS88701_IMG_6087-scr-300x200.jpg\" alt=\"\" width=\"300\" height=\"200\" srcset=\"https:\/\/semmelweis.hu\/hok\/files\/2019\/03\/RS88701_IMG_6087-scr-300x200.jpg 300w, https:\/\/semmelweis.hu\/hok\/files\/2019\/03\/RS88701_IMG_6087-scr-768x512.jpg 768w, https:\/\/semmelweis.hu\/hok\/files\/2019\/03\/RS88701_IMG_6087-scr-753x502.jpg 753w, https:\/\/semmelweis.hu\/hok\/files\/2019\/03\/RS88701_IMG_6087-scr-203x135.jpg 203w, https:\/\/semmelweis.hu\/hok\/files\/2019\/03\/RS88701_IMG_6087-scr.jpg 950w\" sizes=\"auto, (max-width: 300px) 100vw, 300px\" \/><\/a><\/p>\n<p>Az SE H\u00d6K Eln\u00f6ks\u00e9ge m\u00e1rcius 26-\u00e1n 20:00-t\u00f3l tartotta meg legut\u00f3bbi \u00fcl\u00e9s\u00e9t, ahol t\u00f6bb fontos strat\u00e9giai elk\u00e9pzel\u00e9sr\u0151l tan\u00e1cskoztak tagjai, valamint javaslatot tettek a Semmelweis Egyetem Kiv\u00e1l\u00f3 Oktat\u00f3ja kit\u00fcntet\u00e9sre.<\/p>\n<p>Az \u00fcl\u00e9sen megh\u00edvottk\u00e9nt tisztelet\u00e9t tette Heged\u00fcs Judit, az EOK igazgat\u00f3 asszonya, aki napirendi pontok el\u0151tt az \u00fcl\u00e9sen a beszerz\u00e9sekkel kapcsolatos egyeztet\u00e9st folytatott az Eln\u00f6ks\u00e9ggel, valamint kifejtette, hogy a Hallgat\u00f3i \u00d6nkorm\u00e1nyzattal szeretne a j\u00f6v\u0151ben m\u00e9g szorosabban egy\u00fcttm\u0171k\u00f6dni a hallgat\u00f3kat \u00e9rint\u0151 projektek ter\u00e9n.<\/p>\n<p>A k\u00e9s\u0151bbiekben az eln\u00f6ks\u00e9gi tagok megtartott\u00e1k besz\u00e1mol\u00f3jukat, melyet az Eln\u00f6ks\u00e9g egyhang\u00falag minden referens, illetve eln\u00f6ki megb\u00edzott tekintet\u00e9ben elfogadott. Papp Zsombor M\u00e1ty\u00e1s, az SE H\u00d6K oktat\u00e1si referense, a tanulm\u00e1nyi \u00f6szt\u00f6nd\u00edjakkal kapcsolatban kihangs\u00falyozta, hogy a j\u00f6v\u0151ben feladat\u00e1nak, \u00e9s az eg\u00e9sz szervezet k\u00f6teless\u00e9g\u00e9nek tekinti, hogy a k\u00fcl\u00f6nb\u00f6z\u0151 f\u00f3rumokon a hallgat\u00f3i normat\u00edva &#8211; \u00e9s ezzel egy\u00fctt a tanulm\u00e1nyi \u00f6szt\u00f6nd\u00edj &#8211; n\u00f6veked\u00e9se mellett kell kamp\u00e1nyolni.<\/p>\n<p>A Semmelweis Egyetem Kiv\u00e1l\u00f3 Oktat\u00f3ja kit\u00fcntet\u00e9s adom\u00e1nyoz\u00e1s\u00e1ra az SE H\u00d6K javaslatot tehet minden \u00e9vben.<br \/>\nHeged\u00fcs Tam\u00e1s eln\u00f6k Prof. Dr. Hermann P\u00e9tert, az Egyetem oktat\u00e1si rektorhelyettes\u00e9t, a Fogp\u00f3tl\u00e1stan Klinika igazgat\u00f3j\u00e1t terjesztette el\u0151. Az el\u0151terjeszt\u00e9st az SE H\u00d6K Eln\u00f6ks\u00e9ge egyhang\u00falag t\u00e1mogatta.<br \/>\nA kit\u00fcntet\u00e9sr\u0151l a Semmelweis Egyetem Szen\u00e1tusa v\u00e1rhat\u00f3an a m\u00e1jusi \u00fcl\u00e9s\u00e9n d\u00f6nt, majd a Semmelweis nap keret\u00e9ben rendezett \u00fcnneps\u00e9gen ker\u00fcl sor az \u00e1tad\u00e1s\u00e1ra.<\/p>\n<p>Akut projektek napirendi pontn\u00e1l az idei \u00e9vben Debrecenben megrendez\u0151 Medikus Kupa volt a k\u00f6zpontban. P\u00f3sta Andr\u00e1s, az SE H\u00d6K sport\u00e9rt felel\u0151s eln\u00f6ki megb\u00edzottja elmondta, hogy az idei \u00e9vben rekord sz\u00e1m\u00fa 441 jegy tal\u00e1lt gazd\u00e1ra Egyetem\u00fcnk\u00f6n, valamint a szurkol\u00f3k megjelen\u00e9se az egys\u00e9ges p\u00f3l\u00f3, illetve el\u0151sz\u00f6r elk\u00e9sz\u00edtett s\u00e1l miatt kiemelked\u0151 lesz.\u00a0<\/p>\n<p>Az SE H\u00d6K Eln\u00f6ks\u00e9ge v\u00e1rhat\u00f3an a j\u00f6v\u0151 h\u00f3napban \u00fcl \u00f6ssze legk\u00f6zelebb, amire v\u00e1r szeretettel minden \u00e9rdekl\u0151d\u00f6t.<\/p>\n","protected":false},"excerpt":{"rendered":"<p><a href=\"https:\/\/semmelweis.hu\/hok\/files\/2019\/03\/RS88701_IMG_6087-scr.jpg\"><\/a> Az SE H\u00d6K Eln\u00f6ks\u00e9ge m\u00e1rcius 26-\u00e1n 20:00-t\u00f3l tartotta meg legut\u00f3bbi \u00fcl\u00e9s\u00e9t, ahol t\u00f6bb fontos strat\u00e9giai elk\u00e9pzel\u00e9sr\u0151l tan\u00e1cskoztak tagjai, valamint javaslatot tettek a Semmelweis Egyetem Kiv\u00e1l\u00f3 Oktat\u00f3ja kit\u00fcntet\u00e9sre. Az \u00fcl\u00e9sen megh\u00edvottk\u00e9nt tisztelet\u00e9t tette Heged\u00fcs Judit, az EOK igazgat\u00f3 asszonya, aki napirendi pontok el\u0151tt az \u00fcl\u00e9sen a beszerz\u00e9sekkel kapcsolatos egyeztet\u00e9st folytatott az Eln\u00f6ks\u00e9ggel, valamint kifejtette, hogy a &hellip;<\/p>\n","protected":false},"author":101158,"featured_media":8995,"comment_status":"closed","ping_status":"closed","sticky":false,"template":"","format":"standard","meta":{"_acf_changed":false,"footnotes":""},"categories":[5],"tags":[],"class_list":["post-8994","post","type-post","status-publish","format-standard","has-post-thumbnail","hentry","category-hirek"],"acf":[],"publishpress_future_action":{"enabled":false,"date":"1970-01-01 01:00:00","action":"","terms":[],"taxonomy":"","browser_timezone_offset":0},"_links":{"self":[{"href":"https:\/\/semmelweis.hu\/hok\/wp-json\/wp\/v2\/posts\/8994","targetHints":{"allow":["GET"]}}],"collection":[{"href":"https:\/\/semmelweis.hu\/hok\/wp-json\/wp\/v2\/posts"}],"about":[{"href":"https:\/\/semmelweis.hu\/hok\/wp-json\/wp\/v2\/types\/post"}],"author":[{"embeddable":true,"href":"https:\/\/semmelweis.hu\/hok\/wp-json\/wp\/v2\/users\/101158"}],"replies":[{"embeddable":true,"href":"https:\/\/semmelweis.hu\/hok\/wp-json\/wp\/v2\/comments?post=8994"}],"version-history":[{"count":6,"href":"https:\/\/semmelweis.hu\/hok\/wp-json\/wp\/v2\/posts\/8994\/revisions"}],"predecessor-version":[{"id":9004,"href":"https:\/\/semmelweis.hu\/hok\/wp-json\/wp\/v2\/posts\/8994\/revisions\/9004"}],"wp:featuredmedia":[{"embeddable":true,"href":"https:\/\/semmelweis.hu\/hok\/wp-json\/wp\/v2\/media\/8995"}],"wp:attachment":[{"href":"https:\/\/semmelweis.hu\/hok\/wp-json\/wp\/v2\/media?parent=8994"}],"wp:term":[{"taxonomy":"category","embeddable":true,"href":"https:\/\/semmelweis.hu\/hok\/wp-json\/wp\/v2\/categories?post=8994"},{"taxonomy":"post_tag","embeddable":true,"href":"https:\/\/semmelweis.hu\/hok\/wp-json\/wp\/v2\/tags?post=8994"}],"curies":[{"name":"wp","href":"https:\/\/api.w.org\/{rel}","templated":true}]}}