{"id":8913,"date":"2019-03-13T16:44:29","date_gmt":"2019-03-13T15:44:29","guid":{"rendered":"http:\/\/semmelweis.hu\/hok\/?p=8913"},"modified":"2020-09-10T10:28:38","modified_gmt":"2020-09-10T08:28:38","slug":"tajekoztato-tanulmanyi-osztondijak-2018-2019-2-felev","status":"publish","type":"post","link":"https:\/\/semmelweis.hu\/hok\/2019\/03\/13\/tajekoztato-tanulmanyi-osztondijak-2018-2019-2-felev\/","title":{"rendered":"T\u00e1j\u00e9koztat\u00f3: Tanulm\u00e1nyi \u00d6szt\u00f6nd\u00edjak 2018\/2019 2. f\u00e9l\u00e9v"},"content":{"rendered":"<p style=\"text-align: justify\"><strong>T\u00e1j\u00e9koztat\u00f3: Tanulm\u00e1nyi \u00d6szt\u00f6nd\u00edjak 2018\/2019 2. f\u00e9l\u00e9v<\/strong><\/p>\n<p style=\"text-align: justify\">\u00a0<\/p>\n<p style=\"text-align: justify\"><span style=\"font-weight: 400\">Meg\u00e1llap\u00edt\u00e1sra ker\u00fcltek a 2018\/19-es tan\u00e9v 2. f\u00e9l\u00e9v tanulm\u00e1nyi \u00f6szt\u00f6nd\u00edjai a 2018 \u0151szi f\u00e9l\u00e9vben elfogadott \u00faj T\u00e9r\u00edt\u00e9si \u00e9s Juttat\u00e1si Szab\u00e1lyzat (tov\u00e1bbiakban: TJSZ) (<\/span><a href=\"https:\/\/l.facebook.com\/l.php?u=https%3A%2F%2Fgoo.gl%2Ff64um6%3Ffbclid%3DIwAR1229df4gmVZJDI9c5bf7buwxKXGYCQEjp00_V9xFymJwDMSKN3DI4Wb9c&amp;h=AT2394qhvKc5FUtRI1j0_VK5ShrO_FcZDWsDddeQQqQ0VgEyFAEfjPjwwGol_0uNCph1MdQBrBkqSfZ_h5zMV__YzxvxLG-jc9WcqznMgIkpj3f4k-kl0Bv0IMUS0KQMh1IyIdm1urJzOxB3HA8hf_WDWI5uN5Nxp5eVvpvvKA\"><span style=\"font-weight: 400\">https:\/\/goo.gl\/f64um6<\/span><\/a><span style=\"font-weight: 400\">) alapj\u00e1n, az eg\u00e9sz Egyetemen egys\u00e9ges m\u00f3don. A jogosultak sz\u00e1m\u00e1ra a meg\u00e1llap\u00edtott \u00f6sszeg hamarosan a Neptun-rendszerben is l\u00e1that\u00f3v\u00e1 fog v\u00e1lni.<\/span><\/p>\n<p style=\"text-align: justify\">\u00a0<\/p>\n<p style=\"text-align: justify\"><span style=\"font-weight: 400\">A Szen\u00e1tus d\u00f6nt\u00e9se \u00e9rtelm\u00e9ben \u00f6szt\u00f6nd\u00edjra az az \u00e1llamilag t\u00e1mogatott, teljes idej\u0171 k\u00e9pz\u00e9sben r\u00e9szt vev\u0151, akt\u00edv f\u00e9l\u00e9vre\u00a0beiratkozott hallgat\u00f3 jogosult, aki az al\u00e1bbi felt\u00e9teleknek egy\u00fcttesen megfelelt:<\/span><span style=\"font-weight: 400\"><br \/>\n<\/span><span style=\"font-weight: 400\">-az el\u0151z\u0151 f\u00e9l\u00e9vben legal\u00e1bb a mintatervben el\u0151\u00edrt sz\u00e1m\u00fa kreditet teljes\u00edtett,<\/span><span style=\"font-weight: 400\"><br \/>\n<\/span><span style=\"font-weight: 400\">-a mintaterv szerint az el\u0151z\u0151 f\u00e9l\u00e9vre el\u0151\u00edrt (k\u00f6telez\u0151 \u00e9s k\u00f6telez\u0151en v\u00e1laszthat\u00f3-ahol alkalmazhat\u00f3) krediteinek 70%-\u00e1t teljes\u00edtette\u00a0<\/span><span style=\"font-weight: 400\"><br \/>\n<\/span><span style=\"font-weight: 400\">-minden \u00e1ltala felvett kredit\u00e9rt\u00e9kkel rendelkez\u0151 k\u00f6telez\u0151 t\u00e1rgy\u00e1t teljes\u00edtette,<\/span><span style=\"font-weight: 400\"><br \/>\n<\/span><span style=\"font-weight: 400\">-korrig\u00e1lt kreditekkel s\u00falyozott tanulm\u00e1nyi \u00e1tlaga (tov\u00e1bbiakban KS\u00c1) meghaladja a homog\u00e9n csoport medi\u00e1n KS\u00c1 \u00e9rt\u00e9k\u00e9t<\/span><span style=\"font-weight: 400\"><br \/>\n<\/span><span style=\"font-weight: 400\">-az \u00c1OK VI. \u00e9vfolyam eset\u00e9ben: I. illetve II. f\u00e9l\u00e9v\u00e9re els\u0151 alkalommal jelentkezett be<\/span><\/p>\n<p style=\"text-align: justify\">\u00a0<\/p>\n<p style=\"text-align: justify\"><span style=\"font-weight: 400\">A kreditekkel s\u00falyozott tanulm\u00e1nyi \u00e1tlag (tov\u00e1bbiakban S\u00c1) sz\u00e1m\u00edt\u00e1sa sor\u00e1n a t\u00e1rgyelhagy\u00e1s minden fajt\u00e1ja (&#8222;nem jelent meg&#8221;, &#8222;al\u00e1\u00edr\u00e1s megtagadva&#8221;, stb.) 1-es \u00e9rdemjeggyel ker\u00fcl figyelembe v\u00e9telre!<\/span><\/p>\n<p style=\"text-align: justify\"><span style=\"font-weight: 400\">Az \u00f6szt\u00f6nd\u00edj \u00e9rt\u00e9ke a TJSZ \u00e9rtelm\u00e9ben a k\u00f6vetkez\u0151 m\u00f3don ker\u00fcl meghat\u00e1roz\u00e1sra:<\/span><span style=\"font-weight: 400\"><br \/>\n<\/span><span style=\"font-weight: 400\">1. A minim\u00e1lis tanulm\u00e1nyi \u00e1tlaghoz (S\u00c1) tartoz\u00f3 \u00f6sszeg &#8211; legal\u00e1bb 6425 Ft<\/span><span style=\"font-weight: 400\"><br \/>\n<\/span><span style=\"font-weight: 400\">2. Ehhez a tanulm\u00e1nyi \u00e1tlag minden tov\u00e1bbi 0,01-a ut\u00e1n j\u00e1r\u00f3 \u00f6sszeg ad\u00f3dik hozz\u00e1.<\/span><span style=\"font-weight: 400\"><br \/>\n<\/span><span style=\"font-weight: 400\">3. Az 1. \u00e9s 2. pont szerinti \u00f6sszeget a k\u00f6telez\u0151 t\u00e1rgyakb\u00f3l elv\u00e9gzett kreditsz\u00e1m \u00e9s a mintaterv alapj\u00e1n el\u0151\u00edrt kreditsz\u00e1m h\u00e1nyados\u00e1val kell beszorozni. A mintatanterv alapj\u00e1n el\u0151\u00edrt kreditsz\u00e1m a Tanulm\u00e1nyi T\u00e1j\u00e9koztat\u00f3ban megtal\u00e1lhat\u00f3, mindenkire az beiratkoz\u00e1sakor \u00e9rv\u00e9nyes tanterv vonatkozik.<\/span><\/p>\n<p style=\"text-align: justify\">\u00a0<\/p>\n<p style=\"text-align: justify\"><span style=\"font-weight: 400\">A lent tal\u00e1lhat\u00f3 adatok alapj\u00e1n kisz\u00e1molhatj\u00e1tok az \u00f6szt\u00f6nd\u00edjatok \u00f6sszeg\u00e9t. Figyeljetek a 3. pont szerinti szorz\u00e1s elv\u00e9gz\u00e9s\u00e9re a sz\u00e1m\u00edt\u00e1s v\u00e9g\u00e9n!<\/span><\/p>\n<p style=\"text-align: justify\">\u00a0<\/p>\n<p style=\"text-align: justify\"><span style=\"font-weight: 400\">A t\u00e1j\u00e9koztat\u00f3ban az \u00e9vfolyamok a 2018\/2019-es tan\u00e9v szerint vannak felt\u00fcntetve.<\/span><\/p>\n<p style=\"text-align: justify\">\u00a0<\/p>\n<p style=\"text-align: justify\"><span style=\"font-weight: 400\">Amennyiben probl\u00e9ma mer\u00fclne fel a meg\u00e1llap\u00edtott \u00f6szt\u00f6nd\u00edjakkal kapcsolatban, k\u00e9rd\u00e9seteket a H\u00d6K-nek a hok.oktatas@semmelweis-univ.hu cimen, fellebbez\u00e9ssel pedig a Neptunban t\u00f6rt\u00e9nt ki\u00edr\u00e1st\u00f3l sz\u00e1m\u00edtott 15 napon bel\u00fcl \u00e9lhettek a Szoci\u00e1lis \u00e9s Es\u00e9lyegyenl\u00f3s\u00e9gi Bizotts\u00e1gnak c\u00edmzett hallgat\u00f3i jogorvoslati k\u00e9relemmel kozponti.szeb@semmelweis-univ.hu email c\u00edmen. A fellebbez\u00e9si id\u0151szak lez\u00e1r\u00e1s\u00e1t k\u00f6vet\u0151en \u00fajabb fellebbez\u00e9ssel \u00e9lni nem lehet!<\/span><\/p>\n\n<!-- iframe plugin v.4.9 wordpress.org\/plugins\/iframe\/ -->\n<iframe loading=\"lazy\" src=\"https:\/\/docs.google.com\/spreadsheets\/d\/e\/2PACX-1vR20x62gTrjY7dgHIEkiZRu5UGvjoUgcDFDXSAwqHjvF9BM3UOTxYgKLuQBwYs2pLPR8LPbw7Mu8U0g\/pubhtml?widget=true&#038;headers=false\" width=\"100%\" height=\"700\" scrolling=\"yes\" class=\"iframe-class\" frameborder=\"0\"><\/iframe>\n\n<p>&nbsp;<\/p>\n","protected":false},"excerpt":{"rendered":"<p>T\u00e1j\u00e9koztat\u00f3: Tanulm\u00e1nyi \u00d6szt\u00f6nd\u00edjak 2018\/2019 2. f\u00e9l\u00e9v \u00a0 Meg\u00e1llap\u00edt\u00e1sra ker\u00fcltek a 2018\/19-es tan\u00e9v 2. f\u00e9l\u00e9v tanulm\u00e1nyi \u00f6szt\u00f6nd\u00edjai a 2018 \u0151szi f\u00e9l\u00e9vben elfogadott \u00faj T\u00e9r\u00edt\u00e9si \u00e9s Juttat\u00e1si Szab\u00e1lyzat (tov\u00e1bbiakban: TJSZ) ( <a href=\"https:\/\/l.facebook.com\/l.php?u=https%3A%2F%2Fgoo.gl%2Ff64um6%3Ffbclid%3DIwAR1229df4gmVZJDI9c5bf7buwxKXGYCQEjp00_V9xFymJwDMSKN3DI4Wb9c&amp;h=AT2394qhvKc5FUtRI1j0_VK5ShrO_FcZDWsDddeQQqQ0VgEyFAEfjPjwwGol_0uNCph1MdQBrBkqSfZ_h5zMV__YzxvxLG-jc9WcqznMgIkpj3f4k-kl0Bv0IMUS0KQMh1IyIdm1urJzOxB3HA8hf_WDWI5uN5Nxp5eVvpvvKA\">https:\/\/goo.gl\/f64um6<\/a> ) alapj\u00e1n, az eg\u00e9sz Egyetemen egys\u00e9ges m\u00f3don. A jogosultak sz\u00e1m\u00e1ra a meg\u00e1llap\u00edtott \u00f6sszeg hamarosan a Neptun-rendszerben is l\u00e1that\u00f3v\u00e1 fog v\u00e1lni. \u00a0 A Szen\u00e1tus d\u00f6nt\u00e9se \u00e9rtelm\u00e9ben \u00f6szt\u00f6nd\u00edjra &hellip;<\/p>\n","protected":false},"author":101158,"featured_media":0,"comment_status":"closed","ping_status":"closed","sticky":false,"template":"","format":"standard","meta":{"_acf_changed":false,"footnotes":""},"categories":[5],"tags":[35,34,45],"class_list":["post-8913","post","type-post","status-publish","format-standard","hentry","category-hirek","tag-altalanos","tag-egyetem","tag-osztondij"],"acf":[],"publishpress_future_action":{"enabled":false,"date":"1970-01-01 01:00:00","action":"","terms":[],"taxonomy":"","browser_timezone_offset":0},"_links":{"self":[{"href":"https:\/\/semmelweis.hu\/hok\/wp-json\/wp\/v2\/posts\/8913","targetHints":{"allow":["GET"]}}],"collection":[{"href":"https:\/\/semmelweis.hu\/hok\/wp-json\/wp\/v2\/posts"}],"about":[{"href":"https:\/\/semmelweis.hu\/hok\/wp-json\/wp\/v2\/types\/post"}],"author":[{"embeddable":true,"href":"https:\/\/semmelweis.hu\/hok\/wp-json\/wp\/v2\/users\/101158"}],"replies":[{"embeddable":true,"href":"https:\/\/semmelweis.hu\/hok\/wp-json\/wp\/v2\/comments?post=8913"}],"version-history":[{"count":8,"href":"https:\/\/semmelweis.hu\/hok\/wp-json\/wp\/v2\/posts\/8913\/revisions"}],"predecessor-version":[{"id":9984,"href":"https:\/\/semmelweis.hu\/hok\/wp-json\/wp\/v2\/posts\/8913\/revisions\/9984"}],"wp:attachment":[{"href":"https:\/\/semmelweis.hu\/hok\/wp-json\/wp\/v2\/media?parent=8913"}],"wp:term":[{"taxonomy":"category","embeddable":true,"href":"https:\/\/semmelweis.hu\/hok\/wp-json\/wp\/v2\/categories?post=8913"},{"taxonomy":"post_tag","embeddable":true,"href":"https:\/\/semmelweis.hu\/hok\/wp-json\/wp\/v2\/tags?post=8913"}],"curies":[{"name":"wp","href":"https:\/\/api.w.org\/{rel}","templated":true}]}}