{"id":7861,"date":"2019-02-07T13:37:52","date_gmt":"2019-02-07T12:37:52","guid":{"rendered":"http:\/\/semmelweis.hu\/hok\/?p=7861"},"modified":"2019-02-07T13:37:52","modified_gmt":"2019-02-07T12:37:52","slug":"erasmus","status":"publish","type":"post","link":"https:\/\/semmelweis.hu\/hok\/2019\/02\/07\/erasmus\/","title":{"rendered":"ERASMUS+"},"content":{"rendered":"<p><img loading=\"lazy\" decoding=\"async\" class=\"aligncenter wp-image-7862 size-full\" src=\"https:\/\/semmelweis.hu\/hok\/files\/2019\/02\/ERASMUS.jpg\" alt=\"\" width=\"1600\" height=\"456\" srcset=\"https:\/\/semmelweis.hu\/hok\/files\/2019\/02\/ERASMUS.jpg 1600w, https:\/\/semmelweis.hu\/hok\/files\/2019\/02\/ERASMUS-300x86.jpg 300w, https:\/\/semmelweis.hu\/hok\/files\/2019\/02\/ERASMUS-768x219.jpg 768w, https:\/\/semmelweis.hu\/hok\/files\/2019\/02\/ERASMUS-1024x292.jpg 1024w, https:\/\/semmelweis.hu\/hok\/files\/2019\/02\/ERASMUS-753x215.jpg 753w\" sizes=\"auto, (max-width: 1600px) 100vw, 1600px\" \/><\/p>\n<p>Kedves Hallgat\u00f3k!<\/p>\n<p>Felh\u00edvjuk figyelmeteket az\u00a0Erasmus+ tanulm\u00e1nyi mobilit\u00e1si programra.\u00a0<\/p>\n<p>B\u0151vebb inform\u00e1ci\u00f3t<a href=\"https:\/\/semmelweis.hu\/erasmus\/erasmus\/hallgatoi-mobilitas\/tanulmanyi-program\/palyazati-felhivas-2\/\"> ITT<\/a> tal\u00e1ltok! A regisztr\u00e1ci\u00f3 hat\u00e1rideje febru\u00e1r 8-a (p\u00e9ntek).\u00a0<\/p>\n","protected":false},"excerpt":{"rendered":"<p>Kedves Hallgat\u00f3k!<br \/>\nFelh\u00edvjuk figyelmeteket az\u00a0Erasmus+ tanulm\u00e1nyi mobilit\u00e1si programra.\u00a0<br \/>\nB\u0151vebb inform\u00e1ci\u00f3t<a href=\"https:\/\/semmelweis.hu\/erasmus\/erasmus\/hallgatoi-mobilitas\/tanulmanyi-program\/palyazati-felhivas-2\/\"> ITT<\/a> tal\u00e1ltok! A regisztr\u00e1ci\u00f3 hat\u00e1rideje febru\u00e1r 8-a (p\u00e9ntek).\u00a0<\/p>\n","protected":false},"author":101512,"featured_media":0,"comment_status":"closed","ping_status":"closed","sticky":false,"template":"","format":"standard","meta":{"_acf_changed":false,"footnotes":""},"categories":[5],"tags":[8,49],"class_list":["post-7861","post","type-post","status-publish","format-standard","hentry","category-hirek","tag-aok","tag-erasmus"],"acf":[],"publishpress_future_action":{"enabled":false,"date":"1970-01-01 01:00:00","action":"","terms":[],"taxonomy":"","browser_timezone_offset":0},"_links":{"self":[{"href":"https:\/\/semmelweis.hu\/hok\/wp-json\/wp\/v2\/posts\/7861","targetHints":{"allow":["GET"]}}],"collection":[{"href":"https:\/\/semmelweis.hu\/hok\/wp-json\/wp\/v2\/posts"}],"about":[{"href":"https:\/\/semmelweis.hu\/hok\/wp-json\/wp\/v2\/types\/post"}],"author":[{"embeddable":true,"href":"https:\/\/semmelweis.hu\/hok\/wp-json\/wp\/v2\/users\/101512"}],"replies":[{"embeddable":true,"href":"https:\/\/semmelweis.hu\/hok\/wp-json\/wp\/v2\/comments?post=7861"}],"version-history":[{"count":1,"href":"https:\/\/semmelweis.hu\/hok\/wp-json\/wp\/v2\/posts\/7861\/revisions"}],"predecessor-version":[{"id":7863,"href":"https:\/\/semmelweis.hu\/hok\/wp-json\/wp\/v2\/posts\/7861\/revisions\/7863"}],"wp:attachment":[{"href":"https:\/\/semmelweis.hu\/hok\/wp-json\/wp\/v2\/media?parent=7861"}],"wp:term":[{"taxonomy":"category","embeddable":true,"href":"https:\/\/semmelweis.hu\/hok\/wp-json\/wp\/v2\/categories?post=7861"},{"taxonomy":"post_tag","embeddable":true,"href":"https:\/\/semmelweis.hu\/hok\/wp-json\/wp\/v2\/tags?post=7861"}],"curies":[{"name":"wp","href":"https:\/\/api.w.org\/{rel}","templated":true}]}}