{"id":7392,"date":"2018-11-12T22:59:49","date_gmt":"2018-11-12T21:59:49","guid":{"rendered":"http:\/\/semmelweis.hu\/hok\/?p=7392"},"modified":"2019-02-05T14:58:10","modified_gmt":"2019-02-05T13:58:10","slug":"palyazati-kiiras-kozossegi-kiegeszito-osztondij","status":"publish","type":"post","link":"https:\/\/semmelweis.hu\/hok\/2018\/11\/12\/palyazati-kiiras-kozossegi-kiegeszito-osztondij\/","title":{"rendered":"P\u00e1ly\u00e1zati Ki\u00edr\u00e1s &#8211; K\u00f6z\u00f6ss\u00e9gi Kieg\u00e9sz\u00edt\u0151 \u00d6szt\u00f6nd\u00edj"},"content":{"rendered":"<h3>A Semmelweis Egyetem Hallgat\u00f3i \u00d6nkorm\u00e1nyzat a TJSZ 20. \u00a7 (5)(7)<br \/>\nbekezd\u00e9s\u00e9ben meghat\u00e1rozott \u00f6szt\u00f6nd\u00edjat alap\u00edt.<\/h3>\n<h3>Az \u00f6szt\u00f6nd\u00edj megnevez\u00e9se K\u00f6z\u00f6ss\u00e9gi Kieg\u00e9sz\u00edt\u0151 \u00d6szt\u00f6nd\u00edj.<\/h3>\n<h3>Az \u00f6szt\u00f6nd\u00edj forr\u00e1sa a ki\u00edr\u00e1sban meghat\u00e1rozott forr\u00e1s.<\/h3>\n<p>&nbsp;<\/p>\n<h3>I.\u00a0 \u00c1ltal\u00e1nos rendelkez\u00e9sek<\/h3>\n<h6>Az \u00f6szt\u00f6nd\u00edjra p\u00e1ly\u00e1zhat, \u00f6szt\u00f6nd\u00edjban r\u00e9szes\u00edthet\u0151:<\/h6>\n<p>Az a hallgat\u00f3, aki a jogszab\u00e1lyok \u00e9s a TJSZ 8. \u00a7 (3) pontja alapj\u00e1n k\u00f6z\u00e9leti \u00f6szt\u00f6nd\u00edjra jogosult volna, ha nem r\u00e9szid\u0151s, hanem teljes idej\u0171 k\u00e9pz\u00e9sben venne r\u00e9szt.<\/p>\n<p>Az \u00f6szt\u00f6nd\u00edj \u00f6sszeg\u00e9t a p\u00e1ly\u00e1zatok elb\u00edr\u00e1l\u00f3ja \u00e1llap\u00edtja meg, az \u00f6sszegre alkalmazni kell a k\u00f6z\u00e9leti \u00f6szt\u00f6nd\u00edj vonatkoz\u00e1s\u00e1ban a H\u00d6K k\u00fcld\u00f6ttgy\u0171l\u00e9se \u00e1ltal a tipikus feladatokhoz, feladatk\u00f6r\u00f6kh\u00f6z, tev\u00e9kenys\u00e9gekhez rendelten a H\u00d6K K\u00fcld\u00f6ttgy\u0171l\u00e9s meghat\u00e1rozott \u00f6sszegeket.<\/p>\n<p>Kieg\u00e9sz\u00edt\u0151 k\u00f6z\u00f6ss\u00e9gi \u00f6szt\u00f6nd\u00edjban egy tev\u00e9kenys\u00e9g alapj\u00e1n egy id\u0151szakra vonatkoz\u00f3an egyszer r\u00e9szes\u00edthet\u0151 a hallgat\u00f3. A kieg\u00e9sz\u00edt\u0151 k\u00f6z\u00f6ss\u00e9gi \u00f6szt\u00f6nd\u00edj meg\u00e1llap\u00edt\u00e1sa sor\u00e1n figyelmen k\u00edv\u00fcl kell hagyni azt a tev\u00e9kenys\u00e9get, amennyiben az adott tev\u00e9kenys\u00e9g alapj\u00e1n a hallgat\u00f3 m\u00e1r k\u00f6z\u00e9leti \u00f6szt\u00f6nd\u00edjban r\u00e9szes\u00fclt.<\/p>\n<p><strong>Az \u00f6szt\u00f6nd\u00edj forr\u00e1sa<\/strong> a H\u00d6K keret\u00e9n l\u00e9v\u0151 egy\u00e9b int\u00e9zm\u00e9nyi bev\u00e9tel (saj\u00e1t bev\u00e9tel), tov\u00e1bb\u00e1 b\u00e1rmely szervezeti egys\u00e9g \u00e1ltal erre a c\u00e9lra a H\u00d6K-nek esetlegesen \u00e1tadott saj\u00e1t bev\u00e9tel.<\/p>\n<p>Az \u00f6szt\u00f6nd\u00edj p\u00e1ly\u00e1zati lehet\u0151s\u00e9g\u00e9t, illetve kifizet\u00e9s\u00e9t a H\u00d6K eln\u00f6ke <strong>felf\u00fcggesztheti<\/strong>, ha a rendelkez\u00e9sre \u00e1ll\u00f3 forr\u00e1s elfogy.<\/p>\n<h3><strong>II. A<\/strong><strong> P\u00c1LY\u00c1ZAT BENY\u00daJT\u00c1S\u00c1NAK M\u00d3DJA<\/strong><\/h3>\n<ol style=\"list-style-type: upper-roman\">\n<li><strong>A p\u00e1ly\u00e1zat beny\u00fajt\u00e1s\u00e1nak helye<br \/>\n<\/strong>a) Ha a Neptun-rendszerben el\u00e9rhet\u0151 a vonatkoz\u00f3 k\u00e9rv\u00e9ny, akkor a p\u00e1ly\u00e1zatokat a <strong>Neptun \u2013 \u00dcgyint\u00e9z\u00e9s men\u00fc \u2013 K\u00e9rv\u00e9nyek<\/strong> men\u00fcpontban lehet leadni.<br \/>\nb) Ha a Neptun-rendszerben nem \u00e9rhet\u0151 el a vonatkoz\u00f3 k\u00e9rv\u00e9ny, akkor a p\u00e1ly\u00e1zatokat a H\u00d6K eln\u00f6ke \u00e1ltal el\u00e9rhet\u0151v\u00e9 tett \u0171rlapot kit\u00f6ltve, a Hallgat\u00f3i Irod\u00e1ban lehet leadni.<\/li>\n<li><strong>A p\u00e1ly\u00e1zat beny\u00fajt\u00e1s\u00e1nak ideje<br \/>\n<\/strong>A 2018\/2019 1. F\u00e9l\u00e9v p\u00e1ly\u00e1zati id\u0151szakai:<\/li>\n<\/ol>\n<ul>\n<li>szeptember 30-\u00e1t megel\u0151z\u0151en v\u00e9gzett k\u00f6z\u00e9leti tev\u00e9kenys\u00e9g p\u00e1ly\u00e1zati id\u0151szaka: 2018. november 12-20.<\/li>\n<li>okt\u00f3ber 31-\u00e9t megel\u0151z\u0151en v\u00e9gzett k\u00f6z\u00e9leti tev\u00e9kenys\u00e9g p\u00e1ly\u00e1zati id\u0151szaka: 2018. november 12-20.<\/li>\n<li>november 30-\u00e1t megel\u0151z\u0151en v\u00e9gzett k\u00f6z\u00e9leti tev\u00e9kenys\u00e9g p\u00e1ly\u00e1zati id\u0151szaka: 2018. december 1-7.<\/li>\n<li>december 14-\u00e9t megel\u0151z\u0151en v\u00e9gzett k\u00f6z\u00e9leti tev\u00e9kenys\u00e9g p\u00e1ly\u00e1zati id\u0151szaka: 2018. december 7-14.<\/li>\n<li>janu\u00e1r 31-\u00e9t megel\u0151z\u0151en v\u00e9gzett k\u00f6z\u00e9leti tev\u00e9kenys\u00e9g p\u00e1ly\u00e1zati id\u0151szaka: 2019. febru\u00e1r 5-14.<\/li>\n<\/ul>\n<p>A hat\u00e1rid\u0151 be nem tart\u00e1sa jogveszt\u0151 hat\u00e1ly\u00fa. Hi\u00e1nyp\u00f3tl\u00e1sra nincs lehet\u0151s\u00e9g. A p\u00e1ly\u00e1zati id\u0151szak v\u00e9g\u00e9ig (II. 2. pont) a p\u00e1ly\u00e1z\u00f3 k\u00f6teles leadni k\u00e9rv\u00e9ny\u00e9t. A k\u00e9rv\u00e9ny akkor sz\u00e1m\u00edt leadottnak, ha a Neptun \u2013 \u00dcgyint\u00e9z\u00e9s men\u00fc \u2013 K\u00e9rv\u00e9nyek men\u00fcpont \u2013 Leadott k\u00e9rv\u00e9nyek f\u00fcl alatt szerepel a k\u00e9rv\u00e9ny.<\/p>\n<p>A p\u00e1ly\u00e1z\u00e1s egy\u00e9ni, \u00edgy a csoportos p\u00e1ly\u00e1zatok eset\u00e9n sz\u00fcks\u00e9ges a csoportos tev\u00e9kenys\u00e9gben r\u00e9szt vev\u0151 hallgat\u00f3k mindegyik\u00e9nek beny\u00fajtania p\u00e1ly\u00e1zati k\u00e9rv\u00e9nyt.<\/p>\n<h3><strong>III. Beny\u00fajtand\u00f3 igazol\u00e1sok, dokumentumok:<\/strong><\/h3>\n<p>A p\u00e1ly\u00e1zathoz csatolni kell a p\u00e1ly\u00e1zat alapj\u00e1t k\u00e9pz\u0151 tev\u00e9kenys\u00e9g vagy tev\u00e9kenys\u00e9gek bemutat\u00e1s\u00e1t tartalmaz\u00f3 besz\u00e1mol\u00f3t, vagy ha az nyilv\u00e1nosan k\u00f6zz\u00e9 let t\u00e9ve az egyetem honlapj\u00e1n, akkor a k\u00f6zz\u00e9tett besz\u00e1mol\u00f3ra mutate linket fel kell t\u00fcntetni.<\/p>\n<p>Azon egyszer\u0171 tev\u00e9kenys\u00e9gekr\u0151l, amelyeket a H\u00d6K eln\u00f6ke, illetve a megb\u00edz\u00e1s\u00e1b\u00f3l elj\u00e1r\u00f3 szem\u00e9ly kimutat\u00e1st vezet, nem kell r\u00e9szletes besz\u00e1mol\u00f3t k\u00e9sz\u00edteni, de meg kell nevezni a p\u00e1ly\u00e1zatban. (A p\u00e1ly\u00e1z\u00f3 felel az\u00e9rt, hogy t\u00e1j\u00e9koz\u00f3djon arr\u00f3l, hogy mely tev\u00e9kenys\u00e9gekr\u0151l k\u00e9sz\u00fcl r\u00e9szletes kimutat\u00e1s, \u00e9s ez\u00e9rt nem sz\u00fcks\u00e9ges arr\u00f3l besz\u00e1mol\u00f3t k\u00e9sz\u00edtenie.)<\/p>\n<h3><strong>IV. Az elb\u00edr\u00e1l\u00e1s szempontja \u00e9s hat\u00e1rideje; elb\u00edr\u00e1l\u00e1s\u00e1ra jogosult test\u00fclet vagy szem\u00e9ly:<\/strong><\/h3>\n<p>Az \u00f6szt\u00f6nd\u00edjra val\u00f3 jogosults\u00e1g \u00e9s az \u00f6szt\u00f6nd\u00edj \u00f6sszege a besz\u00e1mol\u00f3 \u00e9s a III. pont szerinti kimutat\u00e1sok tartalm\u00e1ra tekintettel ker\u00fcl meg\u00e1llap\u00edt\u00e1sra. Az \u00f6sszegre a H\u00d6K eln\u00f6ke tesz javaslatot (H\u00d6K eln\u00f6ke eset\u00e9n a H\u00d6K ellen\u0151rz\u0151 bizotts\u00e1g eln\u00f6ke), tipikus feladatokhoz, feladatk\u00f6r\u00f6kh\u00f6z, tev\u00e9kenys\u00e9gekhez rendelt macim\u00e1lis \u00f6sszegeket tartalmaz\u00f3 H\u00d6K K\u00fcld\u00f6ttgy\u0171l\u00e9si hat\u00e1rozat tartalm\u00e1ra tekintettel, \u00e9s a teljes\u00edtettnek elfogadott tev\u00e9kenys\u00e9gek alapj\u00e1n.<\/p>\n<p><strong>B\u00edr\u00e1lati hat\u00e1rid\u0151<\/strong>: bead\u00e1si id\u0151szak lez\u00e1rult\u00e1t k\u00f6vet\u0151 60. nap.<\/p>\n<p>A b\u00edr\u00e1latra a H\u00d6K a TJSZ 8. \u00a7 (3) bekezd\u00e9s szeritni bizotts\u00e1got k\u00e9ri fel.<br \/>\na) Ha a TJSZ 8. \u00a7 (3) bekezd\u00e9s szerinti bizotts\u00e1g ezt v\u00e1llalja, akkor ez a bizotts\u00e1g v\u00e9gzi a b\u00edr\u00e1latot, d\u00f6nt az \u00f6szt\u00f6nd\u00edj oda\u00edt\u00e9l\u00e9s\u00e9r\u0151l \u00e9s \u00f6sszeg\u00e9r\u0151l.<br \/>\nb) Ha a TJSZ 8. \u00a7 (3) bekezd\u00e9s szerinti bizotts\u00e1g ezt nem v\u00e1llalja, akkor a H\u00d6K eln\u00f6k\u00e9b\u0151l vagy megb\u00edzottj\u00e1b\u00f3l, a H\u00d6K eln\u00f6ke \u00e1ltal felk\u00e9rt aleln\u00f6kb\u0151l \u00e9s az Ellen\u0151rz\u0151 Bizott\u00e1sg eln\u00f6k\u00e9b\u0151l \u00e1ll\u00f3 ad hoc bizotts\u00e1g d\u00f6nt az \u00f6szt\u00f6nd\u00edj oda\u00edt\u00e9l\u00e9s\u00e9r\u0151l \u00e9s \u00f6sszeg\u00e9r\u0151l.<\/p>\n<p>Saj\u00e1t p\u00e1ly\u00e1zat\u00e1nak b\u00edr\u00e1lat\u00e1ban nem vehet r\u00e9szt az, aki az \u00f6szt\u00f6nd\u00edjra p\u00e1ly\u00e1zott.<\/p>\n<ol>\n<li>\n<h3><strong>V. Egy\u00e9b tudnival\u00f3k<\/strong><\/h3>\n<p><strong>a. Megfelel\u0151 dokumentumok<\/strong><\/p>\n<ul>\n<li>A k\u00e9rv\u00e9nyekhez csak limit\u00e1lt maxim\u00e1lis m\u00e9ret\u0171 PDF \u00e9s JPG form\u00e1tum\u00fa elektronikus dokumentumok ker\u00fclnek mell\u00e9kletk\u00e9nt val\u00f3 elfogad\u00e1sra<\/li>\n<li>A t\u00f6bboldalas dokumentumok csak az \u00f6sszes oldal felt\u00f6lt\u00e9s\u00e9vel \u00e9rv\u00e9nyesek.<\/li>\n<li>A nem magyar nyelv\u0171 dokumentumokn\u00e1l a b\u00edr\u00e1l\u00f3 k\u00e9rheti azok mell\u00e9 a saj\u00e1t ford\u00edt\u00e1s felt\u00f6lt\u00e9s\u00e9t<\/li>\n<li>A dokumentumokat az elektronikus \u0171rlap megfelel\u0151 helyeire sz\u00fcks\u00e9ges felt\u00f6lteni. Csak a megfelel\u0151 helyre felt\u00f6lt\u00f6tt dokumentumok vehet\u0151k figyelembe a b\u00edr\u00e1l\u00e1s sor\u00e1n.<\/li>\n<\/ul>\n<p><strong>b. Adatkezel\u00e9s<\/strong><\/p>\n<ul>\n<li>A p\u00e1ly\u00e1zat sor\u00e1n megadott szem\u00e9lyes adatok kezel\u00e9s\u00e9re, illetve feldolgoz\u00e1s\u00e1ra a H\u00d6K eln\u00f6ke, az \u00e1ltala ezzel megb\u00edzott szem\u00e9ly, tov\u00e1bb\u00e1 a b\u00edr\u00e1l\u00f3 bizotts\u00e1g jogosult. Ezen adatok kiz\u00e1r\u00f3lag a leadott p\u00e1ly\u00e1zat b\u00edr\u00e1lat\u00e1hoz, illetve feldolgoz\u00e1s\u00e1hoz ker\u00fclnek felhaszn\u00e1l\u00e1sra.<\/li>\n<li>A szem\u00e9lyes adatok kezel\u00e9s\u00e9vel, v\u00e9delm\u00e9vel kapcsolatban a p\u00e1ly\u00e1z\u00f3 a Nemzeti Adatv\u00e9delmi \u00e9s Inform\u00e1ci\u00f3szabads\u00e1g Hat\u00f3s\u00e1ghoz fordulhat, tov\u00e1bb\u00e1 b\u00edr\u00f3s\u00e1gi jogorvoslattal \u00e9lhet.\n<\/li>\n<\/ul>\n<p><strong>c<\/strong>. A b\u00edr\u00e1latot el\u0151k\u00e9sz\u00edt\u0151 szem\u00e9ly lehet\u0151s\u00e9get adhat a k\u00e9rv\u00e9ny kijav\u00edt\u00e1s\u00e1ra a bead\u00e1st k\u00f6vet\u0151en.<\/p>\n<p><strong>d. Jogorvoslat:\u00a0<\/strong>\u00e1ltal\u00e1nos szab\u00e1lyok szerint.<\/p>\n<\/li>\n<\/ol>\n","protected":false},"excerpt":{"rendered":"<p>A Semmelweis Egyetem Hallgat\u00f3i \u00d6nkorm\u00e1nyzat a TJSZ 20. \u00a7 (5)(7) bekezd\u00e9s\u00e9ben meghat\u00e1rozott \u00f6szt\u00f6nd\u00edjat alap\u00edt. Az \u00f6szt\u00f6nd\u00edj megnevez\u00e9se K\u00f6z\u00f6ss\u00e9gi Kieg\u00e9sz\u00edt\u0151 \u00d6szt\u00f6nd\u00edj. Az \u00f6szt\u00f6nd\u00edj forr\u00e1sa a ki\u00edr\u00e1sban meghat\u00e1rozott forr\u00e1s. &nbsp; I.\u00a0 \u00c1ltal\u00e1nos rendelkez\u00e9sek Az \u00f6szt\u00f6nd\u00edjra p\u00e1ly\u00e1zhat, \u00f6szt\u00f6nd\u00edjban r\u00e9szes\u00edthet\u0151: Az a hallgat\u00f3, aki a jogszab\u00e1lyok \u00e9s a TJSZ 8. \u00a7 (3) pontja alapj\u00e1n k\u00f6z\u00e9leti \u00f6szt\u00f6nd\u00edjra jogosult volna, ha &hellip;<\/p>\n","protected":false},"author":101158,"featured_media":0,"comment_status":"closed","ping_status":"closed","sticky":false,"template":"","format":"standard","meta":{"_acf_changed":false,"footnotes":""},"categories":[1,5],"tags":[35,34,45],"class_list":["post-7392","post","type-post","status-publish","format-standard","hentry","category-egyeb","category-hirek","tag-altalanos","tag-egyetem","tag-osztondij"],"acf":[],"publishpress_future_action":{"enabled":false,"date":"1970-01-01 01:00:00","action":"","terms":[],"taxonomy":"","browser_timezone_offset":0},"_links":{"self":[{"href":"https:\/\/semmelweis.hu\/hok\/wp-json\/wp\/v2\/posts\/7392","targetHints":{"allow":["GET"]}}],"collection":[{"href":"https:\/\/semmelweis.hu\/hok\/wp-json\/wp\/v2\/posts"}],"about":[{"href":"https:\/\/semmelweis.hu\/hok\/wp-json\/wp\/v2\/types\/post"}],"author":[{"embeddable":true,"href":"https:\/\/semmelweis.hu\/hok\/wp-json\/wp\/v2\/users\/101158"}],"replies":[{"embeddable":true,"href":"https:\/\/semmelweis.hu\/hok\/wp-json\/wp\/v2\/comments?post=7392"}],"version-history":[{"count":3,"href":"https:\/\/semmelweis.hu\/hok\/wp-json\/wp\/v2\/posts\/7392\/revisions"}],"predecessor-version":[{"id":7845,"href":"https:\/\/semmelweis.hu\/hok\/wp-json\/wp\/v2\/posts\/7392\/revisions\/7845"}],"wp:attachment":[{"href":"https:\/\/semmelweis.hu\/hok\/wp-json\/wp\/v2\/media?parent=7392"}],"wp:term":[{"taxonomy":"category","embeddable":true,"href":"https:\/\/semmelweis.hu\/hok\/wp-json\/wp\/v2\/categories?post=7392"},{"taxonomy":"post_tag","embeddable":true,"href":"https:\/\/semmelweis.hu\/hok\/wp-json\/wp\/v2\/tags?post=7392"}],"curies":[{"name":"wp","href":"https:\/\/api.w.org\/{rel}","templated":true}]}}