{"id":2686,"date":"2009-09-03T12:45:54","date_gmt":"2009-09-03T10:45:54","guid":{"rendered":"http:\/\/www.ehok.usn.hu\/?p=2686"},"modified":"2018-10-16T20:54:15","modified_gmt":"2018-10-16T18:54:15","slug":"asem-duo-thaifold-2010-csereprogram","status":"publish","type":"post","link":"https:\/\/semmelweis.hu\/hok\/2009\/09\/03\/asem-duo-thaifold-2010-csereprogram\/","title":{"rendered":"ASEM-DUO Thaif\u00f6ld 2010 csereprogram"},"content":{"rendered":"<p><strong>P\u00c1LY\u00c1ZATI FELH\u00cdV\u00c1S<\/strong><br \/>\n<strong>ASEM-DUO Thaif\u00f6ld 2010 csereprogram<\/strong><br \/>\n(az \u00c1zsia-Eur\u00f3pa Egy\u00fcttm\u0171k\u00f6d\u00e9s keret\u00e9ben)<br \/>\nAz ASEM (Asia Europe Meeting) egy 1996-ban alakult f\u00f3rum, melynek 43 orsz\u00e1g a tagja, t\u00f6bbek k\u00f6z\u00f6tt az Eur\u00f3pai Uni\u00f3 tagorsz\u00e1gai.<br \/>\nA csereprogram thaif\u00f6ldi \u00e9s ASEM eur\u00f3pai tagorsz\u00e1gok k\u00f6z\u00f6tti fels\u0151oktat\u00e1si int\u00e9zm\u00e9nyek hallgat\u00f3i \u00e9s oktat\u00f3i k\u00f6z\u00f6tti cser\u00e9t seg\u00edti el\u0151.<br \/>\nA csereprogram keret\u00e9ben \u201ecserep\u00e1rok\u201d kialak\u00edt\u00e1s\u00e1ra van sz\u00fcks\u00e9g, teh\u00e1t egy thai \u00e9s egy eur\u00f3pai hallgat\u00f3, illetve oktat\u00f3 utazhat egy bizonyos egyetemre, \u00e9s egy j\u00f6het ugyanarr\u00f3l az egyetemr\u0151l a program keret\u00e9ben.<br \/>\nA csere id\u0151tartama hallgat\u00f3k eset\u00e9ben 4 h\u00f3nap, oktat\u00f3k eset\u00e9ben 1 h\u00f3nap.<br \/>\n<strong>Az \u00f6szt\u00f6nd\u00edj \u00f6sszege a k\u00f6vetkez\u0151:<\/strong><br \/>\nThai hallgat\u00f3:\u00a0\u00a0\u00a0 1.200 Euro\/h\u00f3<br \/>\nEur\u00f3pai hallgat\u00f3:\u00a0\u00a0\u00a0 800 Euro\/h\u00f3<br \/>\nEur\u00f3pai oktat\u00f3:\u00a0\u00a0\u00a0 3.600 Euro\/h\u00f3<br \/>\nThai oktat\u00f3:\u00a0\u00a0\u00a0 \u00a0\u00a0\u00a0 2.400 Euro\/h\u00f3<br \/>\nA p\u00e1ly\u00e1zat bead\u00e1si hat\u00e1rideje: 2009. okt\u00f3ber 30.<br \/>\nTov\u00e1bbi inform\u00e1ci\u00f3 \u00e9s jelentkez\u00e9si lap tal\u00e1lhat\u00f3 az al\u00e1bbi honlapon:<br \/>\n<a href=\"http:\/\/www.asemduo.org\/sub_2\/5_1.asp\" target=\"_blank\">http:\/\/www.asemduo.org\/sub_2\/5_1.asp<\/a><\/p>\n","protected":false},"excerpt":{"rendered":"<p>P\u00c1LY\u00c1ZATI FELH\u00cdV\u00c1S ASEM-DUO Thaif\u00f6ld 2010 csereprogram (az \u00c1zsia-Eur\u00f3pa Egy\u00fcttm\u0171k\u00f6d\u00e9s keret\u00e9ben) Az ASEM (Asia Europe Meeting) egy 1996-ban alakult f\u00f3rum, melynek 43 orsz\u00e1g a tagja, t\u00f6bbek k\u00f6z\u00f6tt az Eur\u00f3pai Uni\u00f3 tagorsz\u00e1gai. A csereprogram thaif\u00f6ldi \u00e9s ASEM eur\u00f3pai tagorsz\u00e1gok k\u00f6z\u00f6tti fels\u0151oktat\u00e1si int\u00e9zm\u00e9nyek hallgat\u00f3i \u00e9s oktat\u00f3i k\u00f6z\u00f6tti cser\u00e9t seg\u00edti el\u0151. A csereprogram keret\u00e9ben \u201ecserep\u00e1rok\u201d kialak\u00edt\u00e1s\u00e1ra van sz\u00fcks\u00e9g, teh\u00e1t &hellip;<\/p>\n","protected":false},"author":158,"featured_media":0,"comment_status":"open","ping_status":"open","sticky":false,"template":"","format":"standard","meta":{"_acf_changed":false,"footnotes":""},"categories":[5],"tags":[39,11],"class_list":["post-2686","post","type-post","status-publish","format-standard","hentry","category-hirek","tag-archiv","tag-palyazat"],"acf":[],"publishpress_future_action":{"enabled":false,"date":"1970-01-01 01:00:00","action":"","terms":[],"taxonomy":"","browser_timezone_offset":0},"_links":{"self":[{"href":"https:\/\/semmelweis.hu\/hok\/wp-json\/wp\/v2\/posts\/2686","targetHints":{"allow":["GET"]}}],"collection":[{"href":"https:\/\/semmelweis.hu\/hok\/wp-json\/wp\/v2\/posts"}],"about":[{"href":"https:\/\/semmelweis.hu\/hok\/wp-json\/wp\/v2\/types\/post"}],"author":[{"embeddable":true,"href":"https:\/\/semmelweis.hu\/hok\/wp-json\/wp\/v2\/users\/158"}],"replies":[{"embeddable":true,"href":"https:\/\/semmelweis.hu\/hok\/wp-json\/wp\/v2\/comments?post=2686"}],"version-history":[{"count":1,"href":"https:\/\/semmelweis.hu\/hok\/wp-json\/wp\/v2\/posts\/2686\/revisions"}],"predecessor-version":[{"id":6812,"href":"https:\/\/semmelweis.hu\/hok\/wp-json\/wp\/v2\/posts\/2686\/revisions\/6812"}],"wp:attachment":[{"href":"https:\/\/semmelweis.hu\/hok\/wp-json\/wp\/v2\/media?parent=2686"}],"wp:term":[{"taxonomy":"category","embeddable":true,"href":"https:\/\/semmelweis.hu\/hok\/wp-json\/wp\/v2\/categories?post=2686"},{"taxonomy":"post_tag","embeddable":true,"href":"https:\/\/semmelweis.hu\/hok\/wp-json\/wp\/v2\/tags?post=2686"}],"curies":[{"name":"wp","href":"https:\/\/api.w.org\/{rel}","templated":true}]}}