{"id":19793,"date":"2026-08-31T22:16:10","date_gmt":"2026-08-31T20:16:10","guid":{"rendered":"https:\/\/semmelweis.hu\/hok\/?p=19793"},"modified":"2026-08-31T22:16:10","modified_gmt":"2026-08-31T20:16:10","slug":"allas-bokod-kozseg-onkormanyzata-fogorvos","status":"publish","type":"post","link":"https:\/\/semmelweis.hu\/hok\/2026\/08\/31\/allas-bokod-kozseg-onkormanyzata-fogorvos\/","title":{"rendered":"\u00c1ll\u00e1s &#8211; Bokod K\u00f6zs\u00e9g \u00d6nkorm\u00e1nyzata \/ Fogorvos"},"content":{"rendered":"<p><strong data-olk-copy-source=\"MessageBody\">Munkak\u00f6r:<\/strong><br \/>\n&#8211; Fogorvos<br \/>\n&#8211; Bokod, Dadi utca 3\/A.<br \/>\n&#8211;\u00a0<em>egy\u00e9ni<\/em><\/p>\n<p>&#8211; Fogorvost keres\u00fcnk<br \/>\nBOKOD-DAD-K\u00d6ML\u0150D telep\u00fcl\u00e9sek \u00e1ltal alkotott 4293 lakoss\u00e1gsz\u00e1m\u00fa fog\u00e1szati k\u00f6rzetbe, feln\u0151tt \u00e9s iskolafog\u00e1szati ell\u00e1t\u00e1si k\u00f6telezetts\u00e9ggel fogorvost keres\u00fcnk.<br \/>\nA fog\u00e1szati rendel\u0151 helye:<br \/>\n2855 Bokod, Dadi utca 3\/a. sz\u00e1m alatti Eg\u00e9szs\u00e9gh\u00e1z<br \/>\nA jogviszony jellege:<br \/>\nEg\u00e9szs\u00e9g\u00fcgyi szolg\u00e1lati jogviszony<br \/>\n\u00c9rdekl\u0151dni lehet:<br \/>\nZsigmond Anik\u00f3 jegyz\u0151n\u00e9l 20\/4480699 telefonsz\u00e1mon, vagy a jegyzo@bokod.hu e-mail c\u00edmen.<\/p>\n<p><strong>Munk\u00e1ltat\u00f3:<\/strong><br \/>\n&#8211; Bokod K\u00f6zs\u00e9g \u00d6nkorm\u00e1nyzata<br \/>\n&#8211; Bokod, H\u0151s\u00f6k tere 6.<br \/>\n&#8211; Zsigmond Anik\u00f3<br \/>\n&#8211; jegyzo@bokod.hu<br \/>\n&#8211; +36204480699<\/p>\n<p><strong>Munkaer\u0151 ig\u00e9ny:<\/strong><br \/>\n&#8211; diplom\u00e1s<\/p>\n<p><strong>Honor\u00e1rium:<\/strong><br \/>\nfix b\u00e9rez\u00e9s<\/p>\n<p><strong>P\u00e1ly\u00e1zati id\u0151szak v\u00e9ge:<\/strong><br \/>\n2026-09-24<\/p>\n<p><strong>A jelentkez\u0151 \u00e1ltal elk\u00fcldend\u0151 mell\u00e9kletek:<\/strong><br \/>\nCV<\/p>\n<p style=\"font-style: italic;\">&#8211; &#8211; &#8211; &#8211; &#8211; &#8211; &#8211; &#8211;<br \/>\nPost expires at 12:00de. on 2026 szeptember 25th<\/p>\n","protected":false},"excerpt":{"rendered":"<p>Munkak\u00f6r: &#8211; Fogorvos &#8211; Bokod, Dadi utca 3\/A. &#8211;\u00a0egy\u00e9ni &#8211; Fogorvost keres\u00fcnk BOKOD-DAD-K\u00d6ML\u0150D telep\u00fcl\u00e9sek \u00e1ltal alkotott 4293 lakoss\u00e1gsz\u00e1m\u00fa fog\u00e1szati k\u00f6rzetbe, feln\u0151tt \u00e9s iskolafog\u00e1szati ell\u00e1t\u00e1si k\u00f6telezetts\u00e9ggel fogorvost keres\u00fcnk. A fog\u00e1szati rendel\u0151 helye: 2855 Bokod, Dadi utca 3\/a. sz\u00e1m alatti Eg\u00e9szs\u00e9gh\u00e1z A jogviszony jellege: Eg\u00e9szs\u00e9g\u00fcgyi szolg\u00e1lati jogviszony \u00c9rdekl\u0151dni lehet: Zsigmond Anik\u00f3 jegyz\u0151n\u00e9l 20\/4480699 telefonsz\u00e1mon, vagy a jegyzo@bokod.hu &hellip;<\/p>\n","protected":false},"author":102545,"featured_media":0,"comment_status":"closed","ping_status":"closed","sticky":false,"template":"","format":"standard","meta":{"_acf_changed":false,"footnotes":""},"categories":[247],"tags":[],"class_list":["post-19793","post","type-post","status-publish","format-standard","hentry","category-allas"],"acf":[],"publishpress_future_action":{"enabled":true,"date":"2026-09-25 00:00:00","action":"category","newStatus":"draft","terms":[766],"taxonomy":"category","extraData":[]},"publishpress_future_workflow_manual_trigger":{"enabledWorkflows":[]},"_links":{"self":[{"href":"https:\/\/semmelweis.hu\/hok\/wp-json\/wp\/v2\/posts\/19793","targetHints":{"allow":["GET"]}}],"collection":[{"href":"https:\/\/semmelweis.hu\/hok\/wp-json\/wp\/v2\/posts"}],"about":[{"href":"https:\/\/semmelweis.hu\/hok\/wp-json\/wp\/v2\/types\/post"}],"author":[{"embeddable":true,"href":"https:\/\/semmelweis.hu\/hok\/wp-json\/wp\/v2\/users\/102545"}],"replies":[{"embeddable":true,"href":"https:\/\/semmelweis.hu\/hok\/wp-json\/wp\/v2\/comments?post=19793"}],"version-history":[{"count":1,"href":"https:\/\/semmelweis.hu\/hok\/wp-json\/wp\/v2\/posts\/19793\/revisions"}],"predecessor-version":[{"id":19794,"href":"https:\/\/semmelweis.hu\/hok\/wp-json\/wp\/v2\/posts\/19793\/revisions\/19794"}],"wp:attachment":[{"href":"https:\/\/semmelweis.hu\/hok\/wp-json\/wp\/v2\/media?parent=19793"}],"wp:term":[{"taxonomy":"category","embeddable":true,"href":"https:\/\/semmelweis.hu\/hok\/wp-json\/wp\/v2\/categories?post=19793"},{"taxonomy":"post_tag","embeddable":true,"href":"https:\/\/semmelweis.hu\/hok\/wp-json\/wp\/v2\/tags?post=19793"}],"curies":[{"name":"wp","href":"https:\/\/api.w.org\/{rel}","templated":true}]}}