{"id":19395,"date":"2026-03-25T15:23:21","date_gmt":"2026-03-25T14:23:21","guid":{"rendered":"https:\/\/semmelweis.hu\/hok\/?p=19395"},"modified":"2026-03-25T15:23:21","modified_gmt":"2026-03-25T14:23:21","slug":"palyazati-kiiras-a-hok-ekk-kari-vezetoi-poziciojara","status":"publish","type":"post","link":"https:\/\/semmelweis.hu\/hok\/2026\/03\/25\/palyazati-kiiras-a-hok-ekk-kari-vezetoi-poziciojara\/","title":{"rendered":"P\u00e1ly\u00e1zati ki\u00edr\u00e1s a H\u00d6K EKK kari vezet\u0151i poz\u00edci\u00f3j\u00e1ra"},"content":{"rendered":"<p><span style=\"font-family: 'pt serif';font-size: 14pt\"><b>A Semmelweis Egyetem Hallgat\u00f3i \u00d6nkorm\u00e1nyzata (SE H\u00d6K) p\u00e1ly\u00e1zatot hirdet az Eg\u00e9szs\u00e9g\u00fcgyi K\u00f6zszolg\u00e1lati Kar (EKK) kari vezet\u0151i tiszts\u00e9g\u00e9nek bet\u00f6lt\u00e9s\u00e9re.<\/b>\u00a0<\/span><\/p>\n<p><span style=\"font-family: 'pt serif';font-size: 14pt\">Olyan elhivatott, proakt\u00edv \u00e9s a hallgat\u00f3i \u00e9rdekk\u00e9pviselet ir\u00e1nt elk\u00f6telezett hallgat\u00f3k jelentkez\u00e9s\u00e9t v\u00e1rjuk, akik sz\u00edvesen v\u00e1llalnak felel\u0151ss\u00e9get az EKK hallgat\u00f3i k\u00f6z\u00f6ss\u00e9g\u00e9nek ir\u00e1ny\u00edt\u00e1s\u00e1\u00e9rt, valamint a kar \u00e9s az egyetemi vezet\u00e9s k\u00f6z\u00f6tti hat\u00e9kony kommunik\u00e1ci\u00f3\u00e9rt.\u00a0<\/span><\/p>\n<p><span style=\"font-family: 'pt serif';font-size: 18pt\"><b>A kari vezet\u0151 feladatai \u00e9s jogk\u00f6rei<\/b>\u00a0<\/span><\/p>\n<p><span style=\"font-family: 'pt serif';font-size: 14pt\">A tiszts\u00e9ggel j\u00e1r\u00f3 jogokat \u00e9s k\u00f6telezetts\u00e9geket a SE H\u00d6K Alapszab\u00e1ly\u00e1nak 17. \u00a7-a hat\u00e1rozza meg (<a href=\"https:\/\/semmelweis.hu\/hok\/files\/2026\/02\/Frissitett-HOK-alapszabaly-2025-11-26.pdf\">H\u00d6K Alapszab\u00e1ly<\/a>):\u00a0<\/span><\/p>\n<p><span style=\"font-family: 'pt serif';font-size: 14pt\"><b>(1) A kari vezet\u0151 jogai, feladatai:<\/b>\u00a0<\/span><\/p>\n<ul>\n<li data-leveltext=\"\uf0b7\" data-font=\"Symbol\" data-listid=\"1\" data-list-defn-props=\"{&quot;335552541&quot;:1,&quot;335559685&quot;:720,&quot;335559991&quot;:360,&quot;469769226&quot;:&quot;Symbol&quot;,&quot;469769242&quot;:[8226],&quot;469777803&quot;:&quot;left&quot;,&quot;469777804&quot;:&quot;\uf0b7&quot;,&quot;469777815&quot;:&quot;multilevel&quot;}\" data-aria-posinset=\"1\" data-aria-level=\"1\"><span style=\"font-family: 'pt serif';font-size: 14pt\">javaslatot tesz a kari \u00e9s egy\u00e9b bizotts\u00e1gok hallgat\u00f3i tagjaira,\u00a0<\/span><\/li>\n<\/ul>\n<ul>\n<li data-leveltext=\"\uf0b7\" data-font=\"Symbol\" data-listid=\"1\" data-list-defn-props=\"{&quot;335552541&quot;:1,&quot;335559685&quot;:720,&quot;335559991&quot;:360,&quot;469769226&quot;:&quot;Symbol&quot;,&quot;469769242&quot;:[8226],&quot;469777803&quot;:&quot;left&quot;,&quot;469777804&quot;:&quot;\uf0b7&quot;,&quot;469777815&quot;:&quot;multilevel&quot;}\" data-aria-posinset=\"2\" data-aria-level=\"1\"><span style=\"font-family: 'pt serif';font-size: 14pt\">ir\u00e1ny\u00edtja az \u00e9vfolyam k\u00e9pvisel\u0151k munk\u00e1j\u00e1t,\u00a0<\/span><\/li>\n<\/ul>\n<ul>\n<li data-leveltext=\"\uf0b7\" data-font=\"Symbol\" data-listid=\"1\" data-list-defn-props=\"{&quot;335552541&quot;:1,&quot;335559685&quot;:720,&quot;335559991&quot;:360,&quot;469769226&quot;:&quot;Symbol&quot;,&quot;469769242&quot;:[8226],&quot;469777803&quot;:&quot;left&quot;,&quot;469777804&quot;:&quot;\uf0b7&quot;,&quot;469777815&quot;:&quot;multilevel&quot;}\" data-aria-posinset=\"3\" data-aria-level=\"1\"><span style=\"font-family: 'pt serif';font-size: 14pt\">gondoskodik az \u00e9vfolyam k\u00e9pvisel\u0151 rendszer m\u0171k\u00f6d\u00e9s\u00e9r\u0151l,\u00a0<\/span><\/li>\n<\/ul>\n<ul>\n<li data-leveltext=\"\uf0b7\" data-font=\"Symbol\" data-listid=\"1\" data-list-defn-props=\"{&quot;335552541&quot;:1,&quot;335559685&quot;:720,&quot;335559991&quot;:360,&quot;469769226&quot;:&quot;Symbol&quot;,&quot;469769242&quot;:[8226],&quot;469777803&quot;:&quot;left&quot;,&quot;469777804&quot;:&quot;\uf0b7&quot;,&quot;469777815&quot;:&quot;multilevel&quot;}\" data-aria-posinset=\"4\" data-aria-level=\"1\"><span style=\"font-family: 'pt serif';font-size: 14pt\">gondoskodik az Eln\u00f6ks\u00e9g hat\u00e1rozatainak v\u00e9grehajt\u00e1s\u00e1r\u00f3l,\u00a0<\/span><\/li>\n<\/ul>\n<ul>\n<li data-leveltext=\"\uf0b7\" data-font=\"Symbol\" data-listid=\"1\" data-list-defn-props=\"{&quot;335552541&quot;:1,&quot;335559685&quot;:720,&quot;335559991&quot;:360,&quot;469769226&quot;:&quot;Symbol&quot;,&quot;469769242&quot;:[8226],&quot;469777803&quot;:&quot;left&quot;,&quot;469777804&quot;:&quot;\uf0b7&quot;,&quot;469777815&quot;:&quot;multilevel&quot;}\" data-aria-posinset=\"5\" data-aria-level=\"1\"><span style=\"font-family: 'pt serif';font-size: 14pt\">javaslatot tesz az \u00e9vfolyam k\u00e9pvisel\u0151k \u00e9s a karon dolgoz\u00f3k juttat\u00e1s\u00e1nak m\u00e9rt\u00e9k\u00e9re,\u00a0<\/span><\/li>\n<\/ul>\n<ul>\n<li data-leveltext=\"\uf0b7\" data-font=\"Symbol\" data-listid=\"1\" data-list-defn-props=\"{&quot;335552541&quot;:1,&quot;335559685&quot;:720,&quot;335559991&quot;:360,&quot;469769226&quot;:&quot;Symbol&quot;,&quot;469769242&quot;:[8226],&quot;469777803&quot;:&quot;left&quot;,&quot;469777804&quot;:&quot;\uf0b7&quot;,&quot;469777815&quot;:&quot;multilevel&quot;}\" data-aria-posinset=\"6\" data-aria-level=\"1\"><span style=\"font-family: 'pt serif';font-size: 14pt\">tan\u00e1cskoz\u00e1si joggal r\u00e9szt vehet minden olyan bizotts\u00e1g \u00fcl\u00e9s\u00e9n, amely hallgat\u00f3kat \u00e9rint\u0151 k\u00e9rd\u00e9sekkel foglalkozik,\u00a0<\/span><\/li>\n<\/ul>\n<ul>\n<li data-leveltext=\"\uf0b7\" data-font=\"Symbol\" data-listid=\"1\" data-list-defn-props=\"{&quot;335552541&quot;:1,&quot;335559685&quot;:720,&quot;335559991&quot;:360,&quot;469769226&quot;:&quot;Symbol&quot;,&quot;469769242&quot;:[8226],&quot;469777803&quot;:&quot;left&quot;,&quot;469777804&quot;:&quot;\uf0b7&quot;,&quot;469777815&quot;:&quot;multilevel&quot;}\" data-aria-posinset=\"7\" data-aria-level=\"1\"><span style=\"font-family: 'pt serif';font-size: 14pt\">a jogszab\u00e1lyokban, az Egyetem, illetve a Kar szab\u00e1lyzataiban r\u00f6gz\u00edtett egy\u00e9b jogokat gyakorolhat,\u00a0<\/span><\/li>\n<\/ul>\n<ul>\n<li data-leveltext=\"\uf0b7\" data-font=\"Symbol\" data-listid=\"1\" data-list-defn-props=\"{&quot;335552541&quot;:1,&quot;335559685&quot;:720,&quot;335559991&quot;:360,&quot;469769226&quot;:&quot;Symbol&quot;,&quot;469769242&quot;:[8226],&quot;469777803&quot;:&quot;left&quot;,&quot;469777804&quot;:&quot;\uf0b7&quot;,&quot;469777815&quot;:&quot;multilevel&quot;}\" data-aria-posinset=\"8\" data-aria-level=\"1\"><span style=\"font-family: 'pt serif';font-size: 14pt\">tiszts\u00e9g\u00e9n\u00e9l fogva a SE H\u00d6K Eln\u00f6ks\u00e9g\u00e9nek tagja, a SE H\u00d6K deleg\u00e1ltja a kar Kari Tan\u00e1cs\u00e1ba.\u00a0<\/span><\/li>\n<\/ul>\n<p><span style=\"font-family: 'pt serif';font-size: 14pt\"><b>(2) A kinevez\u00e9s rendje:<\/b>\u00a0A kari vezet\u0151t a SE H\u00d6K eln\u00f6ke nevezi ki, mely megb\u00edzat\u00e1s legfeljebb a SE H\u00d6K eln\u00f6k mand\u00e1tum\u00e1ig tart. Amennyiben a kari vezet\u0151t a SE H\u00d6K eln\u00f6ke id\u0151 el\u0151tt visszah\u00edvja tiszts\u00e9g\u00e9b\u0151l, \u00fagy k\u00f6teles \u00faj kari vezet\u0151t kinevezni a hely\u00e9re.\u00a0<\/span><\/p>\n<p><span style=\"font-family: 'pt serif';font-size: 14pt\"><b>(3) A helyettes\u00edt\u00e9s rendje:<\/b>\u00a0A kari vezet\u0151 a helyettes\u00e9t maga jel\u00f6li ki, vagy h\u00edvja vissza. Err\u0151l t\u00e1j\u00e9koztatja a SE H\u00d6K eln\u00f6k\u00e9t \u00e9s Titk\u00e1r\u00e1t.\u00a0<\/span><\/p>\n<p><span style=\"font-family: 'pt serif';font-size: 18pt\"><b>A p\u00e1ly\u00e1zat r\u00e9szek\u00e9nt beny\u00fajtand\u00f3 dokumentumok:<\/b>\u00a0<\/span><\/p>\n<p><span style=\"font-family: 'pt serif';font-size: 14pt\">A p\u00e1ly\u00e1zat \u00e9rv\u00e9nyess\u00e9g\u00e9hez az al\u00e1bbi dokumentumok hi\u00e1nytalan beny\u00fajt\u00e1sa sz\u00fcks\u00e9ges:\u00a0<\/span><\/p>\n<ul>\n<li data-leveltext=\"\uf0b7\" data-font=\"Symbol\" data-listid=\"2\" data-list-defn-props=\"{&quot;335552541&quot;:1,&quot;335559685&quot;:720,&quot;335559991&quot;:360,&quot;469769226&quot;:&quot;Symbol&quot;,&quot;469769242&quot;:[8226],&quot;469777803&quot;:&quot;left&quot;,&quot;469777804&quot;:&quot;\uf0b7&quot;,&quot;469777815&quot;:&quot;multilevel&quot;}\" data-aria-posinset=\"1\" data-aria-level=\"1\"><span style=\"font-family: 'pt serif';font-size: 14pt\"><b>F\u00e9nyk\u00e9pes szakmai \u00f6n\u00e9letrajz (CV)<\/b>\u00a0<\/span><\/li>\n<\/ul>\n<ul>\n<li data-leveltext=\"\uf0b7\" data-font=\"Symbol\" data-listid=\"2\" data-list-defn-props=\"{&quot;335552541&quot;:1,&quot;335559685&quot;:720,&quot;335559991&quot;:360,&quot;469769226&quot;:&quot;Symbol&quot;,&quot;469769242&quot;:[8226],&quot;469777803&quot;:&quot;left&quot;,&quot;469777804&quot;:&quot;\uf0b7&quot;,&quot;469777815&quot;:&quot;multilevel&quot;}\" data-aria-posinset=\"2\" data-aria-level=\"1\"><span style=\"font-family: 'pt serif';font-size: 14pt\"><b>Motiv\u00e1ci\u00f3s lev\u00e9l:<\/b>\u00a0Maximum 1-2 oldal terjedelemben, amelyben a p\u00e1ly\u00e1z\u00f3 kifejti, mi\u00e9rt szeretn\u00e9 bet\u00f6lteni a poz\u00edci\u00f3t.\u00a0Times New Roman, 12-es bet\u0171m\u00e9ret, 1,5x-es sork\u00f6z.\u00a0\u00a0<\/span><\/li>\n<\/ul>\n<ul>\n<li data-leveltext=\"\uf0b7\" data-font=\"Symbol\" data-listid=\"2\" data-list-defn-props=\"{&quot;335552541&quot;:1,&quot;335559685&quot;:720,&quot;335559991&quot;:360,&quot;469769226&quot;:&quot;Symbol&quot;,&quot;469769242&quot;:[8226],&quot;469777803&quot;:&quot;left&quot;,&quot;469777804&quot;:&quot;\uf0b7&quot;,&quot;469777815&quot;:&quot;multilevel&quot;}\" data-aria-posinset=\"3\" data-aria-level=\"1\"><span style=\"font-family: 'pt serif';font-size: 14pt\"><b>Programterv:<\/b>\u00a0A kar hallgat\u00f3i \u00e9let\u00e9nek, az \u00e9rdekk\u00e9pviseletnek \u00e9s az EKK H\u00d6K j\u00f6v\u0151beni m\u0171k\u00f6d\u00e9s\u00e9nek \u00e1tfog\u00f3 terve \u00e9s c\u00e9lkit\u0171z\u00e9sei.\u00a0<\/span><\/li>\n<\/ul>\n<ul>\n<li data-leveltext=\"\uf0b7\" data-font=\"Symbol\" data-listid=\"2\" data-list-defn-props=\"{&quot;335552541&quot;:1,&quot;335559685&quot;:720,&quot;335559991&quot;:360,&quot;469769226&quot;:&quot;Symbol&quot;,&quot;469769242&quot;:[8226],&quot;469777803&quot;:&quot;left&quot;,&quot;469777804&quot;:&quot;\uf0b7&quot;,&quot;469777815&quot;:&quot;multilevel&quot;}\" data-aria-posinset=\"4\" data-aria-level=\"1\"><span style=\"font-family: 'pt serif';font-size: 14pt\"><b>Nyilatkozat az Alapszab\u00e1ly 24. \u00a7-a szerint:<\/b>\u00a0A kit\u00f6lt\u00f6tt \u00e9s al\u00e1\u00edrt formanyomtatv\u00e1ny. (A nyomtatv\u00e1ny let\u00f6lthet\u0151 innen:\u00a0<a href=\"https:\/\/semmelweis.hu\/hok\/files\/2021\/09\/24-nyilatkozat.pdf\">24. \u00a7 Nyilatkozat PDF<\/a>)\u00a0<\/span><\/li>\n<\/ul>\n<ul>\n<li data-leveltext=\"\uf0b7\" data-font=\"Symbol\" data-listid=\"2\" data-list-defn-props=\"{&quot;335552541&quot;:1,&quot;335559685&quot;:720,&quot;335559991&quot;:360,&quot;469769226&quot;:&quot;Symbol&quot;,&quot;469769242&quot;:[8226],&quot;469777803&quot;:&quot;left&quot;,&quot;469777804&quot;:&quot;\uf0b7&quot;,&quot;469777815&quot;:&quot;multilevel&quot;}\" data-aria-posinset=\"5\" data-aria-level=\"1\"><span style=\"font-family: 'pt serif';font-size: 14pt\"><b>Hallgat\u00f3i jogviszony-igazol\u00e1s:<\/b> A p\u00e1ly\u00e1zat beny\u00fajt\u00e1sakor 15 napn\u00e1l nem r\u00e9gebbi, akt\u00edv hallgat\u00f3i jogviszonyt igazol\u00f3 dokumentum.\u00a0<\/span><\/li>\n<\/ul>\n<p><span style=\"font-family: 'pt serif';font-size: 18pt\"><b>A p\u00e1ly\u00e1zat beny\u00fajt\u00e1s\u00e1nak m\u00f3dja \u00e9s hat\u00e1rideje:<\/b>\u00a0<\/span><\/p>\n<ul>\n<li data-leveltext=\"\uf0b7\" data-font=\"Symbol\" data-listid=\"3\" data-list-defn-props=\"{&quot;335552541&quot;:1,&quot;335559685&quot;:720,&quot;335559991&quot;:360,&quot;469769226&quot;:&quot;Symbol&quot;,&quot;469769242&quot;:[8226],&quot;469777803&quot;:&quot;left&quot;,&quot;469777804&quot;:&quot;\uf0b7&quot;,&quot;469777815&quot;:&quot;multilevel&quot;}\" data-aria-posinset=\"1\" data-aria-level=\"1\"><span style=\"font-family: 'pt serif';font-size: 14pt\"><b>Beny\u00fajt\u00e1si hat\u00e1rid\u0151:<\/b>\u00a0<b>2026.03.31. 23:59<\/b>\u00a0<\/span><\/li>\n<\/ul>\n<ul>\n<li data-leveltext=\"\uf0b7\" data-font=\"Symbol\" data-listid=\"3\" data-list-defn-props=\"{&quot;335552541&quot;:1,&quot;335559685&quot;:720,&quot;335559991&quot;:360,&quot;469769226&quot;:&quot;Symbol&quot;,&quot;469769242&quot;:[8226],&quot;469777803&quot;:&quot;left&quot;,&quot;469777804&quot;:&quot;\uf0b7&quot;,&quot;469777815&quot;:&quot;multilevel&quot;}\" data-aria-posinset=\"2\" data-aria-level=\"1\"><span style=\"font-family: 'pt serif';font-size: 14pt\"><b>Beny\u00fajt\u00e1s m\u00f3dja:<\/b>\u00a0A dokumentumokat PDF form\u00e1tumban, egy e-mailhez csatolva k\u00e9rj\u00fck megk\u00fcldeni\u00a0a\u00a0<a href=\"mailto:hok.president@semmelweis.hu\">hok.president@semmelweis.hu<\/a>\u00a0\u00e9s\u00a0a\u00a0<a href=\"mailto:hok.secretary@semmelweis.hu\">hok.secretary@semmelweis.hu<\/a> e-mail c\u00edmekre.\u00a0<\/span><\/li>\n<\/ul>\n<ul>\n<li data-leveltext=\"\uf0b7\" data-font=\"Symbol\" data-listid=\"3\" data-list-defn-props=\"{&quot;335552541&quot;:1,&quot;335559685&quot;:720,&quot;335559991&quot;:360,&quot;469769226&quot;:&quot;Symbol&quot;,&quot;469769242&quot;:[8226],&quot;469777803&quot;:&quot;left&quot;,&quot;469777804&quot;:&quot;\uf0b7&quot;,&quot;469777815&quot;:&quot;multilevel&quot;}\" data-aria-posinset=\"3\" data-aria-level=\"1\"><span style=\"font-family: 'pt serif';font-size: 14pt\"><b>Az e-mail t\u00e1rgya legyen:<\/b>\u00a0<i>P\u00e1ly\u00e1zat EKK Kari Vezet\u0151i poz\u00edci\u00f3ra\u00a0&#8211;\u00a0P\u00e1ly\u00e1z\u00f3 Neve<\/i>\u00a0<\/span><\/li>\n<\/ul>\n<p><span style=\"font-family: 'pt serif';font-size: 14pt\">A hi\u00e1nyos, vagy a hat\u00e1rid\u0151 ut\u00e1n be\u00e9rkez\u0151 p\u00e1ly\u00e1zatokat az elb\u00edr\u00e1l\u00e1s sor\u00e1n nem \u00e1ll m\u00f3dunkban figyelembe venni. A p\u00e1ly\u00e1zattal kapcsolatban felmer\u00fcl\u0151 k\u00e9rd\u00e9seket a fenti e-mail c\u00edmeken lehet feltenni.\u00a0<\/span><\/p>\n<p><span style=\"font-family: 'pt serif';font-size: 14pt\" data-ccp-props=\"{&quot;134233117&quot;:true,&quot;134233118&quot;:true,&quot;201341983&quot;:0,&quot;335559740&quot;:240}\">\u00a0<\/span><\/p>\n<p><span style=\"font-family: 'pt serif';font-size: 14pt\">Sikeres p\u00e1ly\u00e1z\u00e1st k\u00edv\u00e1nunk!\u00a0<\/span><\/p>\n<p><span style=\"font-family: 'pt serif';font-size: 14pt\"><b>Semmelweis Egyetem Hallgat\u00f3i \u00d6nkorm\u00e1nyzat<\/b>\u00a0<\/span><\/p>\n","protected":false},"excerpt":{"rendered":"<p>A Semmelweis Egyetem Hallgat\u00f3i \u00d6nkorm\u00e1nyzata (SE H\u00d6K) p\u00e1ly\u00e1zatot hirdet az Eg\u00e9szs\u00e9g\u00fcgyi K\u00f6zszolg\u00e1lati Kar (EKK) kari vezet\u0151i tiszts\u00e9g\u00e9nek bet\u00f6lt\u00e9s\u00e9re.\u00a0 Olyan elhivatott, proakt\u00edv \u00e9s a hallgat\u00f3i \u00e9rdekk\u00e9pviselet ir\u00e1nt elk\u00f6telezett hallgat\u00f3k jelentkez\u00e9s\u00e9t v\u00e1rjuk, akik sz\u00edvesen v\u00e1llalnak felel\u0151ss\u00e9get az EKK hallgat\u00f3i k\u00f6z\u00f6ss\u00e9g\u00e9nek ir\u00e1ny\u00edt\u00e1s\u00e1\u00e9rt, valamint a kar \u00e9s az egyetemi vezet\u00e9s k\u00f6z\u00f6tti hat\u00e9kony kommunik\u00e1ci\u00f3\u00e9rt.\u00a0 A kari vezet\u0151 feladatai \u00e9s jogk\u00f6rei\u00a0 &hellip;<\/p>\n","protected":false},"author":102545,"featured_media":0,"comment_status":"closed","ping_status":"closed","sticky":false,"template":"","format":"standard","meta":{"_acf_changed":false,"footnotes":""},"categories":[5],"tags":[],"class_list":["post-19395","post","type-post","status-publish","format-standard","hentry","category-hirek"],"acf":[],"publishpress_future_action":{"enabled":false,"date":"1970-01-01 01:00:00","action":"","terms":[],"taxonomy":"","browser_timezone_offset":0},"_links":{"self":[{"href":"https:\/\/semmelweis.hu\/hok\/wp-json\/wp\/v2\/posts\/19395","targetHints":{"allow":["GET"]}}],"collection":[{"href":"https:\/\/semmelweis.hu\/hok\/wp-json\/wp\/v2\/posts"}],"about":[{"href":"https:\/\/semmelweis.hu\/hok\/wp-json\/wp\/v2\/types\/post"}],"author":[{"embeddable":true,"href":"https:\/\/semmelweis.hu\/hok\/wp-json\/wp\/v2\/users\/102545"}],"replies":[{"embeddable":true,"href":"https:\/\/semmelweis.hu\/hok\/wp-json\/wp\/v2\/comments?post=19395"}],"version-history":[{"count":1,"href":"https:\/\/semmelweis.hu\/hok\/wp-json\/wp\/v2\/posts\/19395\/revisions"}],"predecessor-version":[{"id":19396,"href":"https:\/\/semmelweis.hu\/hok\/wp-json\/wp\/v2\/posts\/19395\/revisions\/19396"}],"wp:attachment":[{"href":"https:\/\/semmelweis.hu\/hok\/wp-json\/wp\/v2\/media?parent=19395"}],"wp:term":[{"taxonomy":"category","embeddable":true,"href":"https:\/\/semmelweis.hu\/hok\/wp-json\/wp\/v2\/categories?post=19395"},{"taxonomy":"post_tag","embeddable":true,"href":"https:\/\/semmelweis.hu\/hok\/wp-json\/wp\/v2\/tags?post=19395"}],"curies":[{"name":"wp","href":"https:\/\/api.w.org\/{rel}","templated":true}]}}