{"id":19185,"date":"2026-01-06T21:27:04","date_gmt":"2026-01-06T20:27:04","guid":{"rendered":"https:\/\/semmelweis.hu\/hok\/?p=19185"},"modified":"2026-01-07T19:31:24","modified_gmt":"2026-01-07T18:31:24","slug":"elindul-a-kuldottgyules-2025-os-valasztasa","status":"publish","type":"post","link":"https:\/\/semmelweis.hu\/hok\/2026\/01\/06\/elindul-a-kuldottgyules-2025-os-valasztasa\/","title":{"rendered":"Elindul a K\u00fcld\u00f6ttgy\u0171l\u00e9s 2025-\u00f6s v\u00e1laszt\u00e1sa"},"content":{"rendered":"<p>A V\u00e1laszt\u00e1si K\u00e9pvisel\u0151 d\u00f6nt\u00f6tt a 2025-\u00f6s k\u00fcld\u00f6ttgy\u0171l\u00e9si v\u00e1laszt\u00e1s szavaz\u00e1si id\u0151szak\u00e1nak kezdet\u00e9r\u0151l \u00e9s <a href=\"https:\/\/semmelweis.hu\/hok\/files\/2026\/01\/150015_Az-SE-HOK-Valasztasi-Kepviselojenek-9_2025.-XI.-28.-SE-HOK-VK-sz.-hatarozata-a-2025-os-kuldottgyulesi-valasztas-szavazolapjarol.pdf\">kisorsolta a jel\u00f6ltek sorrendj\u00e9t a szavaz\u00f3lapon.<\/a> Egy hallgat\u00f3t\u00f3l \u00e9rkezett fellebbez\u00e9s nyilv\u00e1ntart\u00e1sba v\u00e9tel\u00e9nek megtagad\u00e1s\u00e1val kapcsolatban, melyet a <a href=\"https:\/\/semmelweis.hu\/hok\/files\/2026\/01\/145661_Az-SE-HOK-titkaranak-3_2025.XI_.24.-SE-HOK-Titkar-sz.-hatarozata-az-SE-HOK-2025-os-Kuldottgyulesi-valasztassal-kapcsolatos-jogorvoslati-kerelemrol.pdf\">Titk\u00e1r m\u00e1sodfokon elfogadott.<\/a><\/p>\n<p><strong>A v\u00e1laszt\u00e1s 2026. janu\u00e1r 5-\u00e9n 18:00 \u00f3rakor kezd\u0151dik <\/strong>a Neptun UniPoll rendszer\u00e9n kereszt\u00fcl.<\/p>\n<p>Minden akt\u00edv hallgat\u00f3i jogviszonnyal rendelkez\u0151, gradu\u00e1lis k\u00e9pz\u00e9sben l\u00e9v\u0151 hallgat\u00f3 egy szavazattal rendelkezik. A szavaz\u00e1s egy javasolt t\u00e1mogat\u00e1si sorrend megjel\u00f6l\u00e9s\u00e9vel, vagy oly m\u00f3don t\u00f6rt\u00e9nik, hogy a hallgat\u00f3 a szavaz\u00f3lapon tetsz\u0151leges sz\u00e1m\u00fa jel\u00f6lt neve mellett felt\u00fcntet egy 0-n\u00e1l nagyobb, a jel\u00f6ltek sz\u00e1m\u00e1n\u00e1l nem nagyobb eg\u00e9sz sorsz\u00e1mot, \u00fagy, hogy a legink\u00e1bb t\u00e1mogatott jel\u00f6lt neve mell\u00e9 ker\u00fcl a legkisebb, a legkev\u00e9sb\u00e9 t\u00e1mogatott jel\u00f6lt neve mell\u00e9 a legnagyobb sorsz\u00e1m. \u00c9rv\u00e9nyes a szavazat, ha a hallgat\u00f3 a szavaz\u00f3lapot megfelel\u0151en kit\u00f6lt\u00f6tte, \u00e9s egy jel\u00f6ltn\u00e9l sem szerepel azonos sorsz\u00e1m.<\/p>\n<p>A\u00a0<a href=\"https:\/\/semmelweis.hu\/hok\/files\/2025\/11\/HOK-alapszabaly-2025-05-30.pdf#page=41\" target=\"_blank\" rel=\"noopener\">V\u00e1laszt\u00e1si szab\u00e1lyzat 89. \u00a7 (5) bekezd\u00e9s<\/a> alapj\u00e1n legal\u00e1bb a kioszthat\u00f3 mand\u00e1tumok fel\u00e9nek megfelel\u0151 sz\u00e1m\u00fa, nyilv\u00e1ntart\u00e1sba vett k\u00e9pvisel\u0151jel\u00f6lt k\u00f6z\u00f6s nyilatkozattal t\u00e1mogat\u00e1si sorrendet javasolhat a hallgat\u00f3k r\u00e9sz\u00e9re.<\/p>\n<p>A 2025-\u00f6s k\u00fcld\u00f6ttgy\u0171l\u00e9si v\u00e1laszt\u00e1s sor\u00e1n egy t\u00e1mogat\u00e1si sorrend \u00e9rkezett be:<\/p>\n<table style=\"width: 49.2704%;height: 400px\">\n<tbody>\n<tr>\n<td style=\"text-align: center;width: 100%\">1. sz. javasolt t\u00e1mogat\u00e1si sorrend<\/td>\n<\/tr>\n<tr>\n<td style=\"text-align: left;width: 100%\">\n<p>1. Sz\u00fcr\u00f6s M\u00e1t\u00e9<br \/>\n2. Hoffmann R\u00e9ka Mirtill<br \/>\n3. Muskan AWASTHI<br \/>\n4. El-Assaf Ter\u00e9zia<br \/>\n5. Ill\u00e9s Eszter<br \/>\n6. Nyir\u00e1dy Gr\u00e9ta Melitta<br \/>\n7. M\u00e9sz\u00e1ros Evelin Anna<br \/>\n8. Szil\u00e1gyi P\u00e9ter<br \/>\n9. Dezs\u0151 \u00c1d\u00e1m<br \/>\n10. Kov\u00e1cs Dorina<br \/>\n11. Gy\u0151ri L\u00e1szl\u00f3<\/p>\n<\/td>\n<\/tr>\n<\/tbody>\n<\/table>\n<p>&nbsp;<\/p>\n<p>Ha a szavaz\u00f3 nem a javasolt t\u00e1mogat\u00e1si sorrendre teszi a voks\u00e1t, akkor k\u00fcl\u00f6n tudja rangsorolni a jel\u00f6lteket. A jel\u00f6ltek az al\u00e1bbi sorrendben jelennek meg a szavaz\u00f3lapon:<\/p>\n<p style=\"text-align: center\"><span style=\"font-size: 12pt\">(a jel\u00f6ltek nev\u00e9re kattintva a leadott p\u00e1ly\u00e1zataik nyilv\u00e1nos r\u00e9sze \u00e9rhet\u0151 el \u2013 szem\u00e9lyes adatok, mint lakc\u00edm, telefonsz\u00e1m, stb. n\u00e9lk\u00fcl)<\/span><\/p>\n<table style=\"width: 98.8212%;height: 5644px\">\n<tbody>\n<tr style=\"height: 311px\">\n<td style=\"width: 220.667px;text-align: center;height: 311px\"><img loading=\"lazy\" decoding=\"async\" class=\"aligncenter\" src=\"https:\/\/lh3.googleusercontent.com\/pw\/AL9nZEVynitvsg_7sN9_0J8HNHI4je3z1vMo7gM74nVcE7t-E-tqOG-RWRuhFzKaX8Kt5syB8sw-9ahztDvxZqb38DIHLXSp6bK-sq1iolMtSF-MEkKIWlf-YFR2N_kYn80-vYi-mLtGtrt-1uZk7ps-WXKm=w674-h943-no?authuser=0\" width=\"200\" height=\"280\" \/><\/td>\n<td style=\"text-align: left;width: 229.396px;height: 311px\"><a href=\"https:\/\/unisemmelweis.sharepoint.com\/:b:\/r\/teams\/Projekt_HK-StudentsUnion\/Megosztott%20dokumentumok\/For%20H%C3%96K\/Documents%20of%20Committees%20and%20Faculties\/Election%20Officer\/KGY%20v%C3%A1laszt%C3%A1s%202025\/P%C3%A1ly%C3%A1zatok%20(nyilv%C3%A1nos)\/Ku%CC%88ldo%CC%88ttgyu%CC%8Ble%CC%81si%20va%CC%81laszta%CC%81s%202025%20-%20DEZSO%CC%8B%20A%CC%81DA%CC%81M.pdf?csf=1&amp;web=1&amp;e=UICHF2\"><b>Dezs\u0151 \u00c1d\u00e1m<\/b><\/a><\/td>\n<\/tr>\n<tr style=\"height: 311px\">\n<td style=\"width: 220.667px;text-align: center;height: 311px\"><img loading=\"lazy\" decoding=\"async\" class=\"alignnone size-medium wp-image-19192\" src=\"https:\/\/semmelweis.hu\/hok\/files\/2026\/01\/Raphael-David-FEURSTEIN-200x300.jpg\" alt=\"\" width=\"200\" height=\"300\" srcset=\"https:\/\/semmelweis.hu\/hok\/files\/2026\/01\/Raphael-David-FEURSTEIN-200x300.jpg 200w, https:\/\/semmelweis.hu\/hok\/files\/2026\/01\/Raphael-David-FEURSTEIN-683x1024.jpg 683w, https:\/\/semmelweis.hu\/hok\/files\/2026\/01\/Raphael-David-FEURSTEIN-768x1152.jpg 768w, https:\/\/semmelweis.hu\/hok\/files\/2026\/01\/Raphael-David-FEURSTEIN-1024x1536.jpg 1024w, https:\/\/semmelweis.hu\/hok\/files\/2026\/01\/Raphael-David-FEURSTEIN-1365x2048.jpg 1365w, https:\/\/semmelweis.hu\/hok\/files\/2026\/01\/Raphael-David-FEURSTEIN-753x1130.jpg 753w, https:\/\/semmelweis.hu\/hok\/files\/2026\/01\/Raphael-David-FEURSTEIN-scaled.jpg 1707w\" sizes=\"auto, (max-width: 200px) 100vw, 200px\" \/><\/td>\n<td style=\"width: 229.396px;height: 311px\"><a href=\"https:\/\/unisemmelweis.sharepoint.com\/:b:\/t\/Projekt_HK-StudentsUnion\/IQBug2ZKMM_GT4Oa5LlZSQRNAcWw1ulFo-3Yd0cWXfJ0DgY?e=dhDHFw\"><strong>Raphael David FEURSTEIN<\/strong><\/a><\/td>\n<\/tr>\n<tr style=\"height: 291px\">\n<td style=\"width: 220.667px;text-align: center;height: 291px\"><img loading=\"lazy\" decoding=\"async\" class=\"aligncenter\" src=\"https:\/\/lh3.googleusercontent.com\/pw\/AL9nZEVynitvsg_7sN9_0J8HNHI4je3z1vMo7gM74nVcE7t-E-tqOG-RWRuhFzKaX8Kt5syB8sw-9ahztDvxZqb38DIHLXSp6bK-sq1iolMtSF-MEkKIWlf-YFR2N_kYn80-vYi-mLtGtrt-1uZk7ps-WXKm=w674-h943-no?authuser=0\" width=\"200\" height=\"280\" \/><\/td>\n<td style=\"width: 229.396px;height: 291px\"><strong><a href=\"https:\/\/unisemmelweis.sharepoint.com\/:b:\/t\/Projekt_HK-StudentsUnion\/IQC61q7Hb_9cSIoe0W4ezFF9AZmP4m22iXGlPydSZp1zSSE?e=ITNjhi\" target=\"_blank\" rel=\"noopener\">Ill\u00e9s Eszter<\/a><\/strong><\/td>\n<\/tr>\n<tr style=\"height: 311px\">\n<td style=\"width: 220.667px;text-align: center;height: 311px\"><img loading=\"lazy\" decoding=\"async\" class=\"alignnone size-medium wp-image-19191\" src=\"https:\/\/semmelweis.hu\/hok\/files\/2026\/01\/Hoffmann-Reka-Mirtill-169x300.jpg\" alt=\"\" width=\"169\" height=\"300\" srcset=\"https:\/\/semmelweis.hu\/hok\/files\/2026\/01\/Hoffmann-Reka-Mirtill-169x300.jpg 169w, https:\/\/semmelweis.hu\/hok\/files\/2026\/01\/Hoffmann-Reka-Mirtill-577x1024.jpg 577w, https:\/\/semmelweis.hu\/hok\/files\/2026\/01\/Hoffmann-Reka-Mirtill-768x1364.jpg 768w, https:\/\/semmelweis.hu\/hok\/files\/2026\/01\/Hoffmann-Reka-Mirtill-865x1536.jpg 865w, https:\/\/semmelweis.hu\/hok\/files\/2026\/01\/Hoffmann-Reka-Mirtill-1153x2048.jpg 1153w, https:\/\/semmelweis.hu\/hok\/files\/2026\/01\/Hoffmann-Reka-Mirtill-753x1337.jpg 753w, https:\/\/semmelweis.hu\/hok\/files\/2026\/01\/Hoffmann-Reka-Mirtill-scaled.jpg 1441w\" sizes=\"auto, (max-width: 169px) 100vw, 169px\" \/><\/td>\n<td style=\"width: 229.396px;height: 311px\"><strong><a href=\"https:\/\/unisemmelweis.sharepoint.com\/:b:\/t\/Projekt_HK-StudentsUnion\/IQDuII8uPgAGQIDC1Ed7a_iQAQNJYjHcyXss4vS6oBH7f_Q?e=Py2jBs\" target=\"_blank\" rel=\"noopener\">Hoffmann R\u00e9ka Mirtill<\/a><\/strong><\/td>\n<\/tr>\n<tr style=\"height: 29px\">\n<td style=\"width: 220.667px;text-align: center;height: 29px\"><img loading=\"lazy\" decoding=\"async\" class=\"alignnone size-medium wp-image-19190\" src=\"https:\/\/semmelweis.hu\/hok\/files\/2026\/01\/Toth-Zsofia-200x300.jpg\" alt=\"\" width=\"200\" height=\"300\" srcset=\"https:\/\/semmelweis.hu\/hok\/files\/2026\/01\/Toth-Zsofia-200x300.jpg 200w, https:\/\/semmelweis.hu\/hok\/files\/2026\/01\/Toth-Zsofia-683x1024.jpg 683w, https:\/\/semmelweis.hu\/hok\/files\/2026\/01\/Toth-Zsofia-768x1152.jpg 768w, https:\/\/semmelweis.hu\/hok\/files\/2026\/01\/Toth-Zsofia-1024x1536.jpg 1024w, https:\/\/semmelweis.hu\/hok\/files\/2026\/01\/Toth-Zsofia-753x1130.jpg 753w, https:\/\/semmelweis.hu\/hok\/files\/2026\/01\/Toth-Zsofia.jpg 1365w\" sizes=\"auto, (max-width: 200px) 100vw, 200px\" \/><\/td>\n<td style=\"width: 229.396px;height: 29px\"><strong><a href=\"https:\/\/unisemmelweis.sharepoint.com\/:b:\/t\/Projekt_HK-StudentsUnion\/IQD9VmTAhg6pSJ1HVKgI90CjAe-MjJLL6yJKqe1s8BLuF8I?e=Iq7p7d\">T\u00f3th Zs\u00f3fia<\/a><\/strong><\/td>\n<\/tr>\n<tr style=\"height: 29px\">\n<td style=\"width: 220.667px;text-align: center;height: 29px\"><img loading=\"lazy\" decoding=\"async\" class=\"alignnone size-medium wp-image-19189\" src=\"https:\/\/semmelweis.hu\/hok\/files\/2026\/01\/Nyirady-Greta-Melitta-200x300.jpg\" alt=\"\" width=\"200\" height=\"300\" srcset=\"https:\/\/semmelweis.hu\/hok\/files\/2026\/01\/Nyirady-Greta-Melitta-200x300.jpg 200w, https:\/\/semmelweis.hu\/hok\/files\/2026\/01\/Nyirady-Greta-Melitta-683x1024.jpg 683w, https:\/\/semmelweis.hu\/hok\/files\/2026\/01\/Nyirady-Greta-Melitta-768x1152.jpg 768w, https:\/\/semmelweis.hu\/hok\/files\/2026\/01\/Nyirady-Greta-Melitta-1024x1536.jpg 1024w, https:\/\/semmelweis.hu\/hok\/files\/2026\/01\/Nyirady-Greta-Melitta-1365x2048.jpg 1365w, https:\/\/semmelweis.hu\/hok\/files\/2026\/01\/Nyirady-Greta-Melitta-753x1129.jpg 753w, https:\/\/semmelweis.hu\/hok\/files\/2026\/01\/Nyirady-Greta-Melitta-scaled.jpg 1707w\" sizes=\"auto, (max-width: 200px) 100vw, 200px\" \/><\/td>\n<td style=\"width: 229.396px;height: 29px\"><strong><a href=\"https:\/\/unisemmelweis.sharepoint.com\/:b:\/t\/Projekt_HK-StudentsUnion\/IQBD45d94eFLQZ0CF6ptQjp3AcZtVisRFMW04_gxiKUs0IY?e=zwAWAg\">Nyir\u00e1dy Gr\u00e9ta Melitta<\/a><\/strong><\/td>\n<\/tr>\n<tr style=\"height: 29px\">\n<td style=\"width: 220.667px;text-align: center;height: 29px\"><img loading=\"lazy\" decoding=\"async\" class=\"alignnone size-medium wp-image-19188\" src=\"https:\/\/semmelweis.hu\/hok\/files\/2026\/01\/Szilagyi-Peter-200x300.jpg\" alt=\"\" width=\"200\" height=\"300\" srcset=\"https:\/\/semmelweis.hu\/hok\/files\/2026\/01\/Szilagyi-Peter-200x300.jpg 200w, https:\/\/semmelweis.hu\/hok\/files\/2026\/01\/Szilagyi-Peter-683x1024.jpg 683w, https:\/\/semmelweis.hu\/hok\/files\/2026\/01\/Szilagyi-Peter-768x1152.jpg 768w, https:\/\/semmelweis.hu\/hok\/files\/2026\/01\/Szilagyi-Peter-1024x1536.jpg 1024w, https:\/\/semmelweis.hu\/hok\/files\/2026\/01\/Szilagyi-Peter-1365x2048.jpg 1365w, https:\/\/semmelweis.hu\/hok\/files\/2026\/01\/Szilagyi-Peter-753x1130.jpg 753w, https:\/\/semmelweis.hu\/hok\/files\/2026\/01\/Szilagyi-Peter-scaled.jpg 1707w\" sizes=\"auto, (max-width: 200px) 100vw, 200px\" \/><\/td>\n<td style=\"width: 229.396px;height: 29px\"><strong><a href=\"https:\/\/unisemmelweis.sharepoint.com\/:b:\/t\/Projekt_HK-StudentsUnion\/IQCh31VrUDvzRIuBpljR_BZNAWMBguC6QHwaXQ9ZcqjBrrI?e=ungu5d\">Szil\u00e1gyi P\u00e9ter<\/a><\/strong><\/td>\n<\/tr>\n<tr style=\"height: 29px\">\n<td style=\"width: 220.667px;text-align: center;height: 29px\"><img loading=\"lazy\" decoding=\"async\" class=\"alignnone size-medium wp-image-19187\" src=\"https:\/\/semmelweis.hu\/hok\/files\/2026\/01\/Darya-SHEIKA-200x300.jpg\" alt=\"\" width=\"200\" height=\"300\" srcset=\"https:\/\/semmelweis.hu\/hok\/files\/2026\/01\/Darya-SHEIKA-200x300.jpg 200w, https:\/\/semmelweis.hu\/hok\/files\/2026\/01\/Darya-SHEIKA-683x1024.jpg 683w, https:\/\/semmelweis.hu\/hok\/files\/2026\/01\/Darya-SHEIKA-768x1152.jpg 768w, https:\/\/semmelweis.hu\/hok\/files\/2026\/01\/Darya-SHEIKA-1024x1536.jpg 1024w, https:\/\/semmelweis.hu\/hok\/files\/2026\/01\/Darya-SHEIKA-753x1130.jpg 753w, https:\/\/semmelweis.hu\/hok\/files\/2026\/01\/Darya-SHEIKA.jpg 1365w\" sizes=\"auto, (max-width: 200px) 100vw, 200px\" \/><\/td>\n<td style=\"width: 229.396px;height: 29px\"><a href=\"https:\/\/unisemmelweis.sharepoint.com\/:b:\/r\/teams\/Projekt_HK-StudentsUnion\/Megosztott%20dokumentumok\/For%20H%C3%96K\/Documents%20of%20Committees%20and%20Faculties\/Election%20Officer\/KGY%20v%C3%A1laszt%C3%A1s%202025\/P%C3%A1ly%C3%A1zatok%20(nyilv%C3%A1nos)\/Ku%CC%88ldo%CC%88ttgyu%CC%8Ble%CC%81si%20va%CC%81laszta%CC%81s%202025%20-%20DARYA%20SHEIKA.pdf?csf=1&amp;web=1&amp;e=bsq42Q\"><strong>Darya SHEIKA<\/strong><\/a><\/td>\n<\/tr>\n<tr style=\"height: 29px\">\n<td style=\"width: 220.667px;text-align: center;height: 29px\"><img loading=\"lazy\" decoding=\"async\" class=\"alignnone size-medium wp-image-19194\" src=\"https:\/\/semmelweis.hu\/hok\/files\/2026\/01\/Meszaros-Evelin-Anna-202x300.jpg\" alt=\"\" width=\"202\" height=\"300\" srcset=\"https:\/\/semmelweis.hu\/hok\/files\/2026\/01\/Meszaros-Evelin-Anna-202x300.jpg 202w, https:\/\/semmelweis.hu\/hok\/files\/2026\/01\/Meszaros-Evelin-Anna-690x1024.jpg 690w, https:\/\/semmelweis.hu\/hok\/files\/2026\/01\/Meszaros-Evelin-Anna-768x1140.jpg 768w, https:\/\/semmelweis.hu\/hok\/files\/2026\/01\/Meszaros-Evelin-Anna-1035x1536.jpg 1035w, https:\/\/semmelweis.hu\/hok\/files\/2026\/01\/Meszaros-Evelin-Anna-753x1117.jpg 753w, https:\/\/semmelweis.hu\/hok\/files\/2026\/01\/Meszaros-Evelin-Anna.jpg 1242w\" sizes=\"auto, (max-width: 202px) 100vw, 202px\" \/><\/td>\n<td style=\"width: 229.396px;height: 29px\"><strong><a href=\"https:\/\/unisemmelweis.sharepoint.com\/:b:\/t\/Projekt_HK-StudentsUnion\/IQAdOlp362h2Qawj0ZzW5neNAYifwob7PbWJePrdbAdGJqk?e=rjtvX6\">M\u00e9sz\u00e1ros Evelin Anna<\/a><\/strong><\/td>\n<\/tr>\n<tr style=\"height: 29px\">\n<td style=\"width: 220.667px;text-align: center;height: 29px\"><img loading=\"lazy\" decoding=\"async\" class=\"alignnone size-medium wp-image-19195\" src=\"https:\/\/semmelweis.hu\/hok\/files\/2026\/01\/Szuros-Mate-200x300.jpg\" alt=\"\" width=\"200\" height=\"300\" srcset=\"https:\/\/semmelweis.hu\/hok\/files\/2026\/01\/Szuros-Mate-200x300.jpg 200w, https:\/\/semmelweis.hu\/hok\/files\/2026\/01\/Szuros-Mate.jpg 683w\" sizes=\"auto, (max-width: 200px) 100vw, 200px\" \/><\/td>\n<td style=\"width: 229.396px;height: 29px\"><a href=\"https:\/\/unisemmelweis.sharepoint.com\/:b:\/t\/Projekt_HK-StudentsUnion\/IQC26ssRiRuLTbR8-3nbsvUHAYYAp8Kfcj-SqjNoEpZz38o?e=t34jb5\"><strong>Sz\u00fcr\u00f6s M\u00e1t\u00e9<\/strong><\/a><\/td>\n<\/tr>\n<tr style=\"height: 29px\">\n<td style=\"width: 220.667px;text-align: center;height: 29px\"><img loading=\"lazy\" decoding=\"async\" class=\"alignnone size-medium wp-image-19196\" src=\"https:\/\/semmelweis.hu\/hok\/files\/2026\/01\/El-Assaf-Terezia-200x300.jpg\" alt=\"\" width=\"200\" height=\"300\" srcset=\"https:\/\/semmelweis.hu\/hok\/files\/2026\/01\/El-Assaf-Terezia-200x300.jpg 200w, https:\/\/semmelweis.hu\/hok\/files\/2026\/01\/El-Assaf-Terezia-683x1024.jpg 683w, https:\/\/semmelweis.hu\/hok\/files\/2026\/01\/El-Assaf-Terezia-768x1152.jpg 768w, https:\/\/semmelweis.hu\/hok\/files\/2026\/01\/El-Assaf-Terezia-1024x1536.jpg 1024w, https:\/\/semmelweis.hu\/hok\/files\/2026\/01\/El-Assaf-Terezia-1365x2048.jpg 1365w, https:\/\/semmelweis.hu\/hok\/files\/2026\/01\/El-Assaf-Terezia-753x1130.jpg 753w, https:\/\/semmelweis.hu\/hok\/files\/2026\/01\/El-Assaf-Terezia-scaled.jpg 1707w\" sizes=\"auto, (max-width: 200px) 100vw, 200px\" \/><\/td>\n<td style=\"width: 229.396px;height: 29px\"><strong><a href=\"https:\/\/unisemmelweis.sharepoint.com\/:b:\/r\/teams\/Projekt_HK-StudentsUnion\/Megosztott%20dokumentumok\/For%20H%C3%96K\/Documents%20of%20Committees%20and%20Faculties\/Election%20Officer\/KGY%20v%C3%A1laszt%C3%A1s%202025\/P%C3%A1ly%C3%A1zatok%20(nyilv%C3%A1nos)\/Ku%CC%88ldo%CC%88ttgyu%CC%8Ble%CC%81si%20va%CC%81laszta%CC%81s%202025%20-%20EL-ASSAF%20TERE%CC%81ZIA.pdf?csf=1&amp;web=1&amp;e=DQhayg\">El-Assaf Ter\u00e9zia<\/a><\/strong><\/td>\n<\/tr>\n<tr style=\"height: 29px\">\n<td style=\"width: 220.667px;text-align: center;height: 29px\"><img loading=\"lazy\" decoding=\"async\" class=\"alignnone  wp-image-19197\" src=\"https:\/\/semmelweis.hu\/hok\/files\/2026\/01\/Gyori-Laszlo-300x300.jpg\" alt=\"\" width=\"203\" height=\"203\" srcset=\"https:\/\/semmelweis.hu\/hok\/files\/2026\/01\/Gyori-Laszlo-300x300.jpg 300w, https:\/\/semmelweis.hu\/hok\/files\/2026\/01\/Gyori-Laszlo-1024x1024.jpg 1024w, https:\/\/semmelweis.hu\/hok\/files\/2026\/01\/Gyori-Laszlo-150x150.jpg 150w, https:\/\/semmelweis.hu\/hok\/files\/2026\/01\/Gyori-Laszlo-768x768.jpg 768w, https:\/\/semmelweis.hu\/hok\/files\/2026\/01\/Gyori-Laszlo-1536x1536.jpg 1536w, https:\/\/semmelweis.hu\/hok\/files\/2026\/01\/Gyori-Laszlo-753x753.jpg 753w, https:\/\/semmelweis.hu\/hok\/files\/2026\/01\/Gyori-Laszlo.jpg 1852w\" sizes=\"auto, (max-width: 203px) 100vw, 203px\" \/><\/td>\n<td style=\"width: 229.396px;height: 29px\"><strong><a href=\"https:\/\/unisemmelweis.sharepoint.com\/:b:\/r\/teams\/Projekt_HK-StudentsUnion\/Megosztott%20dokumentumok\/For%20H%C3%96K\/Documents%20of%20Committees%20and%20Faculties\/Election%20Officer\/KGY%20v%C3%A1laszt%C3%A1s%202025\/P%C3%A1ly%C3%A1zatok%20(nyilv%C3%A1nos)\/Ku%CC%88ldo%CC%88ttgyu%CC%8Ble%CC%81si%20va%CC%81laszta%CC%81s%202025%20-%20GYO%CC%8BRI%20LA%CC%81SZLO%CC%81.pdf?csf=1&amp;web=1&amp;e=aRT3Ie\">Gy\u0151ri L\u00e1szl\u00f3<\/a><\/strong><\/td>\n<\/tr>\n<tr style=\"height: 191px\">\n<td style=\"width: 220.667px;text-align: center;height: 191px\"><img loading=\"lazy\" decoding=\"async\" class=\"alignnone size-medium wp-image-19198\" src=\"https:\/\/semmelweis.hu\/hok\/files\/2026\/01\/Kovacs-Dorina-211x300.jpg\" alt=\"\" width=\"211\" height=\"300\" srcset=\"https:\/\/semmelweis.hu\/hok\/files\/2026\/01\/Kovacs-Dorina-211x300.jpg 211w, https:\/\/semmelweis.hu\/hok\/files\/2026\/01\/Kovacs-Dorina-719x1024.jpg 719w, https:\/\/semmelweis.hu\/hok\/files\/2026\/01\/Kovacs-Dorina-768x1094.jpg 768w, https:\/\/semmelweis.hu\/hok\/files\/2026\/01\/Kovacs-Dorina-1079x1536.jpg 1079w, https:\/\/semmelweis.hu\/hok\/files\/2026\/01\/Kovacs-Dorina-753x1072.jpg 753w, https:\/\/semmelweis.hu\/hok\/files\/2026\/01\/Kovacs-Dorina.jpg 1438w\" sizes=\"auto, (max-width: 211px) 100vw, 211px\" \/><\/td>\n<td style=\"width: 229.396px;height: 191px\"><strong><a href=\"https:\/\/unisemmelweis.sharepoint.com\/:b:\/t\/Projekt_HK-StudentsUnion\/IQDep3WxeZIqQ681nI_LCqIyAVOxhRatUCz0tgMyLfuCumg?e=Iiwyp4\">Kov\u00e1cs Dorina<\/a><\/strong><\/td>\n<\/tr>\n<tr style=\"height: 29px\">\n<td style=\"width: 220.667px;text-align: center;height: 29px\"><img loading=\"lazy\" decoding=\"async\" class=\"alignnone  wp-image-19199\" src=\"https:\/\/semmelweis.hu\/hok\/files\/2026\/01\/Muskan-AWASTHI-249x300.jpg\" alt=\"\" width=\"204\" height=\"246\" srcset=\"https:\/\/semmelweis.hu\/hok\/files\/2026\/01\/Muskan-AWASTHI-249x300.jpg 249w, https:\/\/semmelweis.hu\/hok\/files\/2026\/01\/Muskan-AWASTHI-851x1024.jpg 851w, https:\/\/semmelweis.hu\/hok\/files\/2026\/01\/Muskan-AWASTHI-768x924.jpg 768w, https:\/\/semmelweis.hu\/hok\/files\/2026\/01\/Muskan-AWASTHI-753x906.jpg 753w, https:\/\/semmelweis.hu\/hok\/files\/2026\/01\/Muskan-AWASTHI.jpg 1170w\" sizes=\"auto, (max-width: 204px) 100vw, 204px\" \/><\/td>\n<td style=\"width: 229.396px;height: 29px\"><strong><a href=\"https:\/\/unisemmelweis.sharepoint.com\/:b:\/t\/Projekt_HK-StudentsUnion\/IQBQQ84UGiwUQoybq528W5QMARwseUYdJN9GS4cWtnhlDuQ?e=dJyST9\">Muskan AWASTHI<\/a><\/strong><\/td>\n<\/tr>\n<\/tbody>\n<\/table>\n<p>Az idei v\u00e1laszt\u00e1s sor\u00e1n\u00a0<a href=\"https:\/\/semmelweis.hu\/hok\/files\/2026\/01\/132512_Az-SE-HOK-Valasztasi-Kepviselojenek-5_2025.-X.-27.-SE-HOK-VK-sz.-hatarozata-az-SE-HOK-2025-os-kuldottgyulesi-valasztasanak-kiirasarol.pdf\">11 hely ker\u00fcl kioszt\u00e1sra a K\u00fcld\u00f6ttgy\u0171l\u00e9sben<\/a>. A megv\u00e1lasztott k\u00fcld\u00f6ttgy\u0171l\u00e9si k\u00e9pvisel\u0151k egyben eln\u00f6kv\u00e1laszt\u00f3 elektorokk\u00e1 v\u00e1lnak, mand\u00e1tumuk a megv\u00e1laszt\u00e1sukat k\u00f6vet\u0151 m\u00e1sodik rendes v\u00e1laszt\u00e1s eredm\u00e9ny\u00e9nek v\u00e9glegess\u00e9 v\u00e1l\u00e1s\u00e1ig sz\u00f3l (kiv\u00e9ve a V\u00e1laszt\u00e1si Szab\u00e1lyzatban meghat\u00e1rozott k\u00fcl\u00f6nleges eseteket).<\/p>\n<p>A megmaradt k\u00fcld\u00f6ttgy\u0171l\u00e9si mand\u00e1tumokr\u00f3l\u00a0<a href=\"https:\/\/semmelweis.hu\/hok\/files\/2025\/11\/132515_Az-SE-HOK-Valasztasi-Kepviselojenek-6_2025.-X.-27.-SE-HOK-VK-sz.-hatarozata-a-2025-os-kuldottgyulesi-valasztason-erintett-mandatumokrol.pdf\">az al\u00e1bbi hat\u00e1rozat rendelkezik<\/a>.<\/p>\n<p>A v\u00e1laszt\u00e1s folyam\u00e1n a V\u00e1laszt\u00e1si K\u00e9pvisel\u0151 nyomon k\u00f6veti a r\u00e9szv\u00e9teli adatokat, hogy teljes\u00fcl-e a 2011. \u00e9vi CCIV. t\u00f6rv\u00e9ny 25%-os r\u00e9szv\u00e9teli felt\u00e9tele. A szavaz\u00e1si id\u0151szak v\u00e9g\u00e9r\u0151l legk\u00e9s\u0151bb a szavaz\u00e1si id\u0151szak v\u00e9ge el\u0151tti 3. napon d\u00f6nt a V\u00e1laszt\u00e1si K\u00e9pvisel\u0151.<\/p>\n<p>Felmer\u00fcl\u0151 k\u00e9rd\u00e9s eset\u00e9n forduljatok bizalommal a V\u00e1laszt\u00e1si K\u00e9pvisel\u0151h\u00f6z a\u00a0<a href=\"mailto:hok.vk@semmelweis.hu\">hok.vk@semmelweis.hu<\/a>\u00a0e-mail c\u00edmen.<\/p>\n","protected":false},"excerpt":{"rendered":"<p>A V\u00e1laszt\u00e1si K\u00e9pvisel\u0151 d\u00f6nt\u00f6tt a 2025-\u00f6s k\u00fcld\u00f6ttgy\u0171l\u00e9si v\u00e1laszt\u00e1s szavaz\u00e1si id\u0151szak\u00e1nak kezdet\u00e9r\u0151l \u00e9s <a href=\"https:\/\/semmelweis.hu\/hok\/files\/2026\/01\/150015_Az-SE-HOK-Valasztasi-Kepviselojenek-9_2025.-XI.-28.-SE-HOK-VK-sz.-hatarozata-a-2025-os-kuldottgyulesi-valasztas-szavazolapjarol.pdf\">kisorsolta a jel\u00f6ltek sorrendj\u00e9t a szavaz\u00f3lapon.<\/a> Egy hallgat\u00f3t\u00f3l \u00e9rkezett fellebbez\u00e9s nyilv\u00e1ntart\u00e1sba v\u00e9tel\u00e9nek megtagad\u00e1s\u00e1val kapcsolatban, melyet a <a href=\"https:\/\/semmelweis.hu\/hok\/files\/2026\/01\/145661_Az-SE-HOK-titkaranak-3_2025.XI_.24.-SE-HOK-Titkar-sz.-hatarozata-az-SE-HOK-2025-os-Kuldottgyulesi-valasztassal-kapcsolatos-jogorvoslati-kerelemrol.pdf\">Titk\u00e1r m\u00e1sodfokon elfogadott.<\/a> A v\u00e1laszt\u00e1s 2026. janu\u00e1r 5-\u00e9n 18:00 \u00f3rakor kezd\u0151dik a Neptun UniPoll rendszer\u00e9n kereszt\u00fcl. Minden akt\u00edv hallgat\u00f3i jogviszonnyal rendelkez\u0151, gradu\u00e1lis k\u00e9pz\u00e9sben l\u00e9v\u0151 hallgat\u00f3 egy szavazattal rendelkezik. A szavaz\u00e1s egy javasolt t\u00e1mogat\u00e1si sorrend megjel\u00f6l\u00e9s\u00e9vel, vagy &hellip;<\/p>\n","protected":false},"author":102545,"featured_media":0,"comment_status":"closed","ping_status":"closed","sticky":false,"template":"","format":"standard","meta":{"_acf_changed":false,"footnotes":""},"categories":[5],"tags":[],"class_list":["post-19185","post","type-post","status-publish","format-standard","hentry","category-hirek"],"acf":[],"publishpress_future_action":{"enabled":false,"date":"1970-01-01 01:00:00","action":"","terms":[],"taxonomy":"","browser_timezone_offset":0},"_links":{"self":[{"href":"https:\/\/semmelweis.hu\/hok\/wp-json\/wp\/v2\/posts\/19185","targetHints":{"allow":["GET"]}}],"collection":[{"href":"https:\/\/semmelweis.hu\/hok\/wp-json\/wp\/v2\/posts"}],"about":[{"href":"https:\/\/semmelweis.hu\/hok\/wp-json\/wp\/v2\/types\/post"}],"author":[{"embeddable":true,"href":"https:\/\/semmelweis.hu\/hok\/wp-json\/wp\/v2\/users\/102545"}],"replies":[{"embeddable":true,"href":"https:\/\/semmelweis.hu\/hok\/wp-json\/wp\/v2\/comments?post=19185"}],"version-history":[{"count":5,"href":"https:\/\/semmelweis.hu\/hok\/wp-json\/wp\/v2\/posts\/19185\/revisions"}],"predecessor-version":[{"id":19214,"href":"https:\/\/semmelweis.hu\/hok\/wp-json\/wp\/v2\/posts\/19185\/revisions\/19214"}],"wp:attachment":[{"href":"https:\/\/semmelweis.hu\/hok\/wp-json\/wp\/v2\/media?parent=19185"}],"wp:term":[{"taxonomy":"category","embeddable":true,"href":"https:\/\/semmelweis.hu\/hok\/wp-json\/wp\/v2\/categories?post=19185"},{"taxonomy":"post_tag","embeddable":true,"href":"https:\/\/semmelweis.hu\/hok\/wp-json\/wp\/v2\/tags?post=19185"}],"curies":[{"name":"wp","href":"https:\/\/api.w.org\/{rel}","templated":true}]}}