{"id":19156,"date":"2025-12-14T20:07:14","date_gmt":"2025-12-14T19:07:14","guid":{"rendered":"https:\/\/semmelweis.hu\/hok\/?p=19156"},"modified":"2025-12-14T20:07:14","modified_gmt":"2025-12-14T19:07:14","slug":"allas-sikos-hajbeultetes-klinika-hajbeulteto-orvos","status":"publish","type":"post","link":"https:\/\/semmelweis.hu\/hok\/2025\/12\/14\/allas-sikos-hajbeultetes-klinika-hajbeulteto-orvos\/","title":{"rendered":"\u00c1ll\u00e1s &#8211; Sikos Hajbe\u00fcltet\u00e9s Klinika \/ Hajbe\u00fcltet\u0151 orvos"},"content":{"rendered":"<p><strong data-olk-copy-source=\"MessageBody\">Munkak\u00f6r:<\/strong><br \/>\n&#8211; Hajbe\u00fcltet\u0151 orvos<br \/>\n&#8211; 1113 Budapest Ed\u00f6m\u00e9r u 6<br \/>\n&#8211;\u00a0<em>teljes munkaid\u0151<\/em><\/p>\n<p>&#8211; Hajbe\u00fcltet\u00e9s m\u0171t\u00e9tek v\u00e9gz\u00e9se.<br \/>\nTeljes betan\u00edt\u00e1s dr Sikos G\u00e9za plasztikai seb\u00e9sz, hajbe\u00fcltet\u00e9s specialista vezet\u00e9s\u00e9vel, t\u00f6bb mint 30 \u00e9ves tapasztalat alapj\u00e1n.<br \/>\nAz orvosi munka mag\u00e1ba foglalja a beavatkoz\u00e1sokat megel\u0151z\u0151 konzult\u00e1ci\u00f3kat, differenci\u00e1ldiagan\u00f3zis, m\u0171t\u00e9t indik\u00e1ci\u00f3 fel\u00e1ll\u00edt\u00e1sa mellett a m\u0171t\u00e9ti tervez\u00e9s, hajv\u00e9tel, be\u00fcltet\u00e9s m\u0171veleteket. P\u00e1ciensekkel egyeztet\u00e9s, kontrollok. Sz\u00e9les k\u00f6r\u0171 kitekint\u00e9s a nemzetk\u00f6zi szakmai tev\u00e9kenys\u00e9gekre, tudom\u00e1nyos munk\u00e1kra. A hajbe\u00fcltet\u00e9si klinikai tev\u00e9kenys\u00e9g teljes vertikum\u00e1ban val\u00f3 j\u00e1rtass\u00e1g megszerz\u00e9se.<br \/>\nweboldal:\u00a0<a class=\"ms-outlook-linkify\" href=\"http:\/\/www.sikos.hu\/\" target=\"_blank\" rel=\"noopener\">www.sikos.hu<\/a><\/p>\n<p><strong>Munk\u00e1ltat\u00f3:<\/strong><br \/>\n&#8211; Sikos Hajbe\u00fcltet\u00e9s Klinika<br \/>\n&#8211; 1113 Budapest Ed\u00f6m\u00e9r u 6<br \/>\n&#8211; Vislovszki Eszter<br \/>\n&#8211; info@sikos.hu<br \/>\n&#8211; +36203733087<\/p>\n<p><strong>Munkaer\u0151 ig\u00e9ny:<\/strong><br \/>\n&#8211; diplom\u00e1s<br \/>\n&#8211; magyar (angol, n\u00e9met j\u00f3 ha van, nem k\u00f6telez\u0151)<\/p>\n<p><strong>Honor\u00e1rium:<\/strong><br \/>\n\u00f3rab\u00e9r, fix b\u00e9rez\u00e9s<\/p>\n<p><strong>P\u00e1ly\u00e1zati id\u0151szak v\u00e9ge:<\/strong><br \/>\n2026-04-30<\/p>\n<p><strong>A jelentkez\u0151 \u00e1ltal elk\u00fcldend\u0151 mell\u00e9kletek:<\/strong><br \/>\nCV<\/p>\n<p><strong>Egy\u00e9b:<\/strong><br \/>\nHajbe\u00fcltet\u00e9s orvos munkak\u00f6r<\/p>\n<p>T\u00f6bb \u00e9vtizede m\u0171k\u00f6d\u0151 budapesti plasztikai seb\u00e9szeti, hajbe\u00fcltet\u00e9si mag\u00e1nklinik\u00e1nkra keres\u00fcnk hajbe\u00fcltet\u00e9s m\u0171t\u00e9tekben val\u00f3 r\u00e9szv\u00e9telre orvost.<br \/>\nAmit keres\u00fcnk:<\/p>\n<p>\u00c1ltal\u00e1nos orvosi v\u00e9gzetts\u00e9g \u00e9s\/vagy szakorvosi v\u00e9gzetts\u00e9g. Dermatochirurgiai vagy m\u00e1s seb\u00e9szeti jelleg\u0171 tapasztalat el\u0151nyben. J\u00f3 manualit\u00e1s, szem-k\u00e9z koordin\u00e1ci\u00f3 sz\u00fcks\u00e9ges.<\/p>\n<p>Magyar nyelv ismerete sz\u00fcks\u00e9ges!<br \/>\nAngol\/n\u00e9met nyelvtud\u00e1s el\u0151nyben<\/p>\n<p>Amit k\u00edn\u00e1lunk:<\/p>\n<p>Hossz\u00fat\u00e1v\u00fa munkav\u00e9gz\u00e9s, biztos \u00e9letkarrier. Nyugodt mag\u00e1nklinikai l\u00e9gk\u00f6r, j\u00f3 kollekt\u00edva.<\/p>\n<p>Kiemelt fizet\u00e9s betanul\u00e1s \u00e9s teljes k\u00f6r\u0171 tev\u00e9kenys\u00e9g f\u00fcggv\u00e9ny\u00e9ben 600.000-2.000.000 Ft b\u00e9r<br \/>\nFoglalkoztat\u00e1s teljes munkaid\u0151ben (eg\u00e9sz napos elfoglalts\u00e1g), kifejezetten hossz\u00fa t\u00e1vra gondolkodunk.<br \/>\nMagas szakmai felk\u00e9sz\u00fclts\u00e9get, betan\u00edt\u00e1st, teljes szakmai h\u00e1tteret biztos\u00edtunk<br \/>\nK\u00fclf\u00f6ldi \u00e9s magyar kongresszusi r\u00e9szv\u00e9telek lehet\u0151s\u00e9ge<br \/>\nMunkak\u00f6r\u00fclm\u00e9nyek, magas d\u00edjaz\u00e1s egyeztet\u00e9se szem\u00e9lyes megbesz\u00e9l\u00e9s alapj\u00e1n.<br \/>\nSzabad h\u00e9tv\u00e9ge, \u00fcnnepnapok<br \/>\nA jelentkez\u00e9shez f\u00e9nyk\u00e9pes \u00f6n\u00e9letrajz sz\u00fcks\u00e9ges, melyet az info@sikos.hu c\u00edmre k\u00e9r\u00fcnk k\u00fcldeni.<\/p>\n<p style=\"font-style: italic;\">&#8211; &#8211; &#8211; &#8211; &#8211; &#8211; &#8211; &#8211;<br \/>\nPost expires at 12:00de. on 2026 m\u00e1jus 1st<\/p>\n","protected":false},"excerpt":{"rendered":"<p>Munkak\u00f6r: &#8211; Hajbe\u00fcltet\u0151 orvos &#8211; 1113 Budapest Ed\u00f6m\u00e9r u 6 &#8211;\u00a0teljes munkaid\u0151 &#8211; Hajbe\u00fcltet\u00e9s m\u0171t\u00e9tek v\u00e9gz\u00e9se. Teljes betan\u00edt\u00e1s dr Sikos G\u00e9za plasztikai seb\u00e9sz, hajbe\u00fcltet\u00e9s specialista vezet\u00e9s\u00e9vel, t\u00f6bb mint 30 \u00e9ves tapasztalat alapj\u00e1n. Az orvosi munka mag\u00e1ba foglalja a beavatkoz\u00e1sokat megel\u0151z\u0151 konzult\u00e1ci\u00f3kat, differenci\u00e1ldiagan\u00f3zis, m\u0171t\u00e9t indik\u00e1ci\u00f3 fel\u00e1ll\u00edt\u00e1sa mellett a m\u0171t\u00e9ti tervez\u00e9s, hajv\u00e9tel, be\u00fcltet\u00e9s m\u0171veleteket. P\u00e1ciensekkel egyeztet\u00e9s, kontrollok. &hellip;<\/p>\n","protected":false},"author":102545,"featured_media":0,"comment_status":"closed","ping_status":"closed","sticky":false,"template":"","format":"standard","meta":{"_acf_changed":false,"footnotes":""},"categories":[247],"tags":[],"class_list":["post-19156","post","type-post","status-publish","format-standard","hentry","category-allas"],"acf":[],"publishpress_future_action":{"enabled":true,"date":"2026-05-01 00:00:00","action":"category","terms":[766],"taxonomy":"category","browser_timezone_offset":0},"_links":{"self":[{"href":"https:\/\/semmelweis.hu\/hok\/wp-json\/wp\/v2\/posts\/19156","targetHints":{"allow":["GET"]}}],"collection":[{"href":"https:\/\/semmelweis.hu\/hok\/wp-json\/wp\/v2\/posts"}],"about":[{"href":"https:\/\/semmelweis.hu\/hok\/wp-json\/wp\/v2\/types\/post"}],"author":[{"embeddable":true,"href":"https:\/\/semmelweis.hu\/hok\/wp-json\/wp\/v2\/users\/102545"}],"replies":[{"embeddable":true,"href":"https:\/\/semmelweis.hu\/hok\/wp-json\/wp\/v2\/comments?post=19156"}],"version-history":[{"count":1,"href":"https:\/\/semmelweis.hu\/hok\/wp-json\/wp\/v2\/posts\/19156\/revisions"}],"predecessor-version":[{"id":19157,"href":"https:\/\/semmelweis.hu\/hok\/wp-json\/wp\/v2\/posts\/19156\/revisions\/19157"}],"wp:attachment":[{"href":"https:\/\/semmelweis.hu\/hok\/wp-json\/wp\/v2\/media?parent=19156"}],"wp:term":[{"taxonomy":"category","embeddable":true,"href":"https:\/\/semmelweis.hu\/hok\/wp-json\/wp\/v2\/categories?post=19156"},{"taxonomy":"post_tag","embeddable":true,"href":"https:\/\/semmelweis.hu\/hok\/wp-json\/wp\/v2\/tags?post=19156"}],"curies":[{"name":"wp","href":"https:\/\/api.w.org\/{rel}","templated":true}]}}