{"id":17246,"date":"2024-06-18T16:44:45","date_gmt":"2024-06-18T14:44:45","guid":{"rendered":"https:\/\/semmelweis.hu\/hok\/?p=17246"},"modified":"2024-06-18T16:56:06","modified_gmt":"2024-06-18T14:56:06","slug":"allas-szch-szolgaltato-kft-donorvizsgalo-orvos","status":"publish","type":"post","link":"https:\/\/semmelweis.hu\/hok\/2024\/06\/18\/allas-szch-szolgaltato-kft-donorvizsgalo-orvos\/","title":{"rendered":"\u00c1ll\u00e1s &#8211; SZCH Szolg\u00e1ltat\u00f3 Kft. \/ Donorvizsg\u00e1l\u00f3 orvos"},"content":{"rendered":"<p><strong>Munkak\u00f6r:<\/strong><br \/>\n&#8211; Donorvizsg\u00e1l\u00f3 orvos<br \/>\n&#8211; Budapest, Duna\u00fajv\u00e1ros, Salg\u00f3tarj\u00e1n, \u00d3zd, Hajd\u00fab\u00f6sz\u00f6rm\u00e9ny, H\u00f3dmez\u0151v\u00e1s\u00e1rhely, Zalaegerszeg, Veszpr\u00e9m, Ajka<br \/>\n&#8211;\u00a0<em>teljes munkaid\u0151<\/em><\/p>\n<p>MILYEN FELADATOK V\u00c1RNAK R\u00c1D?<\/p>\n<ul>\n<li>Elv\u00e9gzed a plazmaad\u00f3k el\u0151\u00edrt \u00e1llapotfelm\u00e9r\u00e9s\u00e9t, a sz\u00fcks\u00e9ges vizsg\u00e1latokat,<\/li>\n<li>jelenl\u00e9teddel biztos\u00edtod az \u00e1lland\u00f3 orvosi fel\u00fcgyeletet centrumunkban,<\/li>\n<li>orvosszakmai szempontb\u00f3l fel\u00fcgyeled a plazmafereziseket.<\/li>\n<\/ul>\n<p><strong>Munk\u00e1ltat\u00f3:<\/strong><br \/>\n&#8211; SZCH Szolg\u00e1ltat\u00f3 Kft.<br \/>\n&#8211; 1146 Budapest, Th\u00f6k\u00f6ly \u00fat 100\/A<br \/>\n&#8211; Beszny\u00e1k-Danka J\u00falia<br \/>\n&#8211;\u00a0<a href=\"mailto:danka.julia@plasmaexpert.hu\" target=\"_blank\" rel=\"noopener\">danka.julia@plasmaexpert.hu<\/a><br \/>\n&#8211; 06-20-435-0905<\/p>\n<p><strong>Munkaer\u0151 ig\u00e9ny:<\/strong><br \/>\n&#8211; rezidens, PhD hallgat\u00f3, diplom\u00e1s<\/p>\n","protected":false},"excerpt":{"rendered":"<p>Munkak\u00f6r: &#8211; Donorvizsg\u00e1l\u00f3 orvos &#8211; Budapest, Duna\u00fajv\u00e1ros, Salg\u00f3tarj\u00e1n, \u00d3zd, Hajd\u00fab\u00f6sz\u00f6rm\u00e9ny, H\u00f3dmez\u0151v\u00e1s\u00e1rhely, Zalaegerszeg, Veszpr\u00e9m, Ajka &#8211;\u00a0teljes munkaid\u0151 MILYEN FELADATOK V\u00c1RNAK R\u00c1D? Elv\u00e9gzed a plazmaad\u00f3k el\u0151\u00edrt \u00e1llapotfelm\u00e9r\u00e9s\u00e9t, a sz\u00fcks\u00e9ges vizsg\u00e1latokat, jelenl\u00e9teddel biztos\u00edtod az \u00e1lland\u00f3 orvosi fel\u00fcgyeletet centrumunkban, orvosszakmai szempontb\u00f3l fel\u00fcgyeled a plazmafereziseket. Munk\u00e1ltat\u00f3: &#8211; SZCH Szolg\u00e1ltat\u00f3 Kft. &#8211; 1146 Budapest, Th\u00f6k\u00f6ly \u00fat 100\/A &#8211; Beszny\u00e1k-Danka J\u00falia &#8211;\u00a0 <a href=\"mailto:danka.julia@plasmaexpert.hu\" target=\"_blank\" rel=\"noopener\">danka.julia@plasmaexpert.hu<\/a> &hellip;<\/p>\n","protected":false},"author":102121,"featured_media":0,"comment_status":"closed","ping_status":"closed","sticky":false,"template":"","format":"standard","meta":{"_acf_changed":false,"footnotes":""},"categories":[766],"tags":[366,372,842,406,257,700,744],"class_list":["post-17246","post","type-post","status-publish","format-standard","hentry","category-archiv","tag-budapest","tag-diplomas","tag-donorvizsgalo","tag-phd","tag-rezidens","tag-teljes-munkaido","tag-videk"],"acf":[],"publishpress_future_action":{"enabled":false,"date":"1970-01-01 01:00:00","action":"","terms":[],"taxonomy":"","browser_timezone_offset":0},"_links":{"self":[{"href":"https:\/\/semmelweis.hu\/hok\/wp-json\/wp\/v2\/posts\/17246","targetHints":{"allow":["GET"]}}],"collection":[{"href":"https:\/\/semmelweis.hu\/hok\/wp-json\/wp\/v2\/posts"}],"about":[{"href":"https:\/\/semmelweis.hu\/hok\/wp-json\/wp\/v2\/types\/post"}],"author":[{"embeddable":true,"href":"https:\/\/semmelweis.hu\/hok\/wp-json\/wp\/v2\/users\/102121"}],"replies":[{"embeddable":true,"href":"https:\/\/semmelweis.hu\/hok\/wp-json\/wp\/v2\/comments?post=17246"}],"version-history":[{"count":1,"href":"https:\/\/semmelweis.hu\/hok\/wp-json\/wp\/v2\/posts\/17246\/revisions"}],"predecessor-version":[{"id":17247,"href":"https:\/\/semmelweis.hu\/hok\/wp-json\/wp\/v2\/posts\/17246\/revisions\/17247"}],"wp:attachment":[{"href":"https:\/\/semmelweis.hu\/hok\/wp-json\/wp\/v2\/media?parent=17246"}],"wp:term":[{"taxonomy":"category","embeddable":true,"href":"https:\/\/semmelweis.hu\/hok\/wp-json\/wp\/v2\/categories?post=17246"},{"taxonomy":"post_tag","embeddable":true,"href":"https:\/\/semmelweis.hu\/hok\/wp-json\/wp\/v2\/tags?post=17246"}],"curies":[{"name":"wp","href":"https:\/\/api.w.org\/{rel}","templated":true}]}}