{"id":17067,"date":"2024-03-19T17:01:01","date_gmt":"2024-03-19T16:01:01","guid":{"rendered":"https:\/\/semmelweis.hu\/hok\/?p=17067"},"modified":"2024-03-19T17:34:54","modified_gmt":"2024-03-19T16:34:54","slug":"a-fold-oraja-2024","status":"publish","type":"post","link":"https:\/\/semmelweis.hu\/hok\/2024\/03\/19\/a-fold-oraja-2024\/","title":{"rendered":"A F\u00f6ld \u00f3r\u00e1ja 2024"},"content":{"rendered":"<p>A F\u00f6ld \u00f3r\u00e1ja t\u00f6bbnyire minden \u00e9vben m\u00e1rcius utols\u00f3 szombatj\u00e1n (vagy az azt megel\u0151z\u0151 szombaton, ha Nagyszombatra esne) ker\u00fcl megrendez\u00e9sre, ami egy izgalmas \u00e9s meglehet\u0151sen l\u00e1tv\u00e1nyos kezdem\u00e9nyez\u00e9s a k\u00f6rnyezet tehermentes\u00edt\u00e9se \u00e9rdek\u00e9ben. De mir\u0151l is sz\u00f3l pontosan?<\/p>\n<p>A F\u00f6ld \u00f3r\u00e1ja nem m\u00e1sr\u00f3l sz\u00f3l, mint hogy egy \u00f3r\u00e1ra lekapcsolj\u00e1k a r\u00e9sztvev\u0151k a vil\u00e1g\u00edt\u00e1st, ezzel demonstr\u00e1lva a fenntarthat\u00f3 \u00e9letm\u00f3d, a term\u00e9szet meg\u00f3v\u00e1s\u00e1nak \u00e9s diverzit\u00e1s\u00e1nak fontoss\u00e1g\u00e1t. A kezdem\u00e9nyez\u00e9s \u00f6tletgazd\u00e1ja a World Wide Fund for Nature (WWF), akik 2006 \u00f3ta t\u00f6retlen\u00fcl hirdetik a k\u00f6rnyezettudatoss\u00e1g jegy\u00e9ben. Az els\u0151 \u00e9vben Sydney-b\u0151l indult a mozgalom, mely eredm\u00e9nyek\u00e9pp egy \u00e9vvel k\u00e9s\u0151bb m\u00e1r 10,2 %-kal cs\u00f6kkent v\u00e1rosi szinten a fogyaszt\u00e1s kiz\u00e1r\u00f3lag ez alatt az egy \u00f3ra alatt. Ilyenkor mind egy\u00e9ni, mint t\u00e1rsadalmi szinten a c\u00e9l, hogy 20:30 \u00e9s 21:30 k\u00f6z\u00f6tt mindenki olyan tev\u00e9kenys\u00e9get v\u00e9gezzen, mely a t\u00falfogyaszt\u00e1s \u00e9s az \u00e9ghajlatv\u00e1ltoz\u00e1s elleni k\u00fczdelmet szimboliz\u00e1lja. Ide tartozik az otthoni l\u00e1mp\u00e1k lekapcsol\u00e1s\u00e1t\u00f3l, az elektromos k\u00e9sz\u00fcl\u00e9kek \u00fczemen k\u00edv\u00fcl helyez\u00e9s\u00e9n \u00e1t a v\u00e1rosok d\u00edszkivil\u00e1g\u00edt\u00e1s\u00e1nak sz\u00fcneteltet\u00e9s\u00e9ig minden olyan egy\u00e9ni vagy csoportos v\u00e1llal\u00e1s, mely egy l\u00e9p\u00e9ssel k\u00f6zelebb visz minket az \u00e9lhet\u0151 j\u00f6v\u0151h\u00f6z. Magyarorsz\u00e1g 2008-ban csatlakozott a F\u00f6ld \u00f3r\u00e1j\u00e1hoz, id\u00e9n pedig m\u00e1r szinte a legt\u00f6bb nagyv\u00e1ros r\u00e9szese a rendezv\u00e9nynek.<\/p>\n<p>2011 \u00f3ta egy felh\u00edv\u00e1ssal is kieg\u00e9sz\u00fclt az akci\u00f3: a WWF arra k\u00e9rte a lakoss\u00e1got, hogy minden \u00e9vben a F\u00f6ld \u00f3r\u00e1j\u00e1n a fogyaszt\u00e1s cs\u00f6kkent\u00e9se mellett tegy\u00fcnk magunknak egy 365 napra sz\u00f3l\u00f3 fogadalmat, mellyel a kl\u00edmav\u00e1ltoz\u00e1s sebess\u00e9g\u00e9t igyeksz\u00fcnk lass\u00edtani. Haz\u00e1nkban minden \u00e9vben el\u0151rukkolnak a szervez\u0151k egy, az esem\u00e9nyhez kapcsol\u00f3d\u00f3 t\u00f6rekv\u00e9ssel, ilyen volt p\u00e9ld\u00e1ul 10 \u00e9ve az id\u0151pontot megel\u0151z\u0151 egy h\u00e9tben a gyerty\u00e1k gy\u0171jt\u00e9se, melyb\u0151l megalakult a F\u00f6ld gyerty\u00e1ja, de emellett egy\u00e9b k\u00f6rnyezetbar\u00e1t programokkal is kieg\u00e9sz\u00fcl, mint a fa\u00fcltet\u00e9s, h\u00fasmentes nap, v\u00edztiszt\u00edt\u00e1s, vagy ak\u00e1r a Budapest k\u00f6rny\u00e9ki szervezett s\u00e9t\u00e1k \u2013 szerencs\u00e9re a kezdem\u00e9nyez\u00e9sek list\u00e1ja v\u00e9gel\u00e1thatatlan. A motiv\u00e1ci\u00f3 felkelt\u00e9se v\u00e9gett itthon a v\u00e1rosok ezen a napon elindulhatnak a F\u00f6ld \u00d3r\u00e1ja F\u0151v\u00e1rosa c\u00edm\u00e9rt, melyet minden \u00e9vben a legt\u00f6bb r\u00e9sztvev\u0151vel rendelkez\u0151 v\u00e1ros \u00e9rdemelhet ki.<\/p>\n<p>A szervez\u0151k \u00e1ll\u00e1sfoglal\u00e1sa szerint ez az egy \u00f3ra a megpihen\u00e9sr\u0151l is sz\u00f3l, az idei mott\u00f3 is ezt t\u00fckr\u00f6zi az ,,Adj egy \u00f3r\u00e1t a F\u00f6ldnek!\u201d mondattal. A <a href=\"https:\/\/foldoraja.hu\/?fbclid=IwAR0xMEkd5nsxIIaB-LTbzoLccr8S1uWb9FAfwbBuIvqcJ5vDCqE0OU507BU\">hivatalos honlapjukon<\/a> sz\u00e1mos \u00f6tletet, szervezett programot tal\u00e1lhattok, mellyel a sz\u00e1motokra szimpatikus aspektusb\u00f3l tehettek valamit a bolyg\u00f3nk\u00e9rt. Te id\u00e9n mivel fogod elt\u00f6lteni ezt a 60 percet m\u00e1rcius 23-\u00e1n?<\/p>\n","protected":false},"excerpt":{"rendered":"<p>A F\u00f6ld \u00f3r\u00e1ja t\u00f6bbnyire minden \u00e9vben m\u00e1rcius utols\u00f3 szombatj\u00e1n (vagy az azt megel\u0151z\u0151 szombaton, ha Nagyszombatra esne) ker\u00fcl megrendez\u00e9sre, ami egy izgalmas \u00e9s meglehet\u0151sen l\u00e1tv\u00e1nyos kezdem\u00e9nyez\u00e9s a k\u00f6rnyezet tehermentes\u00edt\u00e9se \u00e9rdek\u00e9ben. De mir\u0151l is sz\u00f3l pontosan? A F\u00f6ld \u00f3r\u00e1ja nem m\u00e1sr\u00f3l sz\u00f3l, mint hogy egy \u00f3r\u00e1ra lekapcsolj\u00e1k a r\u00e9sztvev\u0151k a vil\u00e1g\u00edt\u00e1st, ezzel demonstr\u00e1lva a fenntarthat\u00f3 \u00e9letm\u00f3d, &hellip;<\/p>\n","protected":false},"author":102121,"featured_media":17068,"comment_status":"closed","ping_status":"closed","sticky":false,"template":"","format":"standard","meta":{"_acf_changed":false,"footnotes":""},"categories":[5,499],"tags":[399],"class_list":["post-17067","post","type-post","status-publish","format-standard","has-post-thumbnail","hentry","category-hirek","category-zold-egyetem","tag-zoldegyetem"],"acf":[],"publishpress_future_action":{"enabled":false,"date":"1970-01-01 01:00:00","action":"","terms":[],"taxonomy":"","browser_timezone_offset":0},"_links":{"self":[{"href":"https:\/\/semmelweis.hu\/hok\/wp-json\/wp\/v2\/posts\/17067","targetHints":{"allow":["GET"]}}],"collection":[{"href":"https:\/\/semmelweis.hu\/hok\/wp-json\/wp\/v2\/posts"}],"about":[{"href":"https:\/\/semmelweis.hu\/hok\/wp-json\/wp\/v2\/types\/post"}],"author":[{"embeddable":true,"href":"https:\/\/semmelweis.hu\/hok\/wp-json\/wp\/v2\/users\/102121"}],"replies":[{"embeddable":true,"href":"https:\/\/semmelweis.hu\/hok\/wp-json\/wp\/v2\/comments?post=17067"}],"version-history":[{"count":1,"href":"https:\/\/semmelweis.hu\/hok\/wp-json\/wp\/v2\/posts\/17067\/revisions"}],"predecessor-version":[{"id":17069,"href":"https:\/\/semmelweis.hu\/hok\/wp-json\/wp\/v2\/posts\/17067\/revisions\/17069"}],"wp:featuredmedia":[{"embeddable":true,"href":"https:\/\/semmelweis.hu\/hok\/wp-json\/wp\/v2\/media\/17068"}],"wp:attachment":[{"href":"https:\/\/semmelweis.hu\/hok\/wp-json\/wp\/v2\/media?parent=17067"}],"wp:term":[{"taxonomy":"category","embeddable":true,"href":"https:\/\/semmelweis.hu\/hok\/wp-json\/wp\/v2\/categories?post=17067"},{"taxonomy":"post_tag","embeddable":true,"href":"https:\/\/semmelweis.hu\/hok\/wp-json\/wp\/v2\/tags?post=17067"}],"curies":[{"name":"wp","href":"https:\/\/api.w.org\/{rel}","templated":true}]}}