{"id":17064,"date":"2024-03-16T20:28:51","date_gmt":"2024-03-16T19:28:51","guid":{"rendered":"https:\/\/semmelweis.hu\/hok\/?p=17064"},"modified":"2024-03-19T17:34:02","modified_gmt":"2024-03-19T16:34:02","slug":"the-election-of-the-assembly-of-delegates-is-ended","status":"publish","type":"post","link":"https:\/\/semmelweis.hu\/hok\/en\/2024\/03\/16\/the-election-of-the-assembly-of-delegates-is-ended\/","title":{"rendered":"The election of the Assembly of Delegates is ended"},"content":{"rendered":"<p>According to the <a href=\"https:\/\/semmelweis.hu\/hok\/files\/2024\/03\/1_2024.III_.01.-SE-HOK-VK.pdf\" target=\"_blank\" rel=\"noopener\">decision<\/a> of Election Officer KREBS M\u00e1t\u00e9, the voting phase was ended on the 7th of March 2024.<\/p>\n<p>Considering the <a href=\"https:\/\/semmelweis.hu\/hok\/files\/2024\/03\/2_2024.III_.12.-SE-HOK-VK.pdf\" target=\"_blank\" rel=\"noopener\">results of the 2023 elections<\/a>, the mandates of the Assembly of Delegates will be filled up by the following students:<\/p>\n<ol style=\"list-style-type: lower-alpha\">\n<li>Delegates whose term of office expires when the results of the second general election become final:\n<ul>\n<li>BAK\u00d3 Benedek<\/li>\n<li>B\u00c9NYI Botond Boldizs\u00e1r<\/li>\n<li>Evelina DAVLIEVA<\/li>\n<li>KESKENY Gy\u00f6rgy \u00c1rp\u00e1d<\/li>\n<li>MAGYAR D\u00e1niel D\u00e1vid<\/li>\n<li>M\u00c9SZ\u00c1ROS Csaba<\/li>\n<li>MIKL\u00d3S Ren\u00e1ta Dalma<\/li>\n<li>Jos\u00e9 Arturo OROZCO JR.<\/li>\n<li>TIM\u00c1R Petra<\/li>\n<li>VARGA S\u00e1ra<\/li>\n<\/ul>\n<\/li>\n<li>Delegate whose term of office expires when the results of the next general election become final:\n<ul>\n<li>Reem H.I. ALADIN<\/li>\n<\/ul>\n<\/li>\n<\/ol>\n<p>The newly elected members have also become presidential electors. The inaugural session of the Assembly of Delegates, where the newly elected members take their place, is expected in the coming weeks.<\/p>\n<p>Thank you all for participating in the elections!<br \/>\nWe congratulate to all winners and wish you a fruitful work in the future!<\/p>\n","protected":false},"excerpt":{"rendered":"<p>According to the <a href=\"https:\/\/semmelweis.hu\/hok\/files\/2024\/03\/1_2024.III_.01.-SE-HOK-VK.pdf\" target=\"_blank\" rel=\"noopener\">decision<\/a> of Election Officer KREBS M\u00e1t\u00e9, the voting phase was ended on the 7th of March 2024. Considering the <a href=\"https:\/\/semmelweis.hu\/hok\/files\/2024\/03\/2_2024.III_.12.-SE-HOK-VK.pdf\" target=\"_blank\" rel=\"noopener\">results of the 2023 elections<\/a> , the mandates of the Assembly of Delegates will be filled up by the following students: Delegates whose term of office expires when the results of the second general election become final: BAK\u00d3 Benedek &hellip;<\/p>\n","protected":false},"author":102121,"featured_media":15314,"comment_status":"closed","ping_status":"closed","sticky":false,"template":"","format":"standard","meta":{"_acf_changed":false,"footnotes":""},"categories":[83],"tags":[738,230],"class_list":["post-17064","post","type-post","status-publish","format-standard","has-post-thumbnail","hentry","category-news","tag-assembly","tag-election"],"acf":[],"publishpress_future_action":{"enabled":false,"date":"1970-01-01 01:00:00","action":"","terms":[],"taxonomy":"","browser_timezone_offset":0},"_links":{"self":[{"href":"https:\/\/semmelweis.hu\/hok\/wp-json\/wp\/v2\/posts\/17064","targetHints":{"allow":["GET"]}}],"collection":[{"href":"https:\/\/semmelweis.hu\/hok\/wp-json\/wp\/v2\/posts"}],"about":[{"href":"https:\/\/semmelweis.hu\/hok\/wp-json\/wp\/v2\/types\/post"}],"author":[{"embeddable":true,"href":"https:\/\/semmelweis.hu\/hok\/wp-json\/wp\/v2\/users\/102121"}],"replies":[{"embeddable":true,"href":"https:\/\/semmelweis.hu\/hok\/wp-json\/wp\/v2\/comments?post=17064"}],"version-history":[{"count":2,"href":"https:\/\/semmelweis.hu\/hok\/wp-json\/wp\/v2\/posts\/17064\/revisions"}],"predecessor-version":[{"id":17076,"href":"https:\/\/semmelweis.hu\/hok\/wp-json\/wp\/v2\/posts\/17064\/revisions\/17076"}],"wp:featuredmedia":[{"embeddable":true,"href":"https:\/\/semmelweis.hu\/hok\/wp-json\/wp\/v2\/media\/15314"}],"wp:attachment":[{"href":"https:\/\/semmelweis.hu\/hok\/wp-json\/wp\/v2\/media?parent=17064"}],"wp:term":[{"taxonomy":"category","embeddable":true,"href":"https:\/\/semmelweis.hu\/hok\/wp-json\/wp\/v2\/categories?post=17064"},{"taxonomy":"post_tag","embeddable":true,"href":"https:\/\/semmelweis.hu\/hok\/wp-json\/wp\/v2\/tags?post=17064"}],"curies":[{"name":"wp","href":"https:\/\/api.w.org\/{rel}","templated":true}]}}