{"id":17025,"date":"2024-03-07T14:19:43","date_gmt":"2024-03-07T13:19:43","guid":{"rendered":"https:\/\/semmelweis.hu\/hok\/?p=17025"},"modified":"2024-03-07T14:19:43","modified_gmt":"2024-03-07T13:19:43","slug":"allas-bors-anett-svajci-munkalehetoseg","status":"publish","type":"post","link":"https:\/\/semmelweis.hu\/hok\/2024\/03\/07\/allas-bors-anett-svajci-munkalehetoseg\/","title":{"rendered":"\u00c1ll\u00e1s &#8211; Bors Anett \/ sv\u00e1jci munkalehet\u0151s\u00e9g"},"content":{"rendered":"<p><strong>Munkak\u00f6r:<\/strong><br \/>\n&#8211; sv\u00e1jci munkalehet\u0151s\u00e9g<br \/>\n&#8211; Z\u00fcrich<br \/>\n&#8211;\u00a0<em>teljes munkaid\u0151<\/em><\/p>\n<p>Orvosokat, fogorvosokat, gy\u00f3gyszer\u00e9szeket \u00e9s \u00e1pol\u00f3kat k\u00f6zvet\u00edt\u00fcnk Sv\u00e1jcba.<\/p>\n<p><strong>Munk\u00e1ltat\u00f3:<\/strong><br \/>\n&#8211; Bors Anett<br \/>\n&#8211; Z\u00fcrich<br \/>\n&#8211; Dr. Bors Anett<br \/>\n&#8211;\u00a0<a href=\"mailto:borsanett@gmail.com\" target=\"_blank\" rel=\"noopener\">borsanett@gmail.com<\/a><br \/>\n&#8211; 0041765721287<\/p>\n<p><strong>Munkaer\u0151 ig\u00e9ny:<\/strong><br \/>\n&#8211; diplom\u00e1s<br \/>\n&#8211; n\u00e9met \/ francia &#8211; B2<\/p>\n<p><strong>A jelentkez\u0151 \u00e1ltal elk\u00fcldend\u0151 mell\u00e9kletek:<\/strong><br \/>\nCV, motiv\u00e1ci\u00f3s lev\u00e9l, diploma, nyelvvizsga<\/p>\n","protected":false},"excerpt":{"rendered":"<p>Munkak\u00f6r:<br \/>\n&#8211; sv\u00e1jci munkalehet\u0151s\u00e9g<br \/>\n&#8211; Z\u00fcrich<br \/>\n&#8211;\u00a0teljes munkaid\u0151<br \/>\nOrvosokat, fogorvosokat, gy\u00f3gyszer\u00e9szeket \u00e9s \u00e1pol\u00f3kat k\u00f6zvet\u00edt\u00fcnk Sv\u00e1jcba.<br \/>\nMunk\u00e1ltat\u00f3:<br \/>\n&#8211; Bors Anett<br \/>\n&#8211; Z\u00fcrich<br \/>\n&#8211; Dr. Bors Anett<br \/>\n&#8211;\u00a0<a href=\"mailto:borsanett@gmail.com\" target=\"_blank\" rel=\"noopener\">borsanett@gmail.com<\/a><br \/>\n&#8211; 0041765721287<br \/>\nMunkaer\u0151 ig\u00e9ny:<br \/>\n&#8211; diplom\u00e1s<br \/>\n&#8211; n\u00e9met \/ francia &#8211; B2<br \/>\nA jelentkez\u0151 \u00e1ltal elk\u00fcldend\u0151 mell\u00e9kletek:<br \/>\nCV, motiv\u00e1ci\u00f3s lev\u00e9l, diploma, nyelvvizsga<\/p>\n","protected":false},"author":102121,"featured_media":0,"comment_status":"closed","ping_status":"closed","sticky":false,"template":"","format":"standard","meta":{"_acf_changed":false,"footnotes":""},"categories":[766],"tags":[467,372,494,938,278,606,359,844,700],"class_list":["post-17025","post","type-post","status-publish","format-standard","hentry","category-archiv","tag-apolo","tag-diplomas","tag-fogorvos","tag-francia","tag-gyogyszeresz","tag-nemet","tag-orvos","tag-svajc","tag-teljes-munkaido"],"acf":[],"publishpress_future_action":{"enabled":false,"date":"1970-01-01 01:00:00","action":"","terms":[],"taxonomy":"","browser_timezone_offset":0},"_links":{"self":[{"href":"https:\/\/semmelweis.hu\/hok\/wp-json\/wp\/v2\/posts\/17025","targetHints":{"allow":["GET"]}}],"collection":[{"href":"https:\/\/semmelweis.hu\/hok\/wp-json\/wp\/v2\/posts"}],"about":[{"href":"https:\/\/semmelweis.hu\/hok\/wp-json\/wp\/v2\/types\/post"}],"author":[{"embeddable":true,"href":"https:\/\/semmelweis.hu\/hok\/wp-json\/wp\/v2\/users\/102121"}],"replies":[{"embeddable":true,"href":"https:\/\/semmelweis.hu\/hok\/wp-json\/wp\/v2\/comments?post=17025"}],"version-history":[{"count":1,"href":"https:\/\/semmelweis.hu\/hok\/wp-json\/wp\/v2\/posts\/17025\/revisions"}],"predecessor-version":[{"id":17026,"href":"https:\/\/semmelweis.hu\/hok\/wp-json\/wp\/v2\/posts\/17025\/revisions\/17026"}],"wp:attachment":[{"href":"https:\/\/semmelweis.hu\/hok\/wp-json\/wp\/v2\/media?parent=17025"}],"wp:term":[{"taxonomy":"category","embeddable":true,"href":"https:\/\/semmelweis.hu\/hok\/wp-json\/wp\/v2\/categories?post=17025"},{"taxonomy":"post_tag","embeddable":true,"href":"https:\/\/semmelweis.hu\/hok\/wp-json\/wp\/v2\/tags?post=17025"}],"curies":[{"name":"wp","href":"https:\/\/api.w.org\/{rel}","templated":true}]}}