{"id":16111,"date":"2023-10-02T22:49:26","date_gmt":"2023-10-02T20:49:26","guid":{"rendered":"https:\/\/semmelweis.hu\/hok\/?p=16111"},"modified":"2023-10-02T22:49:26","modified_gmt":"2023-10-02T20:49:26","slug":"allas-plazmaszolgalat-kft-minosegbiztositasi-asszisztens-szombathely-2","status":"publish","type":"post","link":"https:\/\/semmelweis.hu\/hok\/2023\/10\/02\/allas-plazmaszolgalat-kft-minosegbiztositasi-asszisztens-szombathely-2\/","title":{"rendered":"\u00c1ll\u00e1s &#8211; Plazmaszolg\u00e1lat Kft. \/ MIN\u0150S\u00c9GBIZTOS\u00cdT\u00c1SI ASSZISZTENS (Szombathely)"},"content":{"rendered":"<p><strong>Munkak\u00f6r:<\/strong><br \/>\n&#8211; Min\u0151s\u00e9gbiztos\u00edt\u00e1si asszisztens<br \/>\n&#8211; 9700 Szombathely, K\u00f6rmendi \u00fat 11.<br \/>\n&#8211;\u00a0<em>teljes munkaid\u0151<\/em><\/p>\n<p>A gy\u00f3gyszeriparban 13 \u00e9ve stabilan \u00e9s t\u0151keer\u0151sen m\u0171k\u00f6d\u0151, rendk\u00edv\u00fcl dinamikusan n\u00f6vekv\u0151 Plazmaszolg\u00e1lat Kft. modern infrastrukt\u00far\u00e1j\u00fa szombathelyi Plazma Pontj\u00e1ba min\u0151s\u00e9gbiztos\u00edt\u00e1si asszisztens munkak\u00f6rbe munkat\u00e1rsat keres.<\/p>\n<p>FELADATAI:<\/p>\n<ul>\n<li>A centrum min\u0151s\u00e9gbiztos\u00edt\u00e1si rendszer\u00e9nek m\u0171k\u00f6dtet\u00e9s\u00e9ben \u00e9s ellen\u0151rz\u00e9s\u00e9ben val\u00f3 k\u00f6zrem\u0171k\u00f6d\u00e9s<\/li>\n<li>Min\u0151s\u00e9gbiztos\u00edt\u00e1si dokumentumok kezel\u00e9se<\/li>\n<li>Sz\u00e9les k\u00f6r\u0171 adminisztrat\u00edv feladatok ell\u00e1t\u00e1sa<\/li>\n<li>A GMP el\u0151\u00edr\u00e1sok betartat\u00e1s\u00e1ban val\u00f3 k\u00f6zrem\u0171k\u00f6d\u00e9s<\/li>\n<li>Centrum vezet\u00e9s\u00e9nek teljes k\u00f6r\u0171 adminisztrat\u00edv t\u00e1mogat\u00e1sa<\/li>\n<li>Megrendel\u00e9sek napra k\u00e9sz lebonyol\u00edt\u00e1sa<\/li>\n<li>Szem\u00e9ly\u00fcgyi adminisztr\u00e1ci\u00f3 (bel\u00e9ptet\u00e9sekkel, jelenl\u00e9ti \u00edvekkel, k\u00e9pz\u00e9sekkel stb. kapcsolatos adminisztrat\u00edv feladatok ell\u00e1t\u00e1sa)<\/li>\n<\/ul>\n<p>ELV\u00c1R\u00c1SOK:<\/p>\n<ul>\n<li>Fels\u0151fok\u00fa v\u00e9gzetts\u00e9g<\/li>\n<li>K\u00f6z\u00e9pfok\u00fa angol \u00e9s\/vagy n\u00e9met nyelvtud\u00e1s sz\u00f3ban \u00e9s \u00edr\u00e1sban<\/li>\n<li>Nagyfok\u00fa precizit\u00e1s, analitikus \u00e9s proakt\u00edv gondolkod\u00e1sm\u00f3d<span class=\"im\"><br \/>\n<\/span><\/li>\n<li><span class=\"im\">Pozit\u00edv kisug\u00e1rz\u00e1s, energikus, mosolyg\u00f3s szem\u00e9lyis\u00e9g<br \/>\n<\/span><\/li>\n<li>Dokumentumkezel\u00e9si tapasztalat \u00e9s rutin<\/li>\n<li>Magas szint\u0171 sz\u00e1m\u00edt\u00f3g\u00e9pes ismeretek (excel, ppt, word)<\/li>\n<li>Terhelhet\u0151s\u00e9g, hat\u00e1rozotts\u00e1g, rugalmass\u00e1g<\/li>\n<li>J\u00f3 szervez\u0151- \u00e9s kommunik\u00e1ci\u00f3s k\u00e9szs\u00e9g, \u00f6n\u00e1ll\u00f3 munkav\u00e9gz\u00e9s<\/li>\n<\/ul>\n<p>AMIT K\u00cdN\u00c1LUNK:<\/p>\n<ul>\n<li>Teljes munkaid\u0151s munkalehet\u0151s\u00e9g<span class=\"im\"><br \/>\n<\/span><\/li>\n<li><span class=\"im\">Versenyk\u00e9pes fizet\u00e9s<br \/>\n<\/span><\/li>\n<li><span class=\"im\">Multinacion\u00e1lis v\u00e1llalati h\u00e1tt\u00e9r, \u00e1tlagon fel\u00fcli munkak\u00f6rnyezet<br \/>\n<\/span><\/li>\n<li>Fiatalos, dinamikus csapat<\/li>\n<\/ul>\n<p>EL\u0150NYT JELENT:<\/p>\n<ul>\n<li>Min\u0151s\u00e9g\u00fcgyi ter\u00fcleten szerzett tapasztalat (ISO vagy GMP)<\/li>\n<li>Min\u0151s\u00e9gir\u00e1ny\u00edt\u00e1si rendszer(ek) ismerete<\/li>\n<li>Fels\u0151fok\u00fa szakir\u00e1ny\u00fa v\u00e9gzetts\u00e9g (gy\u00f3gyszer\u00e9sz, vagy biol\u00f3gus, vagy vegy\u00e9sz vagy min\u0151s\u00e9gbiztos\u00edt\u00e1s szakir\u00e1ny\u00fa, vagy egy\u00e9b relev\u00e1ns eg\u00e9szs\u00e9g\u00fcgyi diploma)<\/li>\n<li>Titk\u00e1rs\u00e1gi tapasztalat<\/li>\n<\/ul>\n<p>MUNKAV\u00c9GZ\u00c9S HELYE: Szombathely<\/p>\n<p>JELENTKEZ\u00c9S M\u00d3DJA:<br \/>\n<a href=\"https:\/\/plazmaadas.hu\/karrier\/szombathely\/minosegbiztositasi-asszisztens71\" target=\"_blank\" rel=\"noopener\">https:\/\/plazmaadas.hu\/karrier\/szombathely\/minosegbiztositasi-asszisztens71<\/a><\/p>\n<p><strong>Munk\u00e1ltat\u00f3:<\/strong><br \/>\n&#8211; Plazmaszolg\u00e1lat Kft.<br \/>\n&#8211; 2045 T\u00f6r\u00f6kb\u00e1lint, Torb\u00e1gy utca 15\/A<br \/>\n&#8211; Zadravecz Anett<br \/>\n&#8211;\u00a0<a href=\"mailto:zadravecz.anett@plazmaszolgalat.hu\" target=\"_blank\" rel=\"noopener\">zadravecz.anett@plazmaszolgalat.hu<\/a><br \/>\n&#8211; 06203425890<\/p>\n<p><span class=\"im\"><strong>Munkaer\u0151 ig\u00e9ny:<\/strong><br \/>\n&#8211; PhD hallgat\u00f3, diplom\u00e1s<br \/>\n<\/span>&#8211; nem sz\u00fcks\u00e9ges nyelvtud\u00e1s, de el\u0151nyt jelent<\/p>\n<p><strong>Honor\u00e1rium:<\/strong><br \/>\nfix b\u00e9rez\u00e9s<\/p>\n<div class=\"adL\">\n<div class=\"im\">\n<p><strong>P\u00e1ly\u00e1zati id\u0151szak v\u00e9ge:<\/strong><br \/>\n2023-10-31<\/p>\n<p><strong>A jelentkez\u0151 \u00e1ltal elk\u00fcldend\u0151 mell\u00e9kletek:<\/strong><br \/>\nCV, motiv\u00e1ci\u00f3s lev\u00e9l<\/p>\n<\/div>\n<\/div>\n","protected":false},"excerpt":{"rendered":"<p>Munkak\u00f6r: &#8211; Min\u0151s\u00e9gbiztos\u00edt\u00e1si asszisztens &#8211; 9700 Szombathely, K\u00f6rmendi \u00fat 11. &#8211;\u00a0teljes munkaid\u0151 A gy\u00f3gyszeriparban 13 \u00e9ve stabilan \u00e9s t\u0151keer\u0151sen m\u0171k\u00f6d\u0151, rendk\u00edv\u00fcl dinamikusan n\u00f6vekv\u0151 Plazmaszolg\u00e1lat Kft. modern infrastrukt\u00far\u00e1j\u00fa szombathelyi Plazma Pontj\u00e1ba min\u0151s\u00e9gbiztos\u00edt\u00e1si asszisztens munkak\u00f6rbe munkat\u00e1rsat keres. FELADATAI: A centrum min\u0151s\u00e9gbiztos\u00edt\u00e1si rendszer\u00e9nek m\u0171k\u00f6dtet\u00e9s\u00e9ben \u00e9s ellen\u0151rz\u00e9s\u00e9ben val\u00f3 k\u00f6zrem\u0171k\u00f6d\u00e9s Min\u0151s\u00e9gbiztos\u00edt\u00e1si dokumentumok kezel\u00e9se Sz\u00e9les k\u00f6r\u0171 adminisztrat\u00edv feladatok ell\u00e1t\u00e1sa A GMP &hellip;<\/p>\n","protected":false},"author":102250,"featured_media":0,"comment_status":"closed","ping_status":"closed","sticky":false,"template":"","format":"standard","meta":{"_acf_changed":false,"footnotes":""},"categories":[766],"tags":[280,404,884,700,744],"class_list":["post-16111","post","type-post","status-publish","format-standard","hentry","category-archiv","tag-asszisztens","tag-fix-berezes","tag-minosegbiztositas","tag-teljes-munkaido","tag-videk"],"acf":[],"publishpress_future_action":{"enabled":false,"date":"1970-01-01 01:00:00","action":"","terms":[],"taxonomy":"","browser_timezone_offset":0},"_links":{"self":[{"href":"https:\/\/semmelweis.hu\/hok\/wp-json\/wp\/v2\/posts\/16111","targetHints":{"allow":["GET"]}}],"collection":[{"href":"https:\/\/semmelweis.hu\/hok\/wp-json\/wp\/v2\/posts"}],"about":[{"href":"https:\/\/semmelweis.hu\/hok\/wp-json\/wp\/v2\/types\/post"}],"author":[{"embeddable":true,"href":"https:\/\/semmelweis.hu\/hok\/wp-json\/wp\/v2\/users\/102250"}],"replies":[{"embeddable":true,"href":"https:\/\/semmelweis.hu\/hok\/wp-json\/wp\/v2\/comments?post=16111"}],"version-history":[{"count":1,"href":"https:\/\/semmelweis.hu\/hok\/wp-json\/wp\/v2\/posts\/16111\/revisions"}],"predecessor-version":[{"id":16112,"href":"https:\/\/semmelweis.hu\/hok\/wp-json\/wp\/v2\/posts\/16111\/revisions\/16112"}],"wp:attachment":[{"href":"https:\/\/semmelweis.hu\/hok\/wp-json\/wp\/v2\/media?parent=16111"}],"wp:term":[{"taxonomy":"category","embeddable":true,"href":"https:\/\/semmelweis.hu\/hok\/wp-json\/wp\/v2\/categories?post=16111"},{"taxonomy":"post_tag","embeddable":true,"href":"https:\/\/semmelweis.hu\/hok\/wp-json\/wp\/v2\/tags?post=16111"}],"curies":[{"name":"wp","href":"https:\/\/api.w.org\/{rel}","templated":true}]}}