{"id":15939,"date":"2023-08-27T01:26:40","date_gmt":"2023-08-26T23:26:40","guid":{"rendered":"https:\/\/semmelweis.hu\/hok\/?p=15939"},"modified":"2023-10-02T22:16:36","modified_gmt":"2023-10-02T20:16:36","slug":"allas-plazmaszolgalat-kft-reszmunkaidos-egeszsegugyi-asszisztens-kaposvar","status":"publish","type":"post","link":"https:\/\/semmelweis.hu\/hok\/2023\/08\/27\/allas-plazmaszolgalat-kft-reszmunkaidos-egeszsegugyi-asszisztens-kaposvar\/","title":{"rendered":"\u00c1ll\u00e1s &#8211; Plazmaszolg\u00e1lat Kft. \/ R\u00c9SZMUNKAID\u0150S EG\u00c9SZS\u00c9G\u00dcGYI ASSZISZTENS (KAPOSV\u00c1R)"},"content":{"rendered":"<p><strong>Munkak\u00f6r:<\/strong><br \/>\n&#8211; eg\u00e9szs\u00e9g\u00fcgyi asszisztens<br \/>\n&#8211; 7400 Kaposv\u00e1r, \u00c1chim Andr\u00e1s utca 2.<br \/>\n&#8211;\u00a0r\u00e9szmunkaid\u0151<\/p>\n<p>A gy\u00f3gyszeriparban 13 \u00e9ve stabilan \u00e9s t\u0151keer\u0151sen m\u0171k\u00f6d\u0151, rendk\u00edv\u00fcl dinamikusan n\u00f6vekv\u0151 Plazmaszolg\u00e1lat Kft. modern infrastrukt\u00far\u00e1j\u00fa kaposv\u00e1ri Plazma Pontj\u00e1ba r\u00e9szmunkaid\u0151s eg\u00e9szs\u00e9g\u00fcgyi asszisztens munkak\u00f6rbe munkat\u00e1rsat keres.<\/p>\n<p>FELADATAI:<\/p>\n<ul>\n<li>V\u00e9rplazma lev\u00e9tele (plazmaferezis elv\u00e9gz\u00e9se)<\/li>\n<li>A v\u00e9rplazma lev\u00e9tel\u00e9hez sz\u00fcks\u00e9ges g\u00e9pek kezel\u00e9se (betan\u00edt\u00e1st k\u00f6vet\u0151en)<\/li>\n<li>Plazmaad\u00e1shoz kapcsol\u00f3d\u00f3 adminisztr\u00e1ci\u00f3s feladatok ell\u00e1t\u00e1sa<\/li>\n<li>Hat\u00e1rid\u0151k, szab\u00e1lyok, el\u0151\u00edr\u00e1sok pontos betart\u00e1sa<\/li>\n<li>Folyamatos egy\u00fcttm\u0171k\u00f6d\u00e9s a koll\u00e9g\u00e1kkal<\/li>\n<li>A k\u00f6zpont szolg\u00e1ltat\u00e1si sz\u00ednvonal\u00e1nak megteremt\u00e9se, majd megtart\u00e1sa \u00e9s fokoz\u00e1sa<\/li>\n<li>Felmer\u00fcl\u0151 probl\u00e9m\u00e1k kezel\u00e9se<\/li>\n<\/ul>\n<p>ELV\u00c1R\u00c1SOK:<\/p>\n<ul>\n<li>Prec\u00edz, pontos v\u00e9nasz\u00far\u00e1s<\/li>\n<li>Eg\u00e9szs\u00e9g\u00fcgyi szakk\u00e9pes\u00edt\u00e9s<\/li>\n<li>\u00c9rv\u00e9nyes m\u0171k\u00f6d\u00e9si enged\u00e9ly \u00e9s MESZK k\u00e1rtya<\/li>\n<li>\u00c1tlagon fel\u00fcli kommunik\u00e1ci\u00f3s k\u00e9pess\u00e9g<\/li>\n<li>Pozit\u00edv kisug\u00e1rz\u00e1s, energikus, mosolyg\u00f3s szem\u00e9lyis\u00e9g<\/li>\n<li>Csapatmunk\u00e1ra val\u00f3 k\u00e9pess\u00e9g<\/li>\n<li>Dinamikus munkav\u00e9gz\u00e9s<\/li>\n<li>Kiemelked\u0151 emp\u00e1tia \u00e9s monotonit\u00e1st\u0171r\u0151 k\u00e9pess\u00e9g<\/li>\n<li>Felhaszn\u00e1l\u00f3i szint\u0171 sz\u00e1m\u00edt\u00f3g\u00e9p kezel\u00e9s (Word, Excel, Internet)<\/li>\n<li>Pontos, prec\u00edz, szab\u00e1lyk\u00f6vet\u0151 \u00e9s felel\u0151ss\u00e9gteljes munkav\u00e9gz\u00e9s<\/li>\n<\/ul>\n<p>AMIT K\u00cdN\u00c1LUNK:<\/p>\n<ul>\n<li>Munkav\u00e9gz\u00e9s r\u00e9szmunkaid\u0151ben (h\u00e9tk\u00f6znap d\u00e9lut\u00e1nonk\u00e9nt \u00e9s r\u00e1\u00e9r\u00e9s f\u00fcggv\u00e9ny\u00e9ben szombat d\u00e9lel\u0151tt\u00f6nk\u00e9nt)<\/li>\n<li>Versenyk\u00e9pes fizet\u00e9s \u2013 bejelentett r\u00e9szmunkaid\u0151s vagy megb\u00edz\u00e1si vagy v\u00e1llalkoz\u00e1si szerz\u0151d\u00e9ssel<\/li>\n<li>Multinacion\u00e1lis v\u00e1llalati h\u00e1tt\u00e9r, \u00e1tlagon fel\u00fcli munkak\u00f6rnyezet<\/li>\n<li>Teljes k\u00f6r\u0171 oktat\u00e1s \u00e9s megbecs\u00fcl\u00e9s<\/li>\n<li>Dinamikus csapat<\/li>\n<\/ul>\n<p>EL\u0150NYT JELENT:<\/p>\n<ul>\n<li>Hasonl\u00f3 ter\u00fcleten szerzett relev\u00e1ns munkatapasztalat<\/li>\n<li>Kiemelked\u0151 v\u00e9nasz\u00far\u00e1si tapasztalat<\/li>\n<\/ul>\n<p>MUNKAV\u00c9GZ\u00c9S HELYE: Kaposv\u00e1r<\/p>\n<p>JELENTKEZ\u00c9S M\u00d3DJA:<br \/>\nHa a hirdet\u00e9s\u00fcnk felkeltette az \u00e9rdekl\u0151d\u00e9s\u00e9t, akkor magyar nyelv\u0171 f\u00e9nyk\u00e9pes \u00f6n\u00e9letrajz\u00e1t \u00e9s motiv\u00e1ci\u00f3s level\u00e9t a\u00a0<a href=\"mailto:hr@plazmaszolgalat.hu\" target=\"_blank\" rel=\"noopener\">hr@plazmaszolgalat.hu<\/a>\u00a0c\u00edmre v\u00e1rjuk \u201eEG\u00c9SZS\u00c9G\u00dcGYI ASSZISZTENS \u2013 KAPOSV\u00c1R\u201d jelig\u00e9re!<\/p>\n<p><strong>Munk\u00e1ltat\u00f3:<\/strong><br \/>\n&#8211; Plazmaszolg\u00e1lat Kft.<br \/>\n&#8211; 2045 T\u00f6r\u00f6kb\u00e1lint, Torb\u00e1gy utca 15\/A<br \/>\n&#8211; Zadravecz Anett<br \/>\n&#8211;\u00a0<a href=\"mailto:zadravecz.anett@plazmaszolgalat.hu\" target=\"_blank\" rel=\"noopener\">zadravecz.anett@plazmaszolgalat.hu<\/a><br \/>\n&#8211; 06203425890<\/p>\n<p><strong>Munkaer\u0151 ig\u00e9ny:<\/strong><br \/>\n&#8211; diplom\u00e1s<br \/>\n&#8211; nem sz\u00fcks\u00e9ges tapasztalat<\/p>\n<p><strong>Honor\u00e1rium:<\/strong><br \/>\n\u00f3rab\u00e9r<\/p>\n<p><strong>P\u00e1ly\u00e1zati id\u0151szak v\u00e9ge:<\/strong><br \/>\n2023-09-30<\/p>\n<p><strong>A jelentkez\u0151 \u00e1ltal elk\u00fcldend\u0151 mell\u00e9kletek:<\/strong><br \/>\nCV, motiv\u00e1ci\u00f3s lev\u00e9l<\/p>\n","protected":false},"excerpt":{"rendered":"<p>Munkak\u00f6r: &#8211; eg\u00e9szs\u00e9g\u00fcgyi asszisztens &#8211; 7400 Kaposv\u00e1r, \u00c1chim Andr\u00e1s utca 2. &#8211;\u00a0r\u00e9szmunkaid\u0151 A gy\u00f3gyszeriparban 13 \u00e9ve stabilan \u00e9s t\u0151keer\u0151sen m\u0171k\u00f6d\u0151, rendk\u00edv\u00fcl dinamikusan n\u00f6vekv\u0151 Plazmaszolg\u00e1lat Kft. modern infrastrukt\u00far\u00e1j\u00fa kaposv\u00e1ri Plazma Pontj\u00e1ba r\u00e9szmunkaid\u0151s eg\u00e9szs\u00e9g\u00fcgyi asszisztens munkak\u00f6rbe munkat\u00e1rsat keres. FELADATAI: V\u00e9rplazma lev\u00e9tele (plazmaferezis elv\u00e9gz\u00e9se) A v\u00e9rplazma lev\u00e9tel\u00e9hez sz\u00fcks\u00e9ges g\u00e9pek kezel\u00e9se (betan\u00edt\u00e1st k\u00f6vet\u0151en) Plazmaad\u00e1shoz kapcsol\u00f3d\u00f3 adminisztr\u00e1ci\u00f3s feladatok ell\u00e1t\u00e1sa Hat\u00e1rid\u0151k, &hellip;<\/p>\n","protected":false},"author":102250,"featured_media":0,"comment_status":"closed","ping_status":"closed","sticky":false,"template":"","format":"standard","meta":{"_acf_changed":false,"footnotes":""},"categories":[766],"tags":[280,372,410,376],"class_list":["post-15939","post","type-post","status-publish","format-standard","hentry","category-archiv","tag-asszisztens","tag-diplomas","tag-oraber","tag-reszmunkaido"],"acf":[],"publishpress_future_action":{"enabled":false,"date":"1970-01-01 01:00:00","action":"","terms":[],"taxonomy":"","browser_timezone_offset":0},"_links":{"self":[{"href":"https:\/\/semmelweis.hu\/hok\/wp-json\/wp\/v2\/posts\/15939","targetHints":{"allow":["GET"]}}],"collection":[{"href":"https:\/\/semmelweis.hu\/hok\/wp-json\/wp\/v2\/posts"}],"about":[{"href":"https:\/\/semmelweis.hu\/hok\/wp-json\/wp\/v2\/types\/post"}],"author":[{"embeddable":true,"href":"https:\/\/semmelweis.hu\/hok\/wp-json\/wp\/v2\/users\/102250"}],"replies":[{"embeddable":true,"href":"https:\/\/semmelweis.hu\/hok\/wp-json\/wp\/v2\/comments?post=15939"}],"version-history":[{"count":1,"href":"https:\/\/semmelweis.hu\/hok\/wp-json\/wp\/v2\/posts\/15939\/revisions"}],"predecessor-version":[{"id":15940,"href":"https:\/\/semmelweis.hu\/hok\/wp-json\/wp\/v2\/posts\/15939\/revisions\/15940"}],"wp:attachment":[{"href":"https:\/\/semmelweis.hu\/hok\/wp-json\/wp\/v2\/media?parent=15939"}],"wp:term":[{"taxonomy":"category","embeddable":true,"href":"https:\/\/semmelweis.hu\/hok\/wp-json\/wp\/v2\/categories?post=15939"},{"taxonomy":"post_tag","embeddable":true,"href":"https:\/\/semmelweis.hu\/hok\/wp-json\/wp\/v2\/tags?post=15939"}],"curies":[{"name":"wp","href":"https:\/\/api.w.org\/{rel}","templated":true}]}}