{"id":15869,"date":"2023-08-17T21:18:25","date_gmt":"2023-08-17T19:18:25","guid":{"rendered":"https:\/\/semmelweis.hu\/hok\/?p=15869"},"modified":"2023-09-17T16:25:34","modified_gmt":"2023-09-17T14:25:34","slug":"allas-mgx-dent-fogorvos-allas-palyakezdok-reszere-budapest","status":"publish","type":"post","link":"https:\/\/semmelweis.hu\/hok\/2023\/08\/17\/allas-mgx-dent-fogorvos-allas-palyakezdok-reszere-budapest\/","title":{"rendered":"\u00c1ll\u00e1s &#8211; MGX Dent \/ Fogorvos \u00e1ll\u00e1s \u2013 P\u00e1lyakezd\u0151k r\u00e9sz\u00e9re (Budapest)"},"content":{"rendered":"<p><strong>Munkak\u00f6r:<\/strong><br \/>\n&#8211; fogorvos \u00e1ll\u00e1s \u2013 p\u00e1lyakezd\u0151k r\u00e9sz\u00e9re<br \/>\n&#8211; Budapest 17. ker\u00fclet<br \/>\n&#8211;\u00a0teljes munkaid\u0151<\/p>\n<p>Kertv\u00e1rosi praxisba kimagasl\u00f3 p\u00e1ciensforgalmunk zavartalan ell\u00e1t\u00e1s\u00e1ra keres\u00fcnk szakmai tapasztalattal rendelkez\u0151 vagy p\u00e1lyakezd\u0151 koll\u00e9g\u00e1t.<\/p>\n<p>Amit k\u00edn\u00e1lunk:<\/p>\n<ul>\n<li>J\u00f3l felszerelt kertv\u00e1rosi praxist (Budapest 17. ker\u00fclet)<\/li>\n<li>Nagy betegforgalm\u00fa rendel\u0151t<\/li>\n<li>Protetikai munk\u00e1ra ig\u00e9nyt tart\u00f3 p\u00e1cienseket<\/li>\n<li>Tapasztalt, seg\u00edt\u0151k\u00e9sz asszisztenst<\/li>\n<li>Felel\u0151ss\u00e9gteljes, \u00f6n\u00e1ll\u00f3 munkav\u00e9gz\u00e9s lehet\u0151s\u00e9g\u00e9t<\/li>\n<li>Kiv\u00e1l\u00f3 tapasztalatszerz\u00e9si lehet\u0151s\u00e9get<\/li>\n<li>F\u0151\u00e1ll\u00e1s\u00fa vagy r\u00e9szmunkaid\u0151s poz\u00edci\u00f3t<\/li>\n<li>Tervezhet\u0151 beoszt\u00e1st<\/li>\n<li>Szabad h\u00e9tv\u00e9g\u00e9ket<\/li>\n<li>Hossz\u00fa t\u00e1v\u00fa egy\u00fcttm\u0171k\u00f6d\u00e9st<\/li>\n<li>Betanul\u00e1si id\u0151szakot k\u00f6vet\u0151en, szakmai fejl\u0151d\u00e9si lehet\u0151s\u00e9get<\/li>\n<li>Szakmai t\u00e1mogat\u00e1st, mentor\u00e1l\u00e1st (ig\u00e9ny szerint)<\/li>\n<\/ul>\n<p>Amit v\u00e1runk:<\/p>\n<ul>\n<li>Lehet\u0151leg k\u00e9t\u00e9ves, \u00f6n\u00e1ll\u00f3 munkav\u00e9gz\u00e9ssel szerzett szakmai tapasztalatot<\/li>\n<li>Megb\u00edzhat\u00f3s\u00e1got<\/li>\n<li>Hat\u00e1rozotts\u00e1got, \u00f6n\u00e1ll\u00f3 d\u00f6nt\u00e9si k\u00e9pess\u00e9get a betanul\u00e1si id\u0151szakot k\u00f6vet\u0151en (ig\u00e9ny szerint id\u0151szakos egyeztet\u00e9s mellett)<\/li>\n<\/ul>\n<p>Munkav\u00e9gz\u00e9s helye:<br \/>\nBudapest, 17. ker\u00fclet<\/p>\n<p>\u00c1ll\u00e1s, munka ter\u00fclete(i):<\/p>\n<ul>\n<li>Fogorvos<\/li>\n<\/ul>\n<p>Jelentkez\u00e9s m\u00f3dja:<br \/>\nK\u00e9rj\u00fck f\u00e9nyk\u00e9pes \u00f6n\u00e9letrajz\u00e1t a poz\u00edci\u00f3 megjel\u00f6l\u00e9s\u00e9vel k\u00fcldje el a\u00a0<a href=\"mailto:drkmhirdetes@gmail.com\" target=\"_blank\" rel=\"noopener\">drkmhirdetes@gmail.com<\/a>\u00a0e-mail c\u00edmre, hogy felvehess\u00fcnk \u00d6nnel a kapcsolatot.<\/p>\n<p><strong>Munk\u00e1ltat\u00f3:<\/strong><br \/>\n&#8211; MGX Dent<br \/>\n&#8211; Budapest 17. ker\u00fclet<br \/>\n&#8211; MGX Dent<br \/>\n&#8211;\u00a0<a href=\"mailto:drkmhirdetes@gmail.com\" target=\"_blank\" rel=\"noopener\">drkmhirdetes@gmail.com<\/a><br \/>\n&#8211; 06706210825<\/p>\n<p><strong>Munkaer\u0151 ig\u00e9ny:<\/strong><br \/>\n&#8211; diplom\u00e1s<br \/>\n&#8211; magyar<\/p>\n<p><strong>A jelentkez\u0151 \u00e1ltal elk\u00fcldend\u0151 mell\u00e9kletek:<\/strong><br \/>\nCV<\/p>\n","protected":false},"excerpt":{"rendered":"<p>Munkak\u00f6r: &#8211; fogorvos \u00e1ll\u00e1s \u2013 p\u00e1lyakezd\u0151k r\u00e9sz\u00e9re &#8211; Budapest 17. ker\u00fclet &#8211;\u00a0teljes munkaid\u0151 Kertv\u00e1rosi praxisba kimagasl\u00f3 p\u00e1ciensforgalmunk zavartalan ell\u00e1t\u00e1s\u00e1ra keres\u00fcnk szakmai tapasztalattal rendelkez\u0151 vagy p\u00e1lyakezd\u0151 koll\u00e9g\u00e1t. Amit k\u00edn\u00e1lunk: J\u00f3l felszerelt kertv\u00e1rosi praxist (Budapest 17. ker\u00fclet) Nagy betegforgalm\u00fa rendel\u0151t Protetikai munk\u00e1ra ig\u00e9nyt tart\u00f3 p\u00e1cienseket Tapasztalt, seg\u00edt\u0151k\u00e9sz asszisztenst Felel\u0151ss\u00e9gteljes, \u00f6n\u00e1ll\u00f3 munkav\u00e9gz\u00e9s lehet\u0151s\u00e9g\u00e9t Kiv\u00e1l\u00f3 tapasztalatszerz\u00e9si lehet\u0151s\u00e9get F\u0151\u00e1ll\u00e1s\u00fa vagy &hellip;<\/p>\n","protected":false},"author":102250,"featured_media":0,"comment_status":"closed","ping_status":"closed","sticky":false,"template":"","format":"standard","meta":{"_acf_changed":false,"footnotes":""},"categories":[766],"tags":[372,494,698],"class_list":["post-15869","post","type-post","status-publish","format-standard","hentry","category-archiv","tag-diplomas","tag-fogorvos","tag-palyakezdo"],"acf":[],"publishpress_future_action":{"enabled":false,"date":"1970-01-01 01:00:00","action":"","terms":[],"taxonomy":"","browser_timezone_offset":0},"_links":{"self":[{"href":"https:\/\/semmelweis.hu\/hok\/wp-json\/wp\/v2\/posts\/15869","targetHints":{"allow":["GET"]}}],"collection":[{"href":"https:\/\/semmelweis.hu\/hok\/wp-json\/wp\/v2\/posts"}],"about":[{"href":"https:\/\/semmelweis.hu\/hok\/wp-json\/wp\/v2\/types\/post"}],"author":[{"embeddable":true,"href":"https:\/\/semmelweis.hu\/hok\/wp-json\/wp\/v2\/users\/102250"}],"replies":[{"embeddable":true,"href":"https:\/\/semmelweis.hu\/hok\/wp-json\/wp\/v2\/comments?post=15869"}],"version-history":[{"count":1,"href":"https:\/\/semmelweis.hu\/hok\/wp-json\/wp\/v2\/posts\/15869\/revisions"}],"predecessor-version":[{"id":15870,"href":"https:\/\/semmelweis.hu\/hok\/wp-json\/wp\/v2\/posts\/15869\/revisions\/15870"}],"wp:attachment":[{"href":"https:\/\/semmelweis.hu\/hok\/wp-json\/wp\/v2\/media?parent=15869"}],"wp:term":[{"taxonomy":"category","embeddable":true,"href":"https:\/\/semmelweis.hu\/hok\/wp-json\/wp\/v2\/categories?post=15869"},{"taxonomy":"post_tag","embeddable":true,"href":"https:\/\/semmelweis.hu\/hok\/wp-json\/wp\/v2\/tags?post=15869"}],"curies":[{"name":"wp","href":"https:\/\/api.w.org\/{rel}","templated":true}]}}