{"id":15836,"date":"2023-08-17T20:54:17","date_gmt":"2023-08-17T18:54:17","guid":{"rendered":"https:\/\/semmelweis.hu\/hok\/?p=15836"},"modified":"2023-09-17T16:23:41","modified_gmt":"2023-09-17T14:23:41","slug":"allas-korhazak-kozforgalmu-gyogyszertarak-orvos-gyogyszeresz-apolo","status":"publish","type":"post","link":"https:\/\/semmelweis.hu\/hok\/2023\/08\/17\/allas-korhazak-kozforgalmu-gyogyszertarak-orvos-gyogyszeresz-apolo\/","title":{"rendered":"\u00c1ll\u00e1s &#8211; K\u00f3rh\u00e1zak, k\u00f6zforgalm\u00fa gy\u00f3gyszert\u00e1rak Sv\u00e1jcban \/ Orvos, gy\u00f3gyszer\u00e9sz, \u00e1pol\u00f3"},"content":{"rendered":"<p><strong>Munkak\u00f6r:<\/strong><br \/>\n&#8211; Orvos\/gy\u00f3gyszer\u00e9sz\/\u00e1pol\u00f3<br \/>\n&#8211; Sv\u00e1jc<br \/>\n&#8211;\u00a0teljes munkaid\u0151<\/p>\n<p><a href=\"http:\/\/www.svajcigyogyszereszleszek.hu\/\" target=\"_blank\" rel=\"noopener\">www.svajcigyogyszereszleszek.hu<\/a><\/p>\n<p><strong>Munk\u00e1ltat\u00f3:<\/strong><br \/>\n&#8211; K\u00f3rh\u00e1zak, k\u00f6zforgalm\u00fa gy\u00f3gyszert\u00e1rak<br \/>\n&#8211; Sv\u00e1jc<br \/>\n&#8211; Dr. Bors Anett<br \/>\n&#8211;\u00a0<a href=\"mailto:borsanett@gmail.com\" target=\"_blank\" rel=\"noopener\">borsanett@gmail.com<\/a><br \/>\n&#8211; 0041765721287<\/p>\n<p><strong>Munkaer\u0151 ig\u00e9ny:<\/strong><br \/>\n&#8211; egyetemi hallgat\u00f3, PhD hallgat\u00f3, diplom\u00e1s<br \/>\n&#8211; n\u00e9met B2<\/p>\n<p><strong>Honor\u00e1rium:<\/strong><br \/>\n\u00f3rab\u00e9r, fix b\u00e9rez\u00e9s<\/p>\n<p><strong>A jelentkez\u0151 \u00e1ltal elk\u00fcldend\u0151 mell\u00e9kletek:<\/strong><br \/>\nCV, motiv\u00e1ci\u00f3s lev\u00e9l, diploma<\/p>\n","protected":false},"excerpt":{"rendered":"<p>Munkak\u00f6r:<br \/>\n&#8211; Orvos\/gy\u00f3gyszer\u00e9sz\/\u00e1pol\u00f3<br \/>\n&#8211; Sv\u00e1jc<br \/>\n&#8211;\u00a0teljes munkaid\u0151<br \/>\n<a href=\"http:\/\/www.svajcigyogyszereszleszek.hu\/\" target=\"_blank\" rel=\"noopener\">www.svajcigyogyszereszleszek.hu<\/a><br \/>\nMunk\u00e1ltat\u00f3:<br \/>\n&#8211; K\u00f3rh\u00e1zak, k\u00f6zforgalm\u00fa gy\u00f3gyszert\u00e1rak<br \/>\n&#8211; Sv\u00e1jc<br \/>\n&#8211; Dr. Bors Anett<br \/>\n&#8211;\u00a0<a href=\"mailto:borsanett@gmail.com\" target=\"_blank\" rel=\"noopener\">borsanett@gmail.com<\/a><br \/>\n&#8211; 0041765721287<br \/>\nMunkaer\u0151 ig\u00e9ny:<br \/>\n&#8211; egyetemi hallgat\u00f3, PhD hallgat\u00f3, diplom\u00e1s<br \/>\n&#8211; n\u00e9met B2<br \/>\nHonor\u00e1rium:<br \/>\n\u00f3rab\u00e9r, fix b\u00e9rez\u00e9s<br \/>\nA jelentkez\u0151 \u00e1ltal elk\u00fcldend\u0151 mell\u00e9kletek:<br \/>\nCV, motiv\u00e1ci\u00f3s lev\u00e9l, diploma<\/p>\n","protected":false},"author":102250,"featured_media":0,"comment_status":"closed","ping_status":"closed","sticky":false,"template":"","format":"standard","meta":{"_acf_changed":false,"footnotes":""},"categories":[766],"tags":[467,278,359,844],"class_list":["post-15836","post","type-post","status-publish","format-standard","hentry","category-archiv","tag-apolo","tag-gyogyszeresz","tag-orvos","tag-svajc"],"acf":[],"publishpress_future_action":{"enabled":false,"date":"1970-01-01 01:00:00","action":"","terms":[],"taxonomy":"","browser_timezone_offset":0},"_links":{"self":[{"href":"https:\/\/semmelweis.hu\/hok\/wp-json\/wp\/v2\/posts\/15836","targetHints":{"allow":["GET"]}}],"collection":[{"href":"https:\/\/semmelweis.hu\/hok\/wp-json\/wp\/v2\/posts"}],"about":[{"href":"https:\/\/semmelweis.hu\/hok\/wp-json\/wp\/v2\/types\/post"}],"author":[{"embeddable":true,"href":"https:\/\/semmelweis.hu\/hok\/wp-json\/wp\/v2\/users\/102250"}],"replies":[{"embeddable":true,"href":"https:\/\/semmelweis.hu\/hok\/wp-json\/wp\/v2\/comments?post=15836"}],"version-history":[{"count":2,"href":"https:\/\/semmelweis.hu\/hok\/wp-json\/wp\/v2\/posts\/15836\/revisions"}],"predecessor-version":[{"id":15840,"href":"https:\/\/semmelweis.hu\/hok\/wp-json\/wp\/v2\/posts\/15836\/revisions\/15840"}],"wp:attachment":[{"href":"https:\/\/semmelweis.hu\/hok\/wp-json\/wp\/v2\/media?parent=15836"}],"wp:term":[{"taxonomy":"category","embeddable":true,"href":"https:\/\/semmelweis.hu\/hok\/wp-json\/wp\/v2\/categories?post=15836"},{"taxonomy":"post_tag","embeddable":true,"href":"https:\/\/semmelweis.hu\/hok\/wp-json\/wp\/v2\/tags?post=15836"}],"curies":[{"name":"wp","href":"https:\/\/api.w.org\/{rel}","templated":true}]}}