{"id":14830,"date":"2023-02-07T19:48:38","date_gmt":"2023-02-07T18:48:38","guid":{"rendered":"https:\/\/semmelweis.hu\/hok\/?p=14830"},"modified":"2023-02-07T19:47:19","modified_gmt":"2023-02-07T18:47:19","slug":"nyilt-palyazat-a-kulugyi-bizottsag-vezetoi-poziciora","status":"publish","type":"post","link":"https:\/\/semmelweis.hu\/hok\/2023\/02\/07\/nyilt-palyazat-a-kulugyi-bizottsag-vezetoi-poziciora\/","title":{"rendered":"Ny\u00edlt p\u00e1ly\u00e1zat a K\u00fcl\u00fcgyi Bizotts\u00e1g vezet\u0151i poz\u00edci\u00f3ra"},"content":{"rendered":"<p>A Hallgat\u00f3i \u00d6nkorm\u00e1nyzat ny\u00edlt p\u00e1ly\u00e1zatot hirdet a <strong>K\u00fcl\u00fcgyi Bizotts\u00e1g vezet\u0151<\/strong>i poz\u00edci\u00f3 bet\u00f6lt\u00e9s\u00e9re. A poz\u00edci\u00f3ra minden, a Semmelweis Egyetemre j\u00e1r\u00f3, akt\u00edv hallgat\u00f3i jogviszonnyal rendelkez\u0151 hallgat\u00f3 v\u00e1laszthat\u00f3.<\/p>\n<p>A bizotts\u00e1gi vezet\u0151 r\u00e9szletes feladatait \u00e9s jogait az Alapszab\u00e1ly tartalmazza.<\/p>\n<p>A bizotts\u00e1gi vezet\u0151t a Hallgat\u00f3i \u00d6nkorm\u00e1nyzat eln\u00f6ke deleg\u00e1lja, mely megb\u00edzat\u00e1s legfeljebb az SE H\u00d6K eln\u00f6k mand\u00e1tum\u00e1ig tart.<\/p>\n<p><strong>A p\u00e1ly\u00e1zatnak tartalmaznia kell: <\/strong><\/p>\n<ul>\n<li>\u00f6n\u00e9letrajzot,<\/li>\n<li>motiv\u00e1ci\u00f3s levelet,<\/li>\n<li>1 oldalas programtervet,<\/li>\n<li>p\u00e1ly\u00e1z\u00f3 <a href=\"https:\/\/semmelweis.hu\/hok\/files\/2021\/09\/24-nyilatkozat.pdf\" target=\"_blank\" rel=\"noopener\">Alapszab\u00e1ly 24. \u00a7-a szerinti nyilatkozat\u00e1t<\/a>,<\/li>\n<li>15 napn\u00e1l nem r\u00e9gebbi hallgat\u00f3i jogviszony igazol\u00e1st.<\/li>\n<\/ul>\n<p><em><strong>A p\u00e1ly\u00e1zati anyag minden oldal\u00e1t a p\u00e1ly\u00e1z\u00f3nak al\u00e1\u00edr\u00e1s\u00e1val hiteles\u00edtenie sz\u00fcks\u00e9ges.<\/strong><\/em><\/p>\n<p>P\u00e1ly\u00e1zat beny\u00fajt\u00e1s\u00e1nak hat\u00e1rideje: <strong>2023. febru\u00e1r 15. 23:59<\/strong><br \/>\nP\u00e1ly\u00e1zat beny\u00fajt\u00e1s\u00e1nak m\u00f3dja: elektronikusan, a <a href=\"mailto:hok.president@semmelweis.hu\">hok.president@semmelweis.hu<\/a> e-mail c\u00edmre.<\/p>\n","protected":false},"excerpt":{"rendered":"<p>A Hallgat\u00f3i \u00d6nkorm\u00e1nyzat ny\u00edlt p\u00e1ly\u00e1zatot hirdet a K\u00fcl\u00fcgyi Bizotts\u00e1g vezet\u0151i poz\u00edci\u00f3 bet\u00f6lt\u00e9s\u00e9re. A poz\u00edci\u00f3ra minden, a Semmelweis Egyetemre j\u00e1r\u00f3, akt\u00edv hallgat\u00f3i jogviszonnyal rendelkez\u0151 hallgat\u00f3 v\u00e1laszthat\u00f3. A bizotts\u00e1gi vezet\u0151 r\u00e9szletes feladatait \u00e9s jogait az Alapszab\u00e1ly tartalmazza. A bizotts\u00e1gi vezet\u0151t a Hallgat\u00f3i \u00d6nkorm\u00e1nyzat eln\u00f6ke deleg\u00e1lja, mely megb\u00edzat\u00e1s legfeljebb az SE H\u00d6K eln\u00f6k mand\u00e1tum\u00e1ig tart. A p\u00e1ly\u00e1zatnak tartalmaznia &hellip;<\/p>\n","protected":false},"author":101673,"featured_media":0,"comment_status":"closed","ping_status":"closed","sticky":false,"template":"","format":"standard","meta":{"_acf_changed":false,"footnotes":""},"categories":[5],"tags":[],"class_list":["post-14830","post","type-post","status-publish","format-standard","hentry","category-hirek"],"acf":[],"publishpress_future_action":{"enabled":false,"date":"1970-01-01 01:00:00","action":"","terms":[],"taxonomy":"","browser_timezone_offset":0},"_links":{"self":[{"href":"https:\/\/semmelweis.hu\/hok\/wp-json\/wp\/v2\/posts\/14830","targetHints":{"allow":["GET"]}}],"collection":[{"href":"https:\/\/semmelweis.hu\/hok\/wp-json\/wp\/v2\/posts"}],"about":[{"href":"https:\/\/semmelweis.hu\/hok\/wp-json\/wp\/v2\/types\/post"}],"author":[{"embeddable":true,"href":"https:\/\/semmelweis.hu\/hok\/wp-json\/wp\/v2\/users\/101673"}],"replies":[{"embeddable":true,"href":"https:\/\/semmelweis.hu\/hok\/wp-json\/wp\/v2\/comments?post=14830"}],"version-history":[{"count":2,"href":"https:\/\/semmelweis.hu\/hok\/wp-json\/wp\/v2\/posts\/14830\/revisions"}],"predecessor-version":[{"id":14835,"href":"https:\/\/semmelweis.hu\/hok\/wp-json\/wp\/v2\/posts\/14830\/revisions\/14835"}],"wp:attachment":[{"href":"https:\/\/semmelweis.hu\/hok\/wp-json\/wp\/v2\/media?parent=14830"}],"wp:term":[{"taxonomy":"category","embeddable":true,"href":"https:\/\/semmelweis.hu\/hok\/wp-json\/wp\/v2\/categories?post=14830"},{"taxonomy":"post_tag","embeddable":true,"href":"https:\/\/semmelweis.hu\/hok\/wp-json\/wp\/v2\/tags?post=14830"}],"curies":[{"name":"wp","href":"https:\/\/api.w.org\/{rel}","templated":true}]}}