{"id":13698,"date":"2022-08-09T07:15:29","date_gmt":"2022-08-09T05:15:29","guid":{"rendered":"https:\/\/semmelweis.hu\/hok\/?p=13698"},"modified":"2022-08-24T23:58:11","modified_gmt":"2022-08-24T21:58:11","slug":"szucs-attila-lett-a-hok-titkara-ismet","status":"publish","type":"post","link":"https:\/\/semmelweis.hu\/hok\/2022\/08\/09\/szucs-attila-lett-a-hok-titkara-ismet\/","title":{"rendered":"Sz\u0171cs Attila lett a H\u00d6K titk\u00e1ra ism\u00e9t"},"content":{"rendered":"<p>Vas\u00e1rnap \u00e9jf\u00e9lkor \u00e9rt v\u00e9get a <a href=\"https:\/\/semmelweis.hu\/hok\/2022\/07\/25\/palyazat-a-hok-titkari-pozicio-betoltesere-2022\/\" target=\"_blank\" rel=\"noopener\">p\u00e1ly\u00e1zat az SE H\u00d6K Titk\u00e1r poz\u00edci\u00f3ra<\/a>, melyre Sz\u0171cs Attila, hatod\u00e9ves hallgat\u00f3 ism\u00e9t ny\u00fajtott be p\u00e1ly\u00e1zatot.<\/p>\n<p><img loading=\"lazy\" decoding=\"async\" class=\"aligncenter\" src=\"https:\/\/semmelweis.hu\/hok\/files\/2019\/03\/H%C3%96K4-753x1004.jpg\" alt=\"\" width=\"350\" height=\"467\" \/><\/p>\n<p>Tripolszky B\u00e1lint eln\u00f6k <a href=\"https:\/\/drive.google.com\/file\/d\/1VK5Bfos4GBU1gCKfpGDi-X85tdJTxNbZ\/view\" target=\"_blank\" rel=\"noopener\">elfogadta \u00e9s j\u00f3v\u00e1hagyta<\/a> a p\u00e1ly\u00e1zat\u00e1t, \u00edgy Attila a Hallgat\u00f3i \u00d6nkorm\u00e1nyzat titk\u00e1ra lehet a diplomaszerz\u00e9s\u00e9ig. Munk\u00e1j\u00e1hoz t\u00f6retlen lelkesed\u00e9st \u00e9s kitart\u00e1st k\u00edv\u00e1nunk!<\/p>\n<div class=\"exp-col-content-holder\"><a class=\"expand-cnt-link\" href=\"#\">Attila 2022-es p\u00e1ly\u00e1zata megtekinthet\u0151 itt<\/a><\/p>\n<div class=\"hidden-content\">\n<p class=\"hiddenContentp\">\n<!-- iframe plugin v.4.9 wordpress.org\/plugins\/iframe\/ -->\n<iframe loading=\"lazy\" src=\"https:\/\/drive.google.com\/file\/d\/1k8pJvlIKmokar_RKu1thMSFcNeQq0o9H\/preview\" width=\"90%\" allow=\"autoplay\" height=\"500\" scrolling=\"yes\" class=\"iframe-class\" frameborder=\"0\"><\/iframe>\n<\/p>\n<\/div>\n<\/div>\n<p>&nbsp;<\/p>\n","protected":false},"excerpt":{"rendered":"<p>Vas\u00e1rnap \u00e9jf\u00e9lkor \u00e9rt v\u00e9get a <a href=\"https:\/\/semmelweis.hu\/hok\/2022\/07\/25\/palyazat-a-hok-titkari-pozicio-betoltesere-2022\/\" target=\"_blank\" rel=\"noopener\">p\u00e1ly\u00e1zat az SE H\u00d6K Titk\u00e1r poz\u00edci\u00f3ra<\/a>, melyre Sz\u0171cs Attila, hatod\u00e9ves hallgat\u00f3 ism\u00e9t ny\u00fajtott be p\u00e1ly\u00e1zatot.<\/p>\n<p>Tripolszky B\u00e1lint eln\u00f6k <a href=\"https:\/\/drive.google.com\/file\/d\/1VK5Bfos4GBU1gCKfpGDi-X85tdJTxNbZ\/view\" target=\"_blank\" rel=\"noopener\">elfogadta \u00e9s j\u00f3v\u00e1hagyta<\/a> a p\u00e1ly\u00e1zat\u00e1t, \u00edgy Attila a Hallgat\u00f3i \u00d6nkorm\u00e1nyzat titk\u00e1ra lehet a diplomaszerz\u00e9s\u00e9ig. Munk\u00e1j\u00e1hoz t\u00f6retlen lelkesed\u00e9st \u00e9s kitart\u00e1st k\u00edv\u00e1nunk!<br \/>\n<a class=\"expand-cnt-link\" href=\"#\">Attila 2022-es p\u00e1ly\u00e1zata megtekinthet\u0151 itt<\/a><\/p>\n<p>&nbsp;<\/p>\n","protected":false},"author":101497,"featured_media":0,"comment_status":"closed","ping_status":"closed","sticky":false,"template":"","format":"standard","meta":{"_acf_changed":false,"footnotes":""},"categories":[5],"tags":[],"class_list":["post-13698","post","type-post","status-publish","format-standard","hentry","category-hirek"],"acf":[],"publishpress_future_action":{"enabled":false,"date":"1970-01-01 01:00:00","action":"","terms":[],"taxonomy":"","browser_timezone_offset":0},"_links":{"self":[{"href":"https:\/\/semmelweis.hu\/hok\/wp-json\/wp\/v2\/posts\/13698","targetHints":{"allow":["GET"]}}],"collection":[{"href":"https:\/\/semmelweis.hu\/hok\/wp-json\/wp\/v2\/posts"}],"about":[{"href":"https:\/\/semmelweis.hu\/hok\/wp-json\/wp\/v2\/types\/post"}],"author":[{"embeddable":true,"href":"https:\/\/semmelweis.hu\/hok\/wp-json\/wp\/v2\/users\/101497"}],"replies":[{"embeddable":true,"href":"https:\/\/semmelweis.hu\/hok\/wp-json\/wp\/v2\/comments?post=13698"}],"version-history":[{"count":5,"href":"https:\/\/semmelweis.hu\/hok\/wp-json\/wp\/v2\/posts\/13698\/revisions"}],"predecessor-version":[{"id":13706,"href":"https:\/\/semmelweis.hu\/hok\/wp-json\/wp\/v2\/posts\/13698\/revisions\/13706"}],"wp:attachment":[{"href":"https:\/\/semmelweis.hu\/hok\/wp-json\/wp\/v2\/media?parent=13698"}],"wp:term":[{"taxonomy":"category","embeddable":true,"href":"https:\/\/semmelweis.hu\/hok\/wp-json\/wp\/v2\/categories?post=13698"},{"taxonomy":"post_tag","embeddable":true,"href":"https:\/\/semmelweis.hu\/hok\/wp-json\/wp\/v2\/tags?post=13698"}],"curies":[{"name":"wp","href":"https:\/\/api.w.org\/{rel}","templated":true}]}}