{"id":13633,"date":"2022-08-09T09:00:38","date_gmt":"2022-08-09T07:00:38","guid":{"rendered":"https:\/\/semmelweis.hu\/hok\/?p=13633"},"modified":"2022-08-07T16:55:30","modified_gmt":"2022-08-07T14:55:30","slug":"kedvezobb-atsorolasi-feltetelek","status":"publish","type":"post","link":"https:\/\/semmelweis.hu\/hok\/2022\/08\/09\/kedvezobb-atsorolasi-feltetelek\/","title":{"rendered":"Kedvez\u0151bb \u00e1tsorol\u00e1si felt\u00e9telek"},"content":{"rendered":"<p><span class=\"d2edcug0 hpfvmrgz qv66sw1b c1et5uql lr9zc1uh a8c37x1j fe6kdd0r mau55g9w c8b282yb keod5gw0 nxhoafnm aigsh9s9 d3f4x2em iv3no6db jq4qci2q a3bd9o3v b1v8xokw oo9gr5id\" dir=\"auto\">A Szen\u00e1tus legut\u00f3bbi \u00fcl\u00e9s\u00e9n d\u00f6nt\u00f6tt a kedvez\u0151bb \u00e1tsorol\u00e1si felt\u00e9telekr\u0151l! Az \u00e1llami t\u00e1mogat\u00e1shoz sz\u00fcks\u00e9ges minimum \u00e1tlag 2,5-re cs\u00f6kken, mely m\u00e1r id\u00e9n ny\u00e1rt\u00f3l \u00e9rv\u00e9nyes. Akik id\u00e9n m\u00e1r megkapt\u00e1k az \u00e1tsorol\u00e1si hat\u00e1rozatot a 3,0 alatti \u00e1tlag ok\u00e1n, azonban 2,5 felett vannak, \u00fagy a hat\u00e1rozat visszavon\u00e1sra ker\u00fcl. <\/p>\n<p>\u00d6nk\u00f6lts\u00e9ges k\u00e9pz\u00e9sre teh\u00e1t id\u00e9n ny\u00e1rt\u00f3l csak az ker\u00fcl \u00e1tsorol\u00e1sra, aki a tan\u00e9vben f\u00e9l\u00e9vente kevesebb, mint 18 kreditet szerez meg, vagy 2,5 alatti s\u00falyozott tanulm\u00e1nyi \u00e1tlagot \u00e9r el. Rem\u00e9lj\u00fck, hogy egyik sem fog el\u0151fordulni senkivel!\u00a0<\/p>\n<p>A d\u00f6nt\u00e9st sz\u00e1mos p\u00e1rbesz\u00e9d \u00e9s egyeztet\u00e9s el\u0151zte meg, majd a Szen\u00e1tus egyhang\u00falag, Rektor \u00dar \u00e9s a D\u00e9k\u00e1nok t\u00e1mogat\u00e1s\u00e1val szavazta meg! K\u00f6sz\u00f6nj\u00fck az Egyetem vezet\u00e9s\u00e9nek!<\/p>\n<p>B\u0151vebben a Szen\u00e1tusi \u00fcl\u00e9sr\u0151l: <a class=\"oajrlxb2 g5ia77u1 qu0x051f esr5mh6w e9989ue4 r7d6kgcz rq0escxv nhd2j8a9 nc684nl6 p7hjln8o kvgmc6g5 cxmmr5t8 oygrvhab hcukyx3x jb3vyjys rz4wbd8a qt6c0cv9 a8nywdso i1ao9s8h esuyzwwr f1sip0of lzcic4wl gpro0wi8 py34i1dx\" href=\"https:\/\/semmelweis.hu\/hirek\/2022\/08\/03\/beszamolo-a-szenatus-juliusi-uleserol-2\/?fbclid=IwAR32Tyfn-HoD4mHoLdbRq16GeXnSGaJzWDvCJxbikyrt8Gx8Y_s4lcToBuQ\" target=\"_blank\" rel=\"nofollow noopener\">https:\/\/semmelweis.hu\/hirek\/2022\/08\/03\/beszamolo-a-szenatus-juliusi-uleserol-2\/<\/a><\/span><\/p>\n<p><img loading=\"lazy\" decoding=\"async\" class=\"aligncenter\" src=\"https:\/\/semmelweis.hu\/wp-content\/uploads\/2011\/04\/szen%C3%A1tusi-1.jpg\" alt=\"\" width=\"3600\" height=\"2400\" \/><\/p>\n<p>&nbsp;<\/p>\n","protected":false},"excerpt":{"rendered":"<p>A Szen\u00e1tus legut\u00f3bbi \u00fcl\u00e9s\u00e9n d\u00f6nt\u00f6tt a kedvez\u0151bb \u00e1tsorol\u00e1si felt\u00e9telekr\u0151l! Az \u00e1llami t\u00e1mogat\u00e1shoz sz\u00fcks\u00e9ges minimum \u00e1tlag 2,5-re cs\u00f6kken, mely m\u00e1r id\u00e9n ny\u00e1rt\u00f3l \u00e9rv\u00e9nyes. Akik id\u00e9n m\u00e1r megkapt\u00e1k az \u00e1tsorol\u00e1si hat\u00e1rozatot a 3,0 alatti \u00e1tlag ok\u00e1n, azonban 2,5 felett vannak, \u00fagy a hat\u00e1rozat visszavon\u00e1sra ker\u00fcl. \u00d6nk\u00f6lts\u00e9ges k\u00e9pz\u00e9sre teh\u00e1t id\u00e9n ny\u00e1rt\u00f3l csak az ker\u00fcl \u00e1tsorol\u00e1sra, aki a tan\u00e9vben &hellip;<\/p>\n","protected":false},"author":101673,"featured_media":13634,"comment_status":"closed","ping_status":"closed","sticky":false,"template":"","format":"standard","meta":{"_acf_changed":false,"footnotes":""},"categories":[5],"tags":[204],"class_list":["post-13633","post","type-post","status-publish","format-standard","has-post-thumbnail","hentry","category-hirek","tag-szenatus"],"acf":[],"publishpress_future_action":{"enabled":false,"date":"1970-01-01 01:00:00","action":"","terms":[],"taxonomy":"","browser_timezone_offset":0},"_links":{"self":[{"href":"https:\/\/semmelweis.hu\/hok\/wp-json\/wp\/v2\/posts\/13633","targetHints":{"allow":["GET"]}}],"collection":[{"href":"https:\/\/semmelweis.hu\/hok\/wp-json\/wp\/v2\/posts"}],"about":[{"href":"https:\/\/semmelweis.hu\/hok\/wp-json\/wp\/v2\/types\/post"}],"author":[{"embeddable":true,"href":"https:\/\/semmelweis.hu\/hok\/wp-json\/wp\/v2\/users\/101673"}],"replies":[{"embeddable":true,"href":"https:\/\/semmelweis.hu\/hok\/wp-json\/wp\/v2\/comments?post=13633"}],"version-history":[{"count":3,"href":"https:\/\/semmelweis.hu\/hok\/wp-json\/wp\/v2\/posts\/13633\/revisions"}],"predecessor-version":[{"id":13637,"href":"https:\/\/semmelweis.hu\/hok\/wp-json\/wp\/v2\/posts\/13633\/revisions\/13637"}],"wp:featuredmedia":[{"embeddable":true,"href":"https:\/\/semmelweis.hu\/hok\/wp-json\/wp\/v2\/media\/13634"}],"wp:attachment":[{"href":"https:\/\/semmelweis.hu\/hok\/wp-json\/wp\/v2\/media?parent=13633"}],"wp:term":[{"taxonomy":"category","embeddable":true,"href":"https:\/\/semmelweis.hu\/hok\/wp-json\/wp\/v2\/categories?post=13633"},{"taxonomy":"post_tag","embeddable":true,"href":"https:\/\/semmelweis.hu\/hok\/wp-json\/wp\/v2\/tags?post=13633"}],"curies":[{"name":"wp","href":"https:\/\/api.w.org\/{rel}","templated":true}]}}