{"id":11788,"date":"2021-09-14T20:55:33","date_gmt":"2021-09-14T18:55:33","guid":{"rendered":"https:\/\/semmelweis.hu\/hok\/?p=11788"},"modified":"2021-09-20T20:23:48","modified_gmt":"2021-09-20T18:23:48","slug":"beszamolo-a-kuldottgyules-es-az-elnokseg-szeptemberi-uleserol","status":"publish","type":"post","link":"https:\/\/semmelweis.hu\/hok\/2021\/09\/14\/beszamolo-a-kuldottgyules-es-az-elnokseg-szeptemberi-uleserol\/","title":{"rendered":"Besz\u00e1mol\u00f3 a K\u00fcld\u00f6ttgy\u0171l\u00e9s \u00e9s az Eln\u00f6ks\u00e9g szeptemberi \u00fcl\u00e9s\u00e9r\u0151l"},"content":{"rendered":"<p>A ny\u00e1ri sz\u00fcnet v\u00e9g\u00e9vel ism\u00e9t \u00f6ssze\u00fclt a Hallgat\u00f3i \u00d6nkorm\u00e1nyzat Eln\u00f6ks\u00e9ge, melyet ez\u00fattal a K\u00fcld\u00f6ttgy\u0171l\u00e9s \u00fcl\u00e9se el\u0151z\u00f6tt meg.<\/p>\n<p>Ut\u00f3bbi \u00f6sszeh\u00edv\u00e1s\u00e1ra az\u00e9rt volt sz\u00fcks\u00e9g, mert bizonyos poz\u00edci\u00f3k meg\u00fcresed\u00e9se v\u00e9gett p\u00e1ly\u00e1zatot \u00edrtunk ki, \u00e9s az erre jelentkezett hallgat\u00f3k p\u00e1ly\u00e1zatair\u00f3l kellett d\u00f6nt\u00e9st hozni.<\/p>\n<p>Els\u0151 k\u00f6rben az eddigi oktat\u00e1s\u00e9rt felel\u0151s aleln\u00f6k, dr. Papp Zsombor M\u00e1ty\u00e1s ker\u00fclt \u00fajra megv\u00e1laszt\u00e1sra, mivel ny\u00e1ron befejezte tanulm\u00e1nyait az \u00c1ltal\u00e1nos Orvostudom\u00e1nyi karon, viszont jogviszonya meg\u00faj\u00edt\u00e1sra ker\u00fclt, miut\u00e1n megkezdte mester fokozat\u00fa tanulm\u00e1nyait az Eg\u00e9szs\u00e9g\u00fcgyi Menedzserk\u00e9pz\u0151 K\u00f6zpontban.<\/p>\n<p>M\u00e1sodikk\u00e9nt a rendezv\u00e9nyek\u00e9rt felel\u0151s aleln\u00f6k\u00f6t v\u00e1lasztottunk, ahol egyetlen p\u00e1ly\u00e1zat ker\u00fclt beny\u00fajt\u00e1sra Gecsey Csenge r\u00e9sz\u00e9r\u0151, aki az EKK harmad\u00e9ves hallgat\u00f3ja. A szavaz\u00e1s el\u0151zm\u00e9nye, hogy kor\u00e1bban beny\u00fajtotta lemond\u00e1s\u00e1t Stubnya J\u00e1nos Domonkos, akinek kimagasl\u00f3 \u00e9s al\u00e1zatos munk\u00e1j\u00e1\u00e9rt ez\u00faton is h\u00e1l\u00e1sak vagyunk!<\/p>\n<p>V\u00e9g\u00fcl, de nem utols\u00f3 sorban V\u00e1laszt\u00e1si K\u00e9pvisel\u0151t v\u00e1lasztottunk Krebs M\u00e1t\u00e9 szem\u00e9ly\u00e9ben, aki az \u00c1OK harmad\u00e9ves hallgat\u00f3ja. Ugyancsak k\u00f6sz\u00f6nettel tartozunk Keskeny Ann\u00e1nak, aki az ezt megel\u0151z\u0151 id\u0151szakban l\u00e1tta el ezt a feladatot!<\/p>\n<p>Gratul\u00e1lunk mindh\u00e1rm\u00f3toknak! Sikerekben gazdag munk\u00e1t k\u00edv\u00e1nunk nektek!<\/p>\n<p>&nbsp;<\/p>\n<p>A K\u00fcld\u00f6ttgy\u0171l\u00e9s \u00fcl\u00e9se ut\u00e1n megkezd\u0151d\u00f6tt az eln\u00f6ks\u00e9gi \u00fcl\u00e9s, ahol Tripolszky B\u00e1lint eln\u00f6k besz\u00e1molt eln\u00f6ks\u00e9g\u00e9nek els\u0151 \u00e9v\u00e9ben el\u00e9rt eredm\u00e9nyekr\u0151l.<\/p>\n<p>Ezut\u00e1n az Eln\u00f6k\u00e9g tagjai besz\u00e9ltek bizotts\u00e1gaikban \u00e9s a karokon folyamatban l\u00e9v\u0151 munk\u00e1kr\u00f3l \u00e9s terveikr\u0151l.<\/p>\n<div class=\"exp-col-content-holder\" style=\"text-align: center\"><a class=\"expand-cnt-link\" href=\"#\">Dr. Papp Zsombor M\u00e1ty\u00e1s p\u00e1ly\u00e1zata el\u00e9rhet\u0151 itt<\/a><\/p>\n<div class=\"hidden-content\">\n<p class=\"hiddenContentp\">\n<!-- iframe plugin v.4.9 wordpress.org\/plugins\/iframe\/ -->\n<iframe loading=\"lazy\" src=\"https:\/\/drive.google.com\/file\/d\/1RUrq_kfuwgR1sucRNOiTv6mmJo3WQOR0\/preview\" width=\"640\" height=\"480\" allow=\"autoplay\" scrolling=\"yes\" class=\"iframe-class\" frameborder=\"0\"><\/iframe>\n<\/p>\n<\/div>\n<\/div>\n<div class=\"exp-col-content-holder\" style=\"text-align: center\"><a class=\"expand-cnt-link\" href=\"#\">Gecsey Csenge p\u00e1ly\u00e1zata el\u00e9rhet\u0151 itt<\/a><\/p>\n<div class=\"hidden-content\">\n<p class=\"hiddenContentp\">\n<!-- iframe plugin v.4.9 wordpress.org\/plugins\/iframe\/ -->\n<iframe loading=\"lazy\" src=\"https:\/\/drive.google.com\/file\/d\/1ZF0dcXdOQoAxEQVSANecWcmDXKJg16Gq\/preview\" width=\"640\" height=\"480\" allow=\"autoplay\" scrolling=\"yes\" class=\"iframe-class\" frameborder=\"0\"><\/iframe>\n<\/p>\n<\/div>\n<\/div>\n<div class=\"exp-col-content-holder\" style=\"text-align: center\"><a class=\"expand-cnt-link\" href=\"#\">Krebs M\u00e1t\u00e9 p\u00e1ly\u00e1zata el\u00e9rhet\u0151 itt<\/a><\/p>\n<div class=\"hidden-content\">\n<p class=\"hiddenContentp\" style=\"text-align: center\">\n<!-- iframe plugin v.4.9 wordpress.org\/plugins\/iframe\/ -->\n<iframe loading=\"lazy\" src=\"https:\/\/drive.google.com\/file\/d\/1IOlcmpvwOk_4ok071YrluMTODicXz-ur\/preview\" width=\"640\" height=\"480\" allow=\"autoplay\" scrolling=\"yes\" class=\"iframe-class\" frameborder=\"0\"><\/iframe>\n<\/p>\n<\/div>\n<\/div>\n<p style=\"text-align: center\">\n<!-- iframe plugin v.4.9 wordpress.org\/plugins\/iframe\/ -->\n<iframe loading=\"lazy\" src=\"https:\/\/drive.google.com\/file\/d\/13dEz-Z4fen-RPOZgLEvVfEYuOdz6HZ4R\/preview\" width=\"640\" height=\"480\" allow=\"autoplay\" scrolling=\"yes\" class=\"iframe-class\" frameborder=\"0\"><\/iframe>\n<\/p>\n","protected":false},"excerpt":{"rendered":"<p>A ny\u00e1ri sz\u00fcnet v\u00e9g\u00e9vel ism\u00e9t \u00f6ssze\u00fclt a Hallgat\u00f3i \u00d6nkorm\u00e1nyzat Eln\u00f6ks\u00e9ge, melyet ez\u00fattal a K\u00fcld\u00f6ttgy\u0171l\u00e9s \u00fcl\u00e9se el\u0151z\u00f6tt meg. Ut\u00f3bbi \u00f6sszeh\u00edv\u00e1s\u00e1ra az\u00e9rt volt sz\u00fcks\u00e9g, mert bizonyos poz\u00edci\u00f3k meg\u00fcresed\u00e9se v\u00e9gett p\u00e1ly\u00e1zatot \u00edrtunk ki, \u00e9s az erre jelentkezett hallgat\u00f3k p\u00e1ly\u00e1zatair\u00f3l kellett d\u00f6nt\u00e9st hozni. Els\u0151 k\u00f6rben az eddigi oktat\u00e1s\u00e9rt felel\u0151s aleln\u00f6k, dr. Papp Zsombor M\u00e1ty\u00e1s ker\u00fclt \u00fajra megv\u00e1laszt\u00e1sra, mivel ny\u00e1ron &hellip;<\/p>\n","protected":false},"author":101673,"featured_media":11789,"comment_status":"closed","ping_status":"closed","sticky":false,"template":"","format":"standard","meta":{"_acf_changed":false,"footnotes":""},"categories":[5],"tags":[],"class_list":["post-11788","post","type-post","status-publish","format-standard","has-post-thumbnail","hentry","category-hirek"],"acf":[],"publishpress_future_action":{"enabled":false,"date":"1970-01-01 01:00:00","action":"","terms":[],"taxonomy":"","browser_timezone_offset":0},"_links":{"self":[{"href":"https:\/\/semmelweis.hu\/hok\/wp-json\/wp\/v2\/posts\/11788","targetHints":{"allow":["GET"]}}],"collection":[{"href":"https:\/\/semmelweis.hu\/hok\/wp-json\/wp\/v2\/posts"}],"about":[{"href":"https:\/\/semmelweis.hu\/hok\/wp-json\/wp\/v2\/types\/post"}],"author":[{"embeddable":true,"href":"https:\/\/semmelweis.hu\/hok\/wp-json\/wp\/v2\/users\/101673"}],"replies":[{"embeddable":true,"href":"https:\/\/semmelweis.hu\/hok\/wp-json\/wp\/v2\/comments?post=11788"}],"version-history":[{"count":10,"href":"https:\/\/semmelweis.hu\/hok\/wp-json\/wp\/v2\/posts\/11788\/revisions"}],"predecessor-version":[{"id":11958,"href":"https:\/\/semmelweis.hu\/hok\/wp-json\/wp\/v2\/posts\/11788\/revisions\/11958"}],"wp:featuredmedia":[{"embeddable":true,"href":"https:\/\/semmelweis.hu\/hok\/wp-json\/wp\/v2\/media\/11789"}],"wp:attachment":[{"href":"https:\/\/semmelweis.hu\/hok\/wp-json\/wp\/v2\/media?parent=11788"}],"wp:term":[{"taxonomy":"category","embeddable":true,"href":"https:\/\/semmelweis.hu\/hok\/wp-json\/wp\/v2\/categories?post=11788"},{"taxonomy":"post_tag","embeddable":true,"href":"https:\/\/semmelweis.hu\/hok\/wp-json\/wp\/v2\/tags?post=11788"}],"curies":[{"name":"wp","href":"https:\/\/api.w.org\/{rel}","templated":true}]}}