{"id":11689,"date":"2021-08-31T10:35:11","date_gmt":"2021-08-31T08:35:11","guid":{"rendered":"https:\/\/semmelweis.hu\/hok\/?p=11689"},"modified":"2021-08-31T10:35:24","modified_gmt":"2021-08-31T08:35:24","slug":"nyilt-palyazat-a-valasztasi-kepviselo-poziciora-2021","status":"publish","type":"post","link":"https:\/\/semmelweis.hu\/hok\/2021\/08\/31\/nyilt-palyazat-a-valasztasi-kepviselo-poziciora-2021\/","title":{"rendered":"Ny\u00edlt p\u00e1ly\u00e1zat a V\u00e1laszt\u00e1si K\u00e9pvisel\u0151 poz\u00edci\u00f3ra"},"content":{"rendered":"<p style=\"text-align: center\"><strong>Ny\u00edlt p\u00e1ly\u00e1zat a V\u00e1laszt\u00e1si K\u00e9pvisel\u0151 poz\u00edci\u00f3ra<\/strong><\/p>\n<p>A Hallgat\u00f3i \u00d6nkorm\u00e1nyzat ny\u00edlt p\u00e1ly\u00e1zatot hirdet a <strong>V\u00e1laszt\u00e1si K\u00e9pvisel\u0151<\/strong> poz\u00edci\u00f3 bet\u00f6lt\u00e9s\u00e9re, a H\u00d6K 2021-es k\u00fcld\u00f6ttgy\u0171l\u00e9si v\u00e1laszt\u00e1s\u00e1nak lebonyol\u00edt\u00e1sa c\u00e9lj\u00e1b\u00f3l. Az <a href=\"https:\/\/semmelweis.hu\/hok\/files\/2020\/07\/%C3%BAj_H%C3%96K_Alapszab%C3%A1ly.pdf\">Alapszab\u00e1ly<\/a> X. fejezet 71. \u00a7 (2) pontja szerint az SE H\u00d6K V\u00e1laszt\u00e1si K\u00e9pvisel\u0151t m\u0171k\u00f6dtet, melyre minden Semmelweis Egyetemre j\u00e1r\u00f3, akt\u00edv hallgat\u00f3i jogviszonnyal rendelkez\u0151 hallgat\u00f3 v\u00e1laszthat\u00f3.<br \/>\nA V\u00e1laszt\u00e1si K\u00e9pvisel\u0151 r\u00e9szletes feladatait \u00e9s jogait az Alapszab\u00e1ly tartalmazza.<br \/>\nA V\u00e1laszt\u00e1si K\u00e9pvisel\u0151t a K\u00fcld\u00f6ttgy\u0171l\u00e9s v\u00e1lasztja egy v\u00e1laszt\u00e1si id\u0151szakra, p\u00e1ly\u00e1zat \u00fatj\u00e1n.<\/p>\n<p>A p\u00e1ly\u00e1zatnak tartalmaznia kell:<br \/>\n&#8211; \u00f6n\u00e9letrajzot,<br \/>\n&#8211; motiv\u00e1ci\u00f3s levelet,<br \/>\n&#8211; a p\u00e1ly\u00e1z\u00f3 <a href=\"https:\/\/semmelweis.hu\/hok\/files\/2020\/09\/42-nyilatkozat.pdf\">Alapszab\u00e1ly 24. \u00a7-a szerinti nyilatkozat\u00e1t<\/a>,<br \/>\n&#8211; 15 napn\u00e1l nem r\u00e9gebbi hallgat\u00f3i jogviszony-igazol\u00e1st.<br \/>\nA p\u00e1ly\u00e1zati anyag minden oldal\u00e1t a p\u00e1ly\u00e1z\u00f3 al\u00e1\u00edr\u00e1s\u00e1val hiteles\u00edti.<\/p>\n<p><span style=\"text-decoration: underline\">P\u00e1ly\u00e1zat beny\u00fajt\u00e1s\u00e1nak hat\u00e1rideje:<\/span> <strong>2021. szeptember 7. 23:59<\/strong><br \/>\n<span style=\"text-decoration: underline\">P\u00e1ly\u00e1zat beny\u00fajt\u00e1s\u00e1nak m\u00f3dja:<\/span> elektronikusan, a <a href=\"mailto:hok.elnok@semmelweis-univ.hu\">hok.elnok@semmelweis-univ.hu<\/a> e-mail c\u00edmre.<\/p>\n<p>Kelt Budapest, 2021. augusztus 31.<\/p>\n","protected":false},"excerpt":{"rendered":"<p>Ny\u00edlt p\u00e1ly\u00e1zat a V\u00e1laszt\u00e1si K\u00e9pvisel\u0151 poz\u00edci\u00f3ra A Hallgat\u00f3i \u00d6nkorm\u00e1nyzat ny\u00edlt p\u00e1ly\u00e1zatot hirdet a V\u00e1laszt\u00e1si K\u00e9pvisel\u0151 poz\u00edci\u00f3 bet\u00f6lt\u00e9s\u00e9re, a H\u00d6K 2021-es k\u00fcld\u00f6ttgy\u0171l\u00e9si v\u00e1laszt\u00e1s\u00e1nak lebonyol\u00edt\u00e1sa c\u00e9lj\u00e1b\u00f3l. Az <a href=\"https:\/\/semmelweis.hu\/hok\/files\/2020\/07\/%C3%BAj_H%C3%96K_Alapszab%C3%A1ly.pdf\">Alapszab\u00e1ly<\/a> X. fejezet 71. \u00a7 (2) pontja szerint az SE H\u00d6K V\u00e1laszt\u00e1si K\u00e9pvisel\u0151t m\u0171k\u00f6dtet, melyre minden Semmelweis Egyetemre j\u00e1r\u00f3, akt\u00edv hallgat\u00f3i jogviszonnyal rendelkez\u0151 hallgat\u00f3 v\u00e1laszthat\u00f3. A V\u00e1laszt\u00e1si K\u00e9pvisel\u0151 r\u00e9szletes feladatait \u00e9s &hellip;<\/p>\n","protected":false},"author":101673,"featured_media":11693,"comment_status":"closed","ping_status":"closed","sticky":false,"template":"","format":"standard","meta":{"_acf_changed":false,"footnotes":""},"categories":[5],"tags":[11,147],"class_list":["post-11689","post","type-post","status-publish","format-standard","has-post-thumbnail","hentry","category-hirek","tag-palyazat","tag-valasztas"],"acf":[],"publishpress_future_action":{"enabled":false,"date":"1970-01-01 01:00:00","action":"","terms":[],"taxonomy":"","browser_timezone_offset":0},"_links":{"self":[{"href":"https:\/\/semmelweis.hu\/hok\/wp-json\/wp\/v2\/posts\/11689","targetHints":{"allow":["GET"]}}],"collection":[{"href":"https:\/\/semmelweis.hu\/hok\/wp-json\/wp\/v2\/posts"}],"about":[{"href":"https:\/\/semmelweis.hu\/hok\/wp-json\/wp\/v2\/types\/post"}],"author":[{"embeddable":true,"href":"https:\/\/semmelweis.hu\/hok\/wp-json\/wp\/v2\/users\/101673"}],"replies":[{"embeddable":true,"href":"https:\/\/semmelweis.hu\/hok\/wp-json\/wp\/v2\/comments?post=11689"}],"version-history":[{"count":5,"href":"https:\/\/semmelweis.hu\/hok\/wp-json\/wp\/v2\/posts\/11689\/revisions"}],"predecessor-version":[{"id":11695,"href":"https:\/\/semmelweis.hu\/hok\/wp-json\/wp\/v2\/posts\/11689\/revisions\/11695"}],"wp:featuredmedia":[{"embeddable":true,"href":"https:\/\/semmelweis.hu\/hok\/wp-json\/wp\/v2\/media\/11693"}],"wp:attachment":[{"href":"https:\/\/semmelweis.hu\/hok\/wp-json\/wp\/v2\/media?parent=11689"}],"wp:term":[{"taxonomy":"category","embeddable":true,"href":"https:\/\/semmelweis.hu\/hok\/wp-json\/wp\/v2\/categories?post=11689"},{"taxonomy":"post_tag","embeddable":true,"href":"https:\/\/semmelweis.hu\/hok\/wp-json\/wp\/v2\/tags?post=11689"}],"curies":[{"name":"wp","href":"https:\/\/api.w.org\/{rel}","templated":true}]}}