{"id":11641,"date":"2021-08-15T00:01:49","date_gmt":"2021-08-14T22:01:49","guid":{"rendered":"https:\/\/semmelweis.hu\/hok\/?p=11641"},"modified":"2021-08-14T20:41:27","modified_gmt":"2021-08-14T18:41:27","slug":"palyazat-a-rendezvenyekert-felelos-alelnok-poziciora-2021","status":"publish","type":"post","link":"https:\/\/semmelweis.hu\/hok\/2021\/08\/15\/palyazat-a-rendezvenyekert-felelos-alelnok-poziciora-2021\/","title":{"rendered":"P\u00e1ly\u00e1zat a rendezv\u00e9nyek\u00e9rt felel\u0151s aleln\u00f6k poz\u00edci\u00f3ra"},"content":{"rendered":"<p>Stubnya J\u00e1nos, a <a href=\"https:\/\/semmelweis.hu\/hok\/rolunk\/hok-kozponti-testuletek\/bizottsagok\/rendezvenybizottsag\/\">Rendezv\u00e9nybizotts\u00e1g<\/a> eddigi vezet\u0151je lemondott tiszts\u00e9g\u00e9r\u0151l. A munk\u00e1j\u00e1t h\u00e1l\u00e1san k\u00f6sz\u00f6nj\u00fck! Tov\u00e1bbra is sz\u00e1m\u00edtunk r\u00e1 a H\u00d6K K\u00fcld\u00f6ttgy\u0171l\u00e9s\u00e9ben \u00e9s a kari bizotts\u00e1gokban.<\/p>\n<p>&nbsp;<\/p>\n<p>A Hallgat\u00f3i \u00d6nkorm\u00e1nyzat ny\u00edlt p\u00e1ly\u00e1zatot hirdet a rendezv\u00e9nyek\u00e9rt felel\u0151s aleln\u00f6ki poz\u00edci\u00f3 bet\u00f6lt\u00e9s\u00e9re. A poz\u00edci\u00f3ra minden a Semmelweis Egyetemre j\u00e1r\u00f3, akt\u00edv hallgat\u00f3i jogviszonnyal rendelkez\u0151 hallgat\u00f3 v\u00e1laszthat\u00f3.<br \/>\nA rendezv\u00e9nyek\u00e9rt felel\u0151s aleln\u00f6k r\u00e9szletes feladatait \u00e9s jogait az <a href=\"https:\/\/semmelweis.hu\/hok\/files\/2020\/07\/%C3%BAj_H%C3%96K_Alapszab%C3%A1ly.pdf\">Alapszab\u00e1ly<\/a> tartalmazza.<br \/>\nA rendezv\u00e9nyek\u00e9rt felel\u0151s aleln\u00f6k szem\u00e9ly\u00e9r\u0151l a K\u00fcld\u00f6ttgy\u0171l\u00e9s d\u00f6nt, mely megb\u00edzat\u00e1s legfeljebb az SE H\u00d6K eln\u00f6k mand\u00e1tum\u00e1ig tart.<\/p>\n<p>A p\u00e1ly\u00e1zatnak tartalmaznia kell:<br \/>\n&#8211; \u00f6n\u00e9letrajzot,<br \/>\n&#8211; motiv\u00e1ci\u00f3s levelet,<br \/>\n&#8211; 1 oldalas programtervet,<br \/>\n&#8211; <a href=\"https:\/\/drive.google.com\/file\/d\/168SrhlItAk5I7V8STt5qaoVU73CUYrX6\/view\">tiszts\u00e9gvisel\u0151i nyilatkozatot<\/a>, mely szerint tiszts\u00e9gvisel\u0151i ideje m\u00e9g nem \u00e9rte el a n\u00e9gy \u00e9vet,<br \/>\n&#8211; a p\u00e1ly\u00e1z\u00f3 <a href=\"https:\/\/semmelweis.hu\/hok\/files\/2020\/09\/42-nyilatkozat.pdf\">Alapszab\u00e1ly 24. \u00a7-a szerinti nyilatkozat\u00e1t<\/a>,<br \/>\n&#8211; 15 napn\u00e1l nem r\u00e9gebbi hallgat\u00f3i jogviszony igazol\u00e1st.<br \/>\nA p\u00e1ly\u00e1zati anyag minden oldal\u00e1t a p\u00e1ly\u00e1z\u00f3nak al\u00e1\u00edr\u00e1s\u00e1val hiteles\u00edtenie sz\u00fcks\u00e9ges.<\/p>\n<p><span style=\"text-decoration: underline\">P\u00e1ly\u00e1zat beny\u00fajt\u00e1s\u00e1nak hat\u00e1rideje:<\/span> <strong>2021. augusztus 22. 23:59<\/strong><br \/>\n<span style=\"text-decoration: underline\">P\u00e1ly\u00e1zat beny\u00fajt\u00e1s\u00e1nak m\u00f3dja:<\/span> elektronikusan, a <a href=\"mailto:hok.elnok@semmelweis-univ.hu\">hok.elnok@semmelweis-univ.hu<\/a> e-mail c\u00edmre.<\/p>\n<p>Kelt Budapest, 2021. augusztus 15.<\/p>\n","protected":false},"excerpt":{"rendered":"<p>Stubnya J\u00e1nos, a <a href=\"https:\/\/semmelweis.hu\/hok\/rolunk\/hok-kozponti-testuletek\/bizottsagok\/rendezvenybizottsag\/\">Rendezv\u00e9nybizotts\u00e1g<\/a> eddigi vezet\u0151je lemondott tiszts\u00e9g\u00e9r\u0151l. A munk\u00e1j\u00e1t h\u00e1l\u00e1san k\u00f6sz\u00f6nj\u00fck! Tov\u00e1bbra is sz\u00e1m\u00edtunk r\u00e1 a H\u00d6K K\u00fcld\u00f6ttgy\u0171l\u00e9s\u00e9ben \u00e9s a kari bizotts\u00e1gokban. &nbsp; A Hallgat\u00f3i \u00d6nkorm\u00e1nyzat ny\u00edlt p\u00e1ly\u00e1zatot hirdet a rendezv\u00e9nyek\u00e9rt felel\u0151s aleln\u00f6ki poz\u00edci\u00f3 bet\u00f6lt\u00e9s\u00e9re. A poz\u00edci\u00f3ra minden a Semmelweis Egyetemre j\u00e1r\u00f3, akt\u00edv hallgat\u00f3i jogviszonnyal rendelkez\u0151 hallgat\u00f3 v\u00e1laszthat\u00f3. A rendezv\u00e9nyek\u00e9rt felel\u0151s aleln\u00f6k r\u00e9szletes feladatait \u00e9s &hellip;<\/p>\n","protected":false},"author":101673,"featured_media":11643,"comment_status":"closed","ping_status":"closed","sticky":false,"template":"","format":"standard","meta":{"_acf_changed":false,"footnotes":""},"categories":[5],"tags":[11],"class_list":["post-11641","post","type-post","status-publish","format-standard","has-post-thumbnail","hentry","category-hirek","tag-palyazat"],"acf":[],"publishpress_future_action":{"enabled":false,"date":"1970-01-01 01:00:00","action":"","terms":[],"taxonomy":"","browser_timezone_offset":0},"_links":{"self":[{"href":"https:\/\/semmelweis.hu\/hok\/wp-json\/wp\/v2\/posts\/11641","targetHints":{"allow":["GET"]}}],"collection":[{"href":"https:\/\/semmelweis.hu\/hok\/wp-json\/wp\/v2\/posts"}],"about":[{"href":"https:\/\/semmelweis.hu\/hok\/wp-json\/wp\/v2\/types\/post"}],"author":[{"embeddable":true,"href":"https:\/\/semmelweis.hu\/hok\/wp-json\/wp\/v2\/users\/101673"}],"replies":[{"embeddable":true,"href":"https:\/\/semmelweis.hu\/hok\/wp-json\/wp\/v2\/comments?post=11641"}],"version-history":[{"count":5,"href":"https:\/\/semmelweis.hu\/hok\/wp-json\/wp\/v2\/posts\/11641\/revisions"}],"predecessor-version":[{"id":11649,"href":"https:\/\/semmelweis.hu\/hok\/wp-json\/wp\/v2\/posts\/11641\/revisions\/11649"}],"wp:featuredmedia":[{"embeddable":true,"href":"https:\/\/semmelweis.hu\/hok\/wp-json\/wp\/v2\/media\/11643"}],"wp:attachment":[{"href":"https:\/\/semmelweis.hu\/hok\/wp-json\/wp\/v2\/media?parent=11641"}],"wp:term":[{"taxonomy":"category","embeddable":true,"href":"https:\/\/semmelweis.hu\/hok\/wp-json\/wp\/v2\/categories?post=11641"},{"taxonomy":"post_tag","embeddable":true,"href":"https:\/\/semmelweis.hu\/hok\/wp-json\/wp\/v2\/tags?post=11641"}],"curies":[{"name":"wp","href":"https:\/\/api.w.org\/{rel}","templated":true}]}}