{"id":11267,"date":"2021-07-15T10:33:50","date_gmt":"2021-07-15T08:33:50","guid":{"rendered":"https:\/\/semmelweis.hu\/hok\/?p=11267"},"modified":"2021-07-18T09:28:44","modified_gmt":"2021-07-18T07:28:44","slug":"semmelweis-ignac-szakkollegium-jelentkezes-2021-22-1","status":"publish","type":"post","link":"https:\/\/semmelweis.hu\/hok\/2021\/07\/15\/semmelweis-ignac-szakkollegium-jelentkezes-2021-22-1\/","title":{"rendered":"Semmelweis Ign\u00e1c Szakkoll\u00e9gium jelentkez\u00e9s 2021\/22\/1"},"content":{"rendered":"<p><strong>Kedves Hallgat\u00f3t\u00e1rsunk!<\/strong><\/p>\n<p>A Semmelweis Egyetem Hallgat\u00f3i \u00d6nkorm\u00e1nyzat\u00e1nak k\u00f6zrem\u0171k\u00f6d\u00e9s\u00e9vel, hosszas el\u0151k\u00e9sz\u00edt\u00e9st k\u00f6vet\u0151en a 2021\/22 tan\u00e9v \u0151szi szemeszter\u00e9t\u0151l megnyitja kapuit a Semmelweis Ign\u00e1c Szakkoll\u00e9gium, ahova az Egyetem minden gradu\u00e1lis hallgat\u00f3j\u00e1nak lehet\u0151s\u00e9ge ny\u00edlik jelentkezni!<\/p>\n<p><strong><em>Mi\u00e9rt \u00e9rdemes jelentkezni?<\/em><\/strong><\/p>\n<p>Egy szakkoll\u00e9gium sokat jelenthet tagjai \u00e9let\u00e9ben: k\u00f6z\u00f6ss\u00e9g, tehets\u00e9ggondoz\u00f3, tanul\u00f3k\u00f6r \u00e9s di\u00e1kszervezet. A szakkoll\u00e9gium seg\u00edti tagjait a fejl\u0151d\u00e9sben, illetve abban, hogy c\u00e9lokat t\u0171zzenek maguk el\u00e9 \u00e9s el is \u00e9rj\u00e9k azokat, de felk\u00e9sz\u00edthet egyes fontos, mindenkit \u00e9rint\u0151 k\u00e9rd\u00e9sekre, helyzetekre is. A Semmelweis Ign\u00e1c Szakkoll\u00e9gium tagjak\u00e9nt r\u00e9szt vehetsz az egyetemi kurrikulumot kieg\u00e9sz\u00edt\u0151 hasznos kurzusokon, konferenci\u00e1kon, k\u00e9pz\u00e9s\u00e9ken, szakmai l\u00e1togat\u00e1sokon. A k\u00f6z\u00f6ss\u00e9g r\u00e9szek\u00e9nt \u00e9letre sz\u00f3l\u00f3 kapcsolatokat \u00e9p\u00edthetsz, \u00e9lm\u00e9nyeket szerezhetsz ak\u00e1r egy-egy k\u00f6z\u00f6s t\u00e1borban, csapat\u00e9p\u00edt\u0151n, ak\u00e1r a mindennapokban.<\/p>\n<p>A Semmelweis Ign\u00e1c Szakkoll\u00e9gium egy \u00e9p\u00fcletben kap helyet a Selye J\u00e1nos Doktorandusz Szakkoll\u00e9giummal, mely Magyarorsz\u00e1gon egyed\u00fclik\u00e9nt biztos\u00edt dedik\u00e1ltan PhD hallgat\u00f3k sz\u00e1m\u00e1ra lakhat\u00e1st \u00e9s szakmai fejl\u0151d\u00e9st. A k\u00e9t szakkoll\u00e9gium kooper\u00e1ci\u00f3ja azok mentorprogramj\u00e1ban testes\u00fcl meg, mely sor\u00e1n a doktoranduszok a Semmelweis Ign\u00e1c szakkoll\u00e9gist\u00e1it a tudom\u00e1nyos fejl\u0151d\u00e9s \u00e9rdek\u00e9ben p\u00e1rtfogolj\u00e1k, \u0151ket TDK hallgat\u00f3ikk\u00e9nt seg\u00edtik, saj\u00e1t publik\u00e1ci\u00f3ikban sz\u00e1mukra t\u00e1rsszerz\u0151s\u00e9get biztos\u00edtanak. Mindez l\u00e9p\u00e9sel\u0151nyh\u00f6z seg\u00edti a tagokat a k\u00e9s\u0151bbiekben a PhD fokozatszerz\u00e9sn\u00e9l is. A Semmelweis Ign\u00e1c Szakkoll\u00e9gium tags\u00e1g r\u00e1ad\u00e1sul el\u0151nyt biztos\u00edt a k\u00e9s\u0151bbiekben a Selye J\u00e1nos Doktorandusz Szakkoll\u00e9giumba t\u00f6rt\u00e9n\u0151 bejut\u00e1shoz is a gradu\u00e1lis k\u00e9pz\u00e9s lez\u00e1rult\u00e1t k\u00f6vet\u0151en, mint mentor. Ez ut\u00f3bbib\u00f3l pedig &#8211; kutat\u00f3i \u00e9letp\u00e1lya-modell\u00fcnk sor\u00e1n &#8211; a Doktori Iskola Kutat\u00e1s \u00e9s Management munkacsoportj\u00e1nak seg\u00edts\u00e9g\u00e9vel egyenes utat k\u00edv\u00e1nunk biztos\u00edtani a PhD fokozatszerz\u00e9s ut\u00e1n a t\u00e9mavezet\u0151v\u00e9 v\u00e1l\u00e1shoz.<\/p>\n<p>Tekintettel a k\u00e9t szakkoll\u00e9gium szoros egy\u00fcttm\u0171k\u00f6d\u00e9s\u00e9re a Hallgat\u00f3i \u00d6nkorm\u00e1nyzattal, a Doktorandusz \u00d6nkorm\u00e1nyzattal \u00e9s a Doktori Iskol\u00e1val, tagjaink sz\u00e1m\u00e1ra k\u00f6z\u00e9leti, valamint szervez\u00e9si tapasztalatszerz\u00e9st \u00e9s el\u0151menetelt is k\u00edn\u00e1lunk, mely a j\u00f6v\u0151ben vezet\u0151i p\u00e1ly\u00e1t tervez\u0151 hallgat\u00f3k sz\u00e1m\u00e1ra jelent\u0151s seg\u00edts\u00e9get ny\u00fajt.<\/p>\n<p><strong><em>Ki jelentkezhet?\u00a0<br \/>\n<\/em><\/strong>B\u00e1rki, aki a Semmelweis Egyetem akt\u00edv st\u00e1tusz\u00fa jogviszonnyal rendelkez\u0151 hallgat\u00f3ja.<\/p>\n<p><strong><em>Hogyan lehetsz a szakkoll\u00e9gium tagja?<br \/>\n<\/em><\/strong>A felv\u00e9teli elj\u00e1r\u00e1s megkezd\u00e9s\u00e9hez nincs m\u00e1s teend\u0151d, mint kit\u00f6lteni az <strong><a href=\"https:\/\/semmelweis.hu\/hok\/semmelweis-ignac-szakkollegium\/\">al\u00e1bbi jelentkez\u00e9si fel\u00fcletet<\/a><\/strong>.<\/p>\n<p>A jelentkez\u0151ket a szakkoll\u00e9gium habilit\u00e1ci\u00f3s bizotts\u00e1ga b\u00edr\u00e1lja el. A fejlem\u00e9nyekr\u0151l a jelentkez\u0151ket a megadott e-mail c\u00edmeken \u00e9rtes\u00edtj\u00fck.<\/p>\n<p><strong>Jelentkez\u00e9si hat\u00e1rid\u0151: 2021.08.15.<\/strong><\/p>\n<p>Szeretettel v\u00e1rjuk a jelentkez\u00e9seket!<\/p>\n","protected":false},"excerpt":{"rendered":"<p>Kedves Hallgat\u00f3t\u00e1rsunk! A Semmelweis Egyetem Hallgat\u00f3i \u00d6nkorm\u00e1nyzat\u00e1nak k\u00f6zrem\u0171k\u00f6d\u00e9s\u00e9vel, hosszas el\u0151k\u00e9sz\u00edt\u00e9st k\u00f6vet\u0151en a 2021\/22 tan\u00e9v \u0151szi szemeszter\u00e9t\u0151l megnyitja kapuit a Semmelweis Ign\u00e1c Szakkoll\u00e9gium, ahova az Egyetem minden gradu\u00e1lis hallgat\u00f3j\u00e1nak lehet\u0151s\u00e9ge ny\u00edlik jelentkezni! Mi\u00e9rt \u00e9rdemes jelentkezni? Egy szakkoll\u00e9gium sokat jelenthet tagjai \u00e9let\u00e9ben: k\u00f6z\u00f6ss\u00e9g, tehets\u00e9ggondoz\u00f3, tanul\u00f3k\u00f6r \u00e9s di\u00e1kszervezet. A szakkoll\u00e9gium seg\u00edti tagjait a fejl\u0151d\u00e9sben, illetve abban, hogy c\u00e9lokat &hellip;<\/p>\n","protected":false},"author":101158,"featured_media":11273,"comment_status":"closed","ping_status":"closed","sticky":false,"template":"","format":"standard","meta":{"_acf_changed":false,"footnotes":""},"categories":[5],"tags":[],"class_list":["post-11267","post","type-post","status-publish","format-standard","has-post-thumbnail","hentry","category-hirek"],"acf":[],"publishpress_future_action":{"enabled":false,"date":"1970-01-01 01:00:00","action":"","terms":[],"taxonomy":"","browser_timezone_offset":0},"_links":{"self":[{"href":"https:\/\/semmelweis.hu\/hok\/wp-json\/wp\/v2\/posts\/11267","targetHints":{"allow":["GET"]}}],"collection":[{"href":"https:\/\/semmelweis.hu\/hok\/wp-json\/wp\/v2\/posts"}],"about":[{"href":"https:\/\/semmelweis.hu\/hok\/wp-json\/wp\/v2\/types\/post"}],"author":[{"embeddable":true,"href":"https:\/\/semmelweis.hu\/hok\/wp-json\/wp\/v2\/users\/101158"}],"replies":[{"embeddable":true,"href":"https:\/\/semmelweis.hu\/hok\/wp-json\/wp\/v2\/comments?post=11267"}],"version-history":[{"count":1,"href":"https:\/\/semmelweis.hu\/hok\/wp-json\/wp\/v2\/posts\/11267\/revisions"}],"predecessor-version":[{"id":11268,"href":"https:\/\/semmelweis.hu\/hok\/wp-json\/wp\/v2\/posts\/11267\/revisions\/11268"}],"wp:featuredmedia":[{"embeddable":true,"href":"https:\/\/semmelweis.hu\/hok\/wp-json\/wp\/v2\/media\/11273"}],"wp:attachment":[{"href":"https:\/\/semmelweis.hu\/hok\/wp-json\/wp\/v2\/media?parent=11267"}],"wp:term":[{"taxonomy":"category","embeddable":true,"href":"https:\/\/semmelweis.hu\/hok\/wp-json\/wp\/v2\/categories?post=11267"},{"taxonomy":"post_tag","embeddable":true,"href":"https:\/\/semmelweis.hu\/hok\/wp-json\/wp\/v2\/tags?post=11267"}],"curies":[{"name":"wp","href":"https:\/\/api.w.org\/{rel}","templated":true}]}}