{"id":10892,"date":"2021-03-28T21:38:19","date_gmt":"2021-03-28T19:38:19","guid":{"rendered":"https:\/\/semmelweis.hu\/hok\/?p=10892"},"modified":"2021-03-28T21:43:01","modified_gmt":"2021-03-28T19:43:01","slug":"10892","status":"publish","type":"post","link":"https:\/\/semmelweis.hu\/hok\/2021\/03\/28\/10892\/","title":{"rendered":"Az E-learning csapat"},"content":{"rendered":"<p><span style=\"font-weight: 400\">A j\u00e1rv\u00e1nyhelyzet \u00faj kih\u00edv\u00e1sok el\u00e9 \u00e1ll\u00edtotta a Semmelweis Egyetemet \u00e9s minket hallgat\u00f3kat. Az online oktat\u00e1s el\u0151t\u00e9rbe helyez\u00e9s\u00e9vel \u00faj feladat h\u00e1rult a Hallgat\u00f3i \u00d6nkorm\u00e1nyzat csapat\u00e1ra: az egyetemmel k\u00f6z\u00f6sen fel kellett \u00e1ll\u00edtani egy \u00faj oktat\u00e1si rendszert. Ennek \u00e9rdek\u00e9ben hoztuk l\u00e9tre 2020 m\u00e1rcius\u00e1ban az E-learning csapatot.<\/span><\/p>\n<p><span style=\"font-weight: 400\">A csapat alapvet\u0151 c\u00e9lja, hogy t\u00e1mogat\u00e1st ny\u00fajtson a hallgat\u00f3k sz\u00e1m\u00e1ra az E-learning rendszer kapcs\u00e1n felmer\u00fcl\u0151 probl\u00e9m\u00e1k megold\u00e1s\u00e1ban, ezzel lev\u00e9ve a terhet az oktat\u00f3kr\u00f3l \u00e9s a szervezeti egys\u00e9gekr\u0151l.\u00a0<\/span><\/p>\n<p><span style=\"font-weight: 400\">Tov\u00e1bb\u00e1 seg\u00edts\u00e9get ny\u00fajt az int\u00e9zeti\u202fMoodle\u202fkapcsolattart\u00f3knak az\u202fE-learning\u202frendszer m\u0171k\u00f6dtet\u00e9se \u00e9rdek\u00e9ben a hallgat\u00f3i tapasztalatok alapj\u00e1n.\u202f<\/span><\/p>\n<p>&nbsp;<\/p>\n<p><span style=\"font-weight: 400\">A szervezeti egys\u00e9g az online oktat\u00e1ssal kapcsolatosan seg\u00edti mind az Oktat\u00f3kat \u00e9s Int\u00e9zeteket, mind pedig kezet ny\u00fajt a Semmelweis Egyetem hallgat\u00f3s\u00e1g\u00e1nak is.\u00a0<\/span><\/p>\n<p><span style=\"font-weight: 400\">Ezek alapj\u00e1n k\u00e9rj\u00fck, hogy a felmer\u00fcl\u0151 k\u00e9rd\u00e9sekkel <\/span><span style=\"font-weight: 400\">bizalommal forduljatok a csapat kijel\u00f6lt hallgat\u00f3i t\u00e1mogat\u00f3ihoz:<\/span><\/p>\n<ul>\n<li style=\"font-weight: 400\"><span style=\"font-weight: 400\">\u00c1OK: <\/span>\n<ul>\n<li style=\"font-weight: 400\"><span style=\"font-weight: 400\">M\u00f3ri Szabolcs\u00a0<\/span><\/li>\n<\/ul>\n<\/li>\n<\/ul>\n<ul>\n<li style=\"font-weight: 400\"><span style=\"font-weight: 400\">FOK: <\/span>\n<ul>\n<li style=\"font-weight: 400\"><span style=\"font-weight: 400\">Keskeny Gy\u00f6rgy \u00c1rp\u00e1d\u00a0<\/span><\/li>\n<\/ul>\n<\/li>\n<\/ul>\n<ul>\n<li style=\"font-weight: 400\"><span style=\"font-weight: 400\">GYTK:\u00a0\u00a0<\/span>\n<ul>\n<li style=\"font-weight: 400\"><span style=\"font-weight: 400\">Bancs\u00f3 Bettina\u00a0<\/span><\/li>\n<li style=\"font-weight: 400\"><span style=\"font-weight: 400\">Nagy Tam\u00e1s\u00a0<\/span><\/li>\n<\/ul>\n<\/li>\n<\/ul>\n<ul>\n<li style=\"list-style-type: none\">\u00a0<\/li>\n<\/ul>\n<ul>\n<li style=\"list-style-type: none\">\u00a0<\/li>\n<\/ul>\n<ul>\n<li style=\"font-weight: 400\"><span style=\"font-weight: 400\">ETK:\u00a0<\/span>\n<ul>\n<li style=\"font-weight: 400\"><span style=\"font-weight: 400\">Keskeny Anna <\/span><span style=\"font-weight: 400\">\u00a0<\/span><\/li>\n<li style=\"font-weight: 400\"><span style=\"font-weight: 400\">Varga Loretta<\/span><span style=\"font-weight: 400\">\u00a0<\/span><\/li>\n<li style=\"font-weight: 400\"><span style=\"font-weight: 400\">Harkai Blanka\u00a0<\/span><\/li>\n<\/ul>\n<\/li>\n<\/ul>\n<ul>\n<li style=\"list-style-type: none\">\u00a0<\/li>\n<\/ul>\n<ul>\n<li style=\"font-weight: 400\"><span style=\"font-weight: 400\">PAK: <\/span>\n<ul>\n<li style=\"font-weight: 400\"><span style=\"font-weight: 400\">Karakas Kolina\u00a0<\/span><\/li>\n<\/ul>\n<\/li>\n<\/ul>\n<ul>\n<li style=\"font-weight: 400\"><span style=\"font-weight: 400\">EKK:\u00a0<\/span>\n<ul>\n<li style=\"font-weight: 400\"><span style=\"font-weight: 400\">Kov\u00e1cs Bal\u00e1zs\u00a0<\/span><\/li>\n<li style=\"font-weight: 400\"><span style=\"font-weight: 400\">Pance Krist\u00f3f\u00a0<\/span><span style=\"font-size: 1rem\">\u00a0<\/span><\/li>\n<\/ul>\n<\/li>\n<\/ul>\n<ul>\n<li style=\"font-weight: 400\"><span style=\"font-weight: 400\">E-learning\u00e9rt felel\u0151s eln\u00f6ki megb\u00edzott:\u00a0<\/span>\n<ul>\n<li style=\"font-weight: 400\"><span style=\"font-weight: 400\">Keskeny Gy\u00f6rgy \u00c1rp\u00e1d\u00a0<\/span><\/li>\n<\/ul>\n<\/li>\n<\/ul>\n<p>&nbsp;<\/p>\n<p>&nbsp;<\/p>\n<p><strong>El\u00e9rhet\u0151s\u00e9gek:\u00a0<\/strong><\/p>\n<p><span style=\"font-weight: 400\">Hallgat\u00f3i \u00d6nkorm\u00e1nyzat Oktat\u00e1si Bizotts\u00e1gi email c\u00edme:<\/span><a href=\"mailto:hok.oktatas@semmelweis-univ.hu\"><em><span style=\"font-weight: 400\"> hok.oktatas@semmelweis-univ.hu<\/span><\/em><\/a><span style=\"font-weight: 400\">\u00a0<\/span><\/p>\n<p><span style=\"font-weight: 400\">K\u00e9rd\u00e9sekre sz\u00edvesen adunk v\u00e1laszt a H\u00d6K Messengeren kereszt\u00fcl is!<\/span><\/p>\n<p>&nbsp;<\/p>\n<p>&nbsp;<\/p>\n","protected":false},"excerpt":{"rendered":"<p>A j\u00e1rv\u00e1nyhelyzet \u00faj kih\u00edv\u00e1sok el\u00e9 \u00e1ll\u00edtotta a Semmelweis Egyetemet \u00e9s minket hallgat\u00f3kat. Az online oktat\u00e1s el\u0151t\u00e9rbe helyez\u00e9s\u00e9vel \u00faj feladat h\u00e1rult a Hallgat\u00f3i \u00d6nkorm\u00e1nyzat csapat\u00e1ra: az egyetemmel k\u00f6z\u00f6sen fel kellett \u00e1ll\u00edtani egy \u00faj oktat\u00e1si rendszert. Ennek \u00e9rdek\u00e9ben hoztuk l\u00e9tre 2020 m\u00e1rcius\u00e1ban az E-learning csapatot. A csapat alapvet\u0151 c\u00e9lja, hogy t\u00e1mogat\u00e1st ny\u00fajtson a hallgat\u00f3k sz\u00e1m\u00e1ra az E-learning &hellip;<\/p>\n","protected":false},"author":101512,"featured_media":10899,"comment_status":"closed","ping_status":"closed","sticky":false,"template":"","format":"standard","meta":{"_acf_changed":false,"footnotes":""},"categories":[5],"tags":[],"class_list":["post-10892","post","type-post","status-publish","format-standard","has-post-thumbnail","hentry","category-hirek"],"acf":[],"publishpress_future_action":{"enabled":false,"date":"1970-01-01 01:00:00","action":"","terms":[],"taxonomy":"","browser_timezone_offset":0},"_links":{"self":[{"href":"https:\/\/semmelweis.hu\/hok\/wp-json\/wp\/v2\/posts\/10892","targetHints":{"allow":["GET"]}}],"collection":[{"href":"https:\/\/semmelweis.hu\/hok\/wp-json\/wp\/v2\/posts"}],"about":[{"href":"https:\/\/semmelweis.hu\/hok\/wp-json\/wp\/v2\/types\/post"}],"author":[{"embeddable":true,"href":"https:\/\/semmelweis.hu\/hok\/wp-json\/wp\/v2\/users\/101512"}],"replies":[{"embeddable":true,"href":"https:\/\/semmelweis.hu\/hok\/wp-json\/wp\/v2\/comments?post=10892"}],"version-history":[{"count":4,"href":"https:\/\/semmelweis.hu\/hok\/wp-json\/wp\/v2\/posts\/10892\/revisions"}],"predecessor-version":[{"id":10900,"href":"https:\/\/semmelweis.hu\/hok\/wp-json\/wp\/v2\/posts\/10892\/revisions\/10900"}],"wp:featuredmedia":[{"embeddable":true,"href":"https:\/\/semmelweis.hu\/hok\/wp-json\/wp\/v2\/media\/10899"}],"wp:attachment":[{"href":"https:\/\/semmelweis.hu\/hok\/wp-json\/wp\/v2\/media?parent=10892"}],"wp:term":[{"taxonomy":"category","embeddable":true,"href":"https:\/\/semmelweis.hu\/hok\/wp-json\/wp\/v2\/categories?post=10892"},{"taxonomy":"post_tag","embeddable":true,"href":"https:\/\/semmelweis.hu\/hok\/wp-json\/wp\/v2\/tags?post=10892"}],"curies":[{"name":"wp","href":"https:\/\/api.w.org\/{rel}","templated":true}]}}