{"id":10642,"date":"2021-02-03T19:58:44","date_gmt":"2021-02-03T18:58:44","guid":{"rendered":"https:\/\/semmelweis.hu\/hok\/?p=10642"},"modified":"2021-02-03T20:02:27","modified_gmt":"2021-02-03T19:02:27","slug":"the-students-union-e-learning-team","status":"publish","type":"post","link":"https:\/\/semmelweis.hu\/hok\/en\/2021\/02\/03\/the-students-union-e-learning-team\/","title":{"rendered":"The Students\u2019 Union E-learning Team"},"content":{"rendered":"<p style=\"text-align: center\"><img loading=\"lazy\" decoding=\"async\" class=\" wp-image-10601 aligncenter\" src=\"https:\/\/semmelweis.hu\/hok\/files\/2021\/01\/250-b\u00e9lyegz\u0151-1-300x198.png\" alt=\"\" width=\"206\" height=\"136\" srcset=\"https:\/\/semmelweis.hu\/hok\/files\/2021\/01\/250-b\u00e9lyegz\u0151-1-300x198.png 300w, https:\/\/semmelweis.hu\/hok\/files\/2021\/01\/250-b\u00e9lyegz\u0151-1-203x135.png 203w, https:\/\/semmelweis.hu\/hok\/files\/2021\/01\/250-b\u00e9lyegz\u0151-1.png 350w\" sizes=\"auto, (max-width: 206px) 100vw, 206px\" \/><span style=\"font-size: 18pt\"><strong>The Students\u2019 Union E-learning Team<\/strong><\/span><\/p>\n<p>&nbsp;<\/p>\n<p style=\"text-align: justify\">Our team was established and began its operations in March 2020 within the SU.<\/p>\n<p>Our objectives:<\/p>\n<ol>\n<li>Technological support is provided for the students if any problems arise during the use of the E-learning system. We will provide assistance relating to the usage and workings of the online platform, thereby lessening the responsibility that would fall on the educators and E-learning contacts.<\/li>\n<li style=\"text-align: justify\">Providing feedback according to student experiences to the institutional Moodle contacts for an enhanced E-learning experience.<\/li>\n<li style=\"text-align: justify\">Prevention of issues within each faculty and the handling and monitoring of dissatisfaction in each grade via appointed representatives.<\/li>\n<li style=\"text-align: justify\">Other than immediate challenge control, the implementation of preventive measures and support\/improvement of online educational services will be arranged. Regardless, the students\u2019 and educators\u2019 needs will in the forefront.<\/li>\n<\/ol>\n<p style=\"text-align: justify\">It is our primary goal to reach a helping hand to all Educators and Institutes, not to mention the students of Semmelweis University.<\/p>\n<p style=\"text-align: justify\">We encourage you to confidently turn to your designated student representatives with any arising doubts or questions.<\/p>\n<p style=\"text-align: justify\">Members of the team, the E-learning representatives<\/p>\n<p style=\"text-align: justify\"><strong>We encourage you to confidently turn to your designated student representatives with any arising doubts or questions.<\/strong><\/p>\n<p style=\"text-align: center\">\n<img loading=\"lazy\" decoding=\"async\" class=\"alignnone size-medium wp-image-10648\" src=\"https:\/\/semmelweis.hu\/hok\/files\/2021\/02\/csapat-1-300x222.png\" alt=\"\" width=\"300\" height=\"222\" srcset=\"https:\/\/semmelweis.hu\/hok\/files\/2021\/02\/csapat-1-300x222.png 300w, https:\/\/semmelweis.hu\/hok\/files\/2021\/02\/csapat-1-1024x758.png 1024w, https:\/\/semmelweis.hu\/hok\/files\/2021\/02\/csapat-1-768x568.png 768w, https:\/\/semmelweis.hu\/hok\/files\/2021\/02\/csapat-1-753x557.png 753w, https:\/\/semmelweis.hu\/hok\/files\/2021\/02\/csapat-1.png 1069w\" sizes=\"auto, (max-width: 300px) 100vw, 300px\" \/>\u00a0\u2028<\/p>\n<p style=\"text-align: justify\">Members of the team, the E-learning representatives:<\/p>\n<ul>\n<li style=\"text-align: justify\">General Medicine:\n<ul>\n<li style=\"text-align: justify\">Szabolcs M\u00f3ri\n<ul>\n<li style=\"text-align: justify\"><a href=\"mailto:mori.szabolcs@stud.semmelweis.hu\">mori.szabolcs@stud.semmelweis.hu<\/a><\/li>\n<\/ul>\n<\/li>\n<\/ul>\n<\/li>\n<li style=\"text-align: justify\">Dentistry:\n<ul>\n<li style=\"text-align: justify\">Somodi Krist\u00f3f\n<ul>\n<li style=\"text-align: justify\"><a href=\"mailto:kristf.somodi@gmail.com\">kristf.somodi@gmail.com<\/a><\/li>\n<\/ul>\n<\/li>\n<\/ul>\n<\/li>\n<li style=\"text-align: justify\">Pharmacy:\n<ul>\n<li style=\"text-align: justify\">Nagy Tam\u00e1s\n<ul>\n<li style=\"text-align: justify\"><a href=\"mailto:trommy0016@gmail.com\">trommy0016@gmail.com<\/a><\/li>\n<\/ul>\n<\/li>\n<\/ul>\n<\/li>\n<li style=\"text-align: justify\">Health Sciences:\n<ul>\n<li style=\"text-align: justify\">Keskeny Anna\n<ul>\n<li style=\"text-align: justify\"><a href=\"mailto:keskeny.anna@gmail.com\">keskeny.anna@gmail.com<\/a><\/li>\n<\/ul>\n<\/li>\n<li style=\"text-align: justify\">Varga Loretta\n<ul>\n<li style=\"text-align: justify\"><a href=\"mailto:lorettav013@gmail.com\">lorettav013@gmail.com<\/a><\/li>\n<\/ul>\n<\/li>\n<\/ul>\n<\/li>\n<li style=\"text-align: justify\">Andr\u00e1s Pet\u0151:\n<ul>\n<li style=\"text-align: justify\">Karakas Kolina\n<ul>\n<li style=\"text-align: justify\"><a href=\"mailto:karakas.kolina@gmail.com\">karakas.kolina@gmail.com<\/a><\/li>\n<\/ul>\n<\/li>\n<\/ul>\n<\/li>\n<li style=\"text-align: justify\">Health and Public Administration:\n<ul>\n<li style=\"text-align: justify\">Kov\u00e1cs Bal\u00e1zs\n<ul>\n<li style=\"text-align: justify\"><a href=\"mailto:bala.kovacs.99@gmail.com\">bala.kovacs.99@gmail.com<\/a><\/li>\n<\/ul>\n<\/li>\n<\/ul>\n<\/li>\n<li style=\"text-align: justify\">Presidential appointee responsible for E-learning:\n<ul>\n<li style=\"text-align: justify\">Gy\u00f6rgy \u00c1rp\u00e1d Keskeny\n<ul>\n<li style=\"text-align: justify\"><a href=\"mailto:keskeny.gyorgy@stud.semmelweis.hu\">keskeny.gyorgy@stud.semmelweis.hu<\/a><\/li>\n<\/ul>\n<\/li>\n<\/ul>\n<\/li>\n<\/ul>\n<p>Our Contact Information:<\/p>\n<ul>\n<li>Students\u2019 Union Board of Education email address:\n<ul>\n<li><a href=\"mailto:hok.oktatas@semmelweis-univ.hu\">hok.oktatas@semmelweis-univ.hu<\/a><\/li>\n<\/ul>\n<\/li>\n<li style=\"text-align: justify\">SU Messenger &#8211; <a href=\"https:\/\/www.facebook.com\/studentsofsemmelweis\">Semmelweis University Students&#8217; Union | Facebook<\/a><\/li>\n<\/ul>\n","protected":false},"excerpt":{"rendered":"<p>The Students\u2019 Union E-learning Team &nbsp; Our team was established and began its operations in March 2020 within the SU. Our objectives: Technological support is provided for the students if any problems arise during the use of the E-learning system. We will provide assistance relating to the usage and workings of the online platform, thereby &hellip;<\/p>\n","protected":false},"author":101512,"featured_media":10648,"comment_status":"closed","ping_status":"closed","sticky":false,"template":"","format":"standard","meta":{"_acf_changed":false,"footnotes":""},"categories":[83],"tags":[305,319,321],"class_list":["post-10642","post","type-post","status-publish","format-standard","has-post-thumbnail","hentry","category-news","tag-e-learning-en","tag-team","tag-teamwork"],"acf":[],"publishpress_future_action":{"enabled":false,"date":"1970-01-01 01:00:00","action":"","terms":[],"taxonomy":"","browser_timezone_offset":0},"_links":{"self":[{"href":"https:\/\/semmelweis.hu\/hok\/wp-json\/wp\/v2\/posts\/10642","targetHints":{"allow":["GET"]}}],"collection":[{"href":"https:\/\/semmelweis.hu\/hok\/wp-json\/wp\/v2\/posts"}],"about":[{"href":"https:\/\/semmelweis.hu\/hok\/wp-json\/wp\/v2\/types\/post"}],"author":[{"embeddable":true,"href":"https:\/\/semmelweis.hu\/hok\/wp-json\/wp\/v2\/users\/101512"}],"replies":[{"embeddable":true,"href":"https:\/\/semmelweis.hu\/hok\/wp-json\/wp\/v2\/comments?post=10642"}],"version-history":[{"count":6,"href":"https:\/\/semmelweis.hu\/hok\/wp-json\/wp\/v2\/posts\/10642\/revisions"}],"predecessor-version":[{"id":10652,"href":"https:\/\/semmelweis.hu\/hok\/wp-json\/wp\/v2\/posts\/10642\/revisions\/10652"}],"wp:featuredmedia":[{"embeddable":true,"href":"https:\/\/semmelweis.hu\/hok\/wp-json\/wp\/v2\/media\/10648"}],"wp:attachment":[{"href":"https:\/\/semmelweis.hu\/hok\/wp-json\/wp\/v2\/media?parent=10642"}],"wp:term":[{"taxonomy":"category","embeddable":true,"href":"https:\/\/semmelweis.hu\/hok\/wp-json\/wp\/v2\/categories?post=10642"},{"taxonomy":"post_tag","embeddable":true,"href":"https:\/\/semmelweis.hu\/hok\/wp-json\/wp\/v2\/tags?post=10642"}],"curies":[{"name":"wp","href":"https:\/\/api.w.org\/{rel}","templated":true}]}}