{"id":10626,"date":"2021-02-01T11:11:52","date_gmt":"2021-02-01T10:11:52","guid":{"rendered":"https:\/\/semmelweis.hu\/hok\/?p=10626"},"modified":"2021-02-03T20:05:54","modified_gmt":"2021-02-03T19:05:54","slug":"a-hallgatoi-onkormanyzat-e-learning-csapata","status":"publish","type":"post","link":"https:\/\/semmelweis.hu\/hok\/2021\/02\/01\/a-hallgatoi-onkormanyzat-e-learning-csapata\/","title":{"rendered":"A Hallgat\u00f3i \u00d6nkorm\u00e1nyzat E-learning csapata"},"content":{"rendered":"<p style=\"text-align: center\"><img loading=\"lazy\" decoding=\"async\" class=\"wp-image-10596 aligncenter\" src=\"https:\/\/semmelweis.hu\/hok\/files\/2021\/01\/250-b\u00e9lyegz\u0151-300x198.png\" alt=\"\" width=\"212\" height=\"140\" srcset=\"https:\/\/semmelweis.hu\/hok\/files\/2021\/01\/250-b\u00e9lyegz\u0151-300x198.png 300w, https:\/\/semmelweis.hu\/hok\/files\/2021\/01\/250-b\u00e9lyegz\u0151-203x135.png 203w, https:\/\/semmelweis.hu\/hok\/files\/2021\/01\/250-b\u00e9lyegz\u0151.png 350w\" sizes=\"auto, (max-width: 212px) 100vw, 212px\" \/><\/p>\n<p style=\"text-align: center\"><span style=\"font-size: 18pt\"><strong>A Hallgat\u00f3i \u00d6nkorm\u00e1nyzat E-learning csapata<\/strong><\/span><\/p>\n<p style=\"text-align: justify\">\u00a0<\/p>\n<p style=\"text-align: justify\">Csapatunk a H\u00d6K keret\u00e9ben 2020 m\u00e1rcius\u00e1ban j\u00f6tt l\u00e9tre, \u00e9s kezdte meg m\u0171k\u00f6d\u00e9s\u00e9t.<\/p>\n<p style=\"text-align: justify\">Kit\u0171z\u00f6tt c\u00e9ljaink:\u202f\u00a0<\/p>\n<ol style=\"text-align: justify\">\n<li>\n<p>T\u00e1mogat\u00e1s a hallgat\u00f3k sz\u00e1m\u00e1ra, ha technikai\/bel\u00e9p\u00e9si gondjuk akad az egyetemi\u202fE-learning\u202frendszer haszn\u00e1lata sor\u00e1n. Seg\u00edts\u00e9g ny\u00fajt\u00e1s az online fel\u00fcletek haszn\u00e1lat\u00e1b\u00f3l \u00e9s m\u0171k\u00f6d\u00e9s\u00e9b\u0151l fakad\u00f3 neh\u00e9zs\u00e9gekben, \u00edgy azok kev\u00e9sb\u00e9 h\u00e1rulnak az oktat\u00f3kra \u00e9s az\u202fE-learning kapcsolattart\u00f3kra.\u202f\u00a0<\/p>\n<\/li>\n<li>\n<p>Ig\u00e9ny szerinti seg\u00edts\u00e9gny\u00fajt\u00e1s az int\u00e9zeti\u202fMoodle\u202fkapcsolattart\u00f3knak az\u202fE-learning\u202frendszer m\u0171k\u00f6dtet\u00e9se \u00e9rdek\u00e9ben, a hallgat\u00f3i tapasztalatok alapj\u00e1n.\u202f<\/p>\n<\/li>\n<li>\n<p>Kari szint\u0171 akut probl\u00e9m\u00e1k elh\u00e1r\u00edt\u00e1sa, az \u00e9vfolyamok online oktat\u00e1ssal val\u00f3 el\u00e9gedetts\u00e9g\u00e9nek monitoroz\u00e1sa \u00e9vfolyamfelel\u0151s\u00f6k\u00f6n kereszt\u00fcl.<\/p>\n<\/li>\n<li>\n<p>Akut teend\u0151k\u00f6n t\u00fal tov\u00e1bbi tervek kidolgoz\u00e1sa, mint probl\u00e9mamegel\u0151z\u00e9s, online oktat\u00e1s t\u00e1mogat\u00f3i \u00e9s fejleszt\u00e9si lehet\u0151s\u00e9gei; tov\u00e1bb\u00e1 hallgat\u00f3i, egyetemi \u00e9s oktat\u00f3i ig\u00e9nyek lehet\u0151s\u00e9g szerinti megval\u00f3s\u00edt\u00e1s\u00e1ra val\u00f3 t\u00f6rekv\u00e9s.<\/p>\n<\/li>\n<\/ol>\n<p style=\"text-align: justify\">\u00a0<\/p>\n<p style=\"text-align: justify\">Els\u0151dleges c\u00e9lunk, hogy seg\u00edts\u00fck mind az Oktat\u00f3kat \u00e9s Int\u00e9zeteket, mind pedig kezet ny\u00fajtsunk a Semmelweis Egyetem hallgat\u00f3s\u00e1g\u00e1nak is.\u00a0<br \/>\n\u00a0<\/p>\n<p style=\"text-align: justify\"><strong>K\u00e9r\u00fcnk Titeket, hogy bizalommal forduljatok a\u00a0szervezeti egys\u00e9ghez kijel\u00f6lt hallgat\u00f3i t\u00e1mogat\u00f3hoz\u00a0a felmer\u00fcl\u0151 k\u00e9rd\u00e9sekkel,\u00a0\u00e9s az esetleges aggodalmakkal egyar\u00e1nt.<\/strong>\u00a0<\/p>\n<p style=\"text-align: justify\"><img loading=\"lazy\" decoding=\"async\" class=\"size-medium wp-image-10628 aligncenter\" src=\"https:\/\/semmelweis.hu\/hok\/files\/2021\/02\/csapat-300x222.png\" alt=\"\" width=\"300\" height=\"222\" srcset=\"https:\/\/semmelweis.hu\/hok\/files\/2021\/02\/csapat-300x222.png 300w, https:\/\/semmelweis.hu\/hok\/files\/2021\/02\/csapat-1024x758.png 1024w, https:\/\/semmelweis.hu\/hok\/files\/2021\/02\/csapat-768x568.png 768w, https:\/\/semmelweis.hu\/hok\/files\/2021\/02\/csapat-753x557.png 753w, https:\/\/semmelweis.hu\/hok\/files\/2021\/02\/csapat.png 1069w\" sizes=\"auto, (max-width: 300px) 100vw, 300px\" \/><br \/>\nA Csapat tagjai, kari E-learning felel\u0151s\u00f6k<\/p>\n<ul>\n<li style=\"text-align: justify\">\u00c1OK:\n<ul>\n<li>M\u00f3ri Szabolcs \u00a0\n<ul>\n<li><a href=\"mailto:mori.szabolcs@stud.semmelweis.hu\"><span lang=\"HU\">mori.szabolcs@stud.semmelweis.hu<\/span><\/a><\/li>\n<\/ul>\n<\/li>\n<\/ul>\n<\/li>\n<li>FOK:\n<ul>\n<li>Somodi Krist\u00f3f \u00a0\u00a0\u00a0\u00a0\u00a0\n<ul>\n<li><span lang=\"HU\"><a href=\"mailto:kristf.somodi@gmail.com\">kristf.somodi@gmail.com<\/a><\/span><\/li>\n<\/ul>\n<\/li>\n<\/ul>\n<\/li>\n<li>GYTK:\n<ul>\n<li>Nagy Tam\u00e1s\u00a0\u00a0\u00a0\u00a0\u00a0\u00a0\u00a0\u00a0\u00a0\u00a0\u00a0\n<ul>\n<li><a href=\"mailto:trommy0016@gmail.com\">trommy0016@gmail.com<\/a><\/li>\n<\/ul>\n<\/li>\n<\/ul>\n<\/li>\n<li>ETK:\n<ul>\n<li>Keskeny Anna\n<ul>\n<li><a href=\"mailto:keskeny.anna@gmail.com\"><span lang=\"HU\">keskeny.anna@gmail.com<\/span><\/a><\/li>\n<\/ul>\n<\/li>\n<li>Varga Loretta\n<ul>\n<li><a href=\"mailto:lorettav013@gmail.com\">lorettav013@gmail.com<\/a><\/li>\n<\/ul>\n<\/li>\n<\/ul>\n<\/li>\n<li>PAK:\n<ul>\n<li>Karakas Kolina \u00a0\u00a0\u00a0\u00a0\u00a0\n<ul>\n<li><span lang=\"HU\"><a href=\"mailto:karakas.kolina@gmail.com\">karakas.kolina@gmail.com<\/a><\/span><\/li>\n<\/ul>\n<\/li>\n<\/ul>\n<\/li>\n<li>EKK:\n<ul>\n<li>Kov\u00e1cs Bal\u00e1zs \u00a0\u00a0\u00a0\u00a0\u00a0\u00a0\n<ul>\n<li><span lang=\"HU\"><a href=\"mailto:bala.kovacs.99@gmail.com\">bala.kovacs.99@gmail.com<\/a><\/span><\/li>\n<\/ul>\n<\/li>\n<\/ul>\n<\/li>\n<li>E-learning\u00e9rt felel\u0151s eln\u00f6ki megb\u00edzott:\u00a0\n<ul>\n<li>Keskeny Gy\u00f6rgy \u00c1rp\u00e1d\n<ul>\n<li><span lang=\"HU\"><a href=\"mailto:keskeny.gyorgy@stud.semmelweis.hu\">keskeny.gyorgy@stud.semmelweis.hu<\/a><\/span><\/li>\n<\/ul>\n<\/li>\n<\/ul>\n<\/li>\n<\/ul>\n<p style=\"text-align: justify\"><strong>El\u00e9rhet\u0151s\u00e9geink:<\/strong><\/p>\n<ul>\n<li>Hallgat\u00f3i \u00d6nkorm\u00e1nyzat Oktat\u00e1si Bizotts\u00e1gi email c\u00edme:\n<ul>\n<li><a href=\"mailto:hok.oktatas@semmelweis-univ.hu\">hok.oktatas@semmelweis-univ.hu<\/a><\/li>\n<\/ul>\n<\/li>\n<li style=\"text-align: justify\">H\u00d6K Messenger &#8211;<a href=\"https:\/\/www.facebook.com\/studentsofsemmelweis\">Semmelweis Egyetem Hallgat\u00f3i \u00d6nkorm\u00e1nyzat | Facebook<\/a><\/li>\n<\/ul>\n","protected":false},"excerpt":{"rendered":"<p>A Hallgat\u00f3i \u00d6nkorm\u00e1nyzat E-learning csapata \u00a0 Csapatunk a H\u00d6K keret\u00e9ben 2020 m\u00e1rcius\u00e1ban j\u00f6tt l\u00e9tre, \u00e9s kezdte meg m\u0171k\u00f6d\u00e9s\u00e9t. Kit\u0171z\u00f6tt c\u00e9ljaink:\u202f\u00a0 T\u00e1mogat\u00e1s a hallgat\u00f3k sz\u00e1m\u00e1ra, ha technikai\/bel\u00e9p\u00e9si gondjuk akad az egyetemi\u202fE-learning\u202frendszer haszn\u00e1lata sor\u00e1n. Seg\u00edts\u00e9g ny\u00fajt\u00e1s az online fel\u00fcletek haszn\u00e1lat\u00e1b\u00f3l \u00e9s m\u0171k\u00f6d\u00e9s\u00e9b\u0151l fakad\u00f3 neh\u00e9zs\u00e9gekben, \u00edgy azok kev\u00e9sb\u00e9 h\u00e1rulnak az oktat\u00f3kra \u00e9s az\u202fE-learning kapcsolattart\u00f3kra.\u202f\u00a0 Ig\u00e9ny szerinti seg\u00edts\u00e9gny\u00fajt\u00e1s az &hellip;<\/p>\n","protected":false},"author":101512,"featured_media":10628,"comment_status":"closed","ping_status":"closed","sticky":false,"template":"","format":"standard","meta":{"_acf_changed":false,"footnotes":""},"categories":[5],"tags":[294],"class_list":["post-10626","post","type-post","status-publish","format-standard","has-post-thumbnail","hentry","category-hirek","tag-e-learning"],"acf":[],"publishpress_future_action":{"enabled":false,"date":"1970-01-01 01:00:00","action":"","terms":[],"taxonomy":"","browser_timezone_offset":0},"_links":{"self":[{"href":"https:\/\/semmelweis.hu\/hok\/wp-json\/wp\/v2\/posts\/10626","targetHints":{"allow":["GET"]}}],"collection":[{"href":"https:\/\/semmelweis.hu\/hok\/wp-json\/wp\/v2\/posts"}],"about":[{"href":"https:\/\/semmelweis.hu\/hok\/wp-json\/wp\/v2\/types\/post"}],"author":[{"embeddable":true,"href":"https:\/\/semmelweis.hu\/hok\/wp-json\/wp\/v2\/users\/101512"}],"replies":[{"embeddable":true,"href":"https:\/\/semmelweis.hu\/hok\/wp-json\/wp\/v2\/comments?post=10626"}],"version-history":[{"count":4,"href":"https:\/\/semmelweis.hu\/hok\/wp-json\/wp\/v2\/posts\/10626\/revisions"}],"predecessor-version":[{"id":10651,"href":"https:\/\/semmelweis.hu\/hok\/wp-json\/wp\/v2\/posts\/10626\/revisions\/10651"}],"wp:featuredmedia":[{"embeddable":true,"href":"https:\/\/semmelweis.hu\/hok\/wp-json\/wp\/v2\/media\/10628"}],"wp:attachment":[{"href":"https:\/\/semmelweis.hu\/hok\/wp-json\/wp\/v2\/media?parent=10626"}],"wp:term":[{"taxonomy":"category","embeddable":true,"href":"https:\/\/semmelweis.hu\/hok\/wp-json\/wp\/v2\/categories?post=10626"},{"taxonomy":"post_tag","embeddable":true,"href":"https:\/\/semmelweis.hu\/hok\/wp-json\/wp\/v2\/tags?post=10626"}],"curies":[{"name":"wp","href":"https:\/\/api.w.org\/{rel}","templated":true}]}}