{"id":10526,"date":"2020-12-11T22:25:55","date_gmt":"2020-12-11T21:25:55","guid":{"rendered":"https:\/\/semmelweis.hu\/hok\/?p=10526"},"modified":"2020-12-11T22:25:55","modified_gmt":"2020-12-11T21:25:55","slug":"szerdan-zarul-a-kuldottgyules-2020-as-valasztasa","status":"publish","type":"post","link":"https:\/\/semmelweis.hu\/hok\/2020\/12\/11\/szerdan-zarul-a-kuldottgyules-2020-as-valasztasa\/","title":{"rendered":"Szerd\u00e1n z\u00e1rul a K\u00fcld\u00f6ttgy\u0171l\u00e9s 2020-as v\u00e1laszt\u00e1sa"},"content":{"rendered":"<p>A V\u00e1laszt\u00e1si K\u00e9pvisel\u0151 d\u00f6nt\u00f6tt <a href=\"https:\/\/drive.google.com\/file\/d\/1UdOEuc_S2H3duK5gCTEA594DcR7Yn6Aj\/view\">a 2020-as k\u00fcld\u00f6ttgy\u0171l\u00e9si v\u00e1laszt\u00e1s szavaz\u00e1si id\u0151szak\u00e1nak v\u00e9g\u00e9r\u0151l<\/a>.<\/p>\n<p><strong>A v\u00e1laszt\u00e1s 2020. december 16-\u00e1n 23:59-kor z\u00e1rul<\/strong>, eddig tudj\u00e1tok leadni a szavazatotokat a Neptun UniPoll Rendszer\u00e9n kereszt\u00fcl.<\/p>\n","protected":false},"excerpt":{"rendered":"<p>A V\u00e1laszt\u00e1si K\u00e9pvisel\u0151 d\u00f6nt\u00f6tt <a href=\"https:\/\/drive.google.com\/file\/d\/1UdOEuc_S2H3duK5gCTEA594DcR7Yn6Aj\/view\">a 2020-as k\u00fcld\u00f6ttgy\u0171l\u00e9si v\u00e1laszt\u00e1s szavaz\u00e1si id\u0151szak\u00e1nak v\u00e9g\u00e9r\u0151l<\/a>.<br \/>\nA v\u00e1laszt\u00e1s 2020. december 16-\u00e1n 23:59-kor z\u00e1rul, eddig tudj\u00e1tok leadni a szavazatotokat a Neptun UniPoll Rendszer\u00e9n kereszt\u00fcl.<\/p>\n","protected":false},"author":101673,"featured_media":10193,"comment_status":"closed","ping_status":"closed","sticky":false,"template":"","format":"standard","meta":{"_acf_changed":false,"footnotes":""},"categories":[5],"tags":[199,147],"class_list":["post-10526","post","type-post","status-publish","format-standard","has-post-thumbnail","hentry","category-hirek","tag-kuldottgyules","tag-valasztas"],"acf":[],"publishpress_future_action":{"enabled":false,"date":"1970-01-01 01:00:00","action":"","terms":[],"taxonomy":"","browser_timezone_offset":0},"_links":{"self":[{"href":"https:\/\/semmelweis.hu\/hok\/wp-json\/wp\/v2\/posts\/10526","targetHints":{"allow":["GET"]}}],"collection":[{"href":"https:\/\/semmelweis.hu\/hok\/wp-json\/wp\/v2\/posts"}],"about":[{"href":"https:\/\/semmelweis.hu\/hok\/wp-json\/wp\/v2\/types\/post"}],"author":[{"embeddable":true,"href":"https:\/\/semmelweis.hu\/hok\/wp-json\/wp\/v2\/users\/101673"}],"replies":[{"embeddable":true,"href":"https:\/\/semmelweis.hu\/hok\/wp-json\/wp\/v2\/comments?post=10526"}],"version-history":[{"count":1,"href":"https:\/\/semmelweis.hu\/hok\/wp-json\/wp\/v2\/posts\/10526\/revisions"}],"predecessor-version":[{"id":10528,"href":"https:\/\/semmelweis.hu\/hok\/wp-json\/wp\/v2\/posts\/10526\/revisions\/10528"}],"wp:featuredmedia":[{"embeddable":true,"href":"https:\/\/semmelweis.hu\/hok\/wp-json\/wp\/v2\/media\/10193"}],"wp:attachment":[{"href":"https:\/\/semmelweis.hu\/hok\/wp-json\/wp\/v2\/media?parent=10526"}],"wp:term":[{"taxonomy":"category","embeddable":true,"href":"https:\/\/semmelweis.hu\/hok\/wp-json\/wp\/v2\/categories?post=10526"},{"taxonomy":"post_tag","embeddable":true,"href":"https:\/\/semmelweis.hu\/hok\/wp-json\/wp\/v2\/tags?post=10526"}],"curies":[{"name":"wp","href":"https:\/\/api.w.org\/{rel}","templated":true}]}}