{"id":10455,"date":"2020-11-13T21:34:51","date_gmt":"2020-11-13T20:34:51","guid":{"rendered":"https:\/\/semmelweis.hu\/hok\/?p=10455"},"modified":"2020-11-13T21:34:51","modified_gmt":"2020-11-13T20:34:51","slug":"dontes-a-kuldottgyules-2020-as-valasztasanak-palyazatairol","status":"publish","type":"post","link":"https:\/\/semmelweis.hu\/hok\/2020\/11\/13\/dontes-a-kuldottgyules-2020-as-valasztasanak-palyazatairol\/","title":{"rendered":"D\u00f6nt\u00e9s a K\u00fcld\u00f6ttgy\u0171l\u00e9s 2020-as v\u00e1laszt\u00e1s\u00e1nak p\u00e1ly\u00e1zatair\u00f3l"},"content":{"rendered":"<p>A V\u00e1laszt\u00e1si K\u00e9pvisel\u0151 megvizsg\u00e1lta a 2020-as k\u00fcld\u00f6ttgy\u0171l\u00e9si v\u00e1laszt\u00e1sra be\u00e9rkezett p\u00e1ly\u00e1zatokat. Az <a href=\"https:\/\/semmelweis.hu\/hok\/files\/2020\/07\/%C3%BAj_H%C3%96K_Alapszab%C3%A1ly.pdf\">Alapszab\u00e1lyban<\/a> r\u00f6gz\u00edtettek alapj\u00e1n <a href=\"https:\/\/drive.google.com\/file\/d\/13Lc3345VSJQAMc849VD_3z0finhwb0aL\/view\">a k\u00f6vetkez\u0151 d\u00f6nt\u00e9st hozta<\/a>.<\/p>\n<p>&nbsp;<\/p>\n<p>A ki\u00edr\u00e1snak \u00e9s az Alapszab\u00e1lynak megfelel\u0151 p\u00e1ly\u00e1zatot ny\u00fajtott be, \u00edgy a k\u00fcld\u00f6ttgy\u0171l\u00e9si v\u00e1laszt\u00e1son jel\u00f6ltk\u00e9nt nyilv\u00e1ntart\u00e1sba veszi az al\u00e1bbi hallgat\u00f3kat:<\/p>\n<p><a href=\"https:\/\/drive.google.com\/file\/d\/1J-xBekisoyvH4fIf43jOTkwuF76znm8L\/view\"><strong>Aldubai-Mohamed Mo\u00e1d<\/strong><\/a><br \/>\n<a href=\"https:\/\/drive.google.com\/file\/d\/1-dLz47IDMLxMP5-tBtRwL5SKX_RPCjos\/view\"><strong>Amirreza Alijanpourotaghsara<\/strong><\/a><br \/>\n<a href=\"https:\/\/drive.google.com\/file\/d\/1igRiJs-x9rOxvVmB0KpTXZ9vzopJV0Fb\/view\"><strong>Artner Anna<\/strong><\/a><br \/>\n<a href=\"https:\/\/drive.google.com\/file\/d\/1UWc6DH7J_Fz4HvCl-CA0Nqf5wvvXtaI0\/view\"><strong>Besenczi Benedek<\/strong><\/a><br \/>\n<a href=\"https:\/\/drive.google.com\/file\/d\/1vSw3Yir7pkrtroA30JlJx35nZLN1LjqA\/view\"><strong>Gecsey R\u00e9ka Csenge<\/strong><\/a><br \/>\n<a href=\"https:\/\/drive.google.com\/file\/d\/19qxslGux3ymUagKBXu4iMeOoF3PkNLhO\/view\"><strong>Keskeny Gy\u00f6rgy \u00c1rp\u00e1d<\/strong><\/a><br \/>\n<a href=\"https:\/\/drive.google.com\/file\/d\/18LBoBPuRyCY-gunhSSTqYvmgq6MEMtNM\/view\"><strong>Kreuter Patrik Kriszti\u00e1n<\/strong><\/a><br \/>\n<a href=\"https:\/\/drive.google.com\/file\/d\/1xgiYe_UNFjR4LqpMaYeuaj1YTl7jG-l8\/view\"><strong>Lumniczky Zal\u00e1n<\/strong><\/a><br \/>\n<a href=\"https:\/\/drive.google.com\/file\/d\/1cFzO5u5No1QBiJUyc2lmyj4g31YqQrtl\/view\"><strong>Maria Veloudo Mitropoulou<\/strong><\/a><br \/>\n<a href=\"https:\/\/drive.google.com\/file\/d\/1cZnthZx32Qw50aikGYYBumIS4ZwaUV5g\/view?usp=sharing\"><strong>M\u00f3ri Szabolcs<\/strong><\/a><br \/>\n<a href=\"https:\/\/drive.google.com\/file\/d\/1tnJKBXngHMoRiMX_ECC4xLCcXIKOnZ0D\/view\"><strong>N\u00e9met Dorottya<\/strong><\/a><br \/>\n<a href=\"https:\/\/drive.google.com\/file\/d\/1wlRxLb1ug5y2YIjkMkwUkyyTfRXwwNWU\/view\"><strong>Palot\u00e1s L\u0151rinc<\/strong><\/a><br \/>\n<a href=\"https:\/\/drive.google.com\/file\/d\/1hz9SVCJdInBWpkuejiGWZYwSv6IEFPHC\/view\"><strong>Shayan Salehi Hajivandi<\/strong><\/a><br \/>\n<a href=\"https:\/\/drive.google.com\/file\/d\/1ducDiAwlL48Evo0uHAvZxc-q4_sOhdkb\/view\"><strong>Stubnya J\u00e1nos Domonkos<\/strong><\/a><br \/>\n<a href=\"https:\/\/drive.google.com\/file\/d\/1t--pYUE4YpGMIJ3NTrjVaZAAUzqadMTX\/view\"><strong>Tolvaj M\u00e1t\u00e9<\/strong><\/a><br \/>\n<a href=\"https:\/\/drive.google.com\/file\/d\/1CUTBBj20WRJafA9IqUaFUB48D2Ts30Rj\/view\"><strong>V\u00f6lcsei Norbert<\/strong><\/a><br \/>\n<a href=\"https:\/\/drive.google.com\/file\/d\/1jvinPQBKfbM7ywgE5sLvKJzBmtc4NdVx\/view\"><strong>Winklern\u00e9 Papp Anni Juli\u00e1nna<\/strong><\/a><\/p>\n<p>\nNem megfelel\u0151 p\u00e1ly\u00e1zatot ny\u00fajtott be, ez\u00e9rt a k\u00fcld\u00f6ttgy\u0171l\u00e9si v\u00e1laszt\u00e1son nem veszi jel\u00f6ltk\u00e9nt nyilv\u00e1ntart\u00e1sba az al\u00e1bbi hallgat\u00f3t:<\/p>\n<p><strong>Magyar Krist\u00f3f<\/strong> (A V\u00e1laszt\u00e1si szab\u00e1lyzat 4. paragrafus (3) pontban megadottak szerint sz\u00fcks\u00e9ges az aj\u00e1nl\u00f3\u00edv fejl\u00e9c\u00e9t kit\u00f6lteni. A hallgat\u00f3 ezt figyelmen k\u00edv\u00fcl hagyta, a p\u00e1ly\u00e1zata \u00edgy nem elfogadhat\u00f3.)<\/p>\n<p>&nbsp;<\/p>\n<p><strong>Jogorvoslat rendje:<\/strong><br \/>\nA V\u00e1laszt\u00e1si szab\u00e1lyzat 21. paragrafusa \u00e9rtelm\u00e9ben a hat\u00e1rozattal szemben jogorvoslati k\u00e9relmet lehet beterjeszteni. A jogorvoslati k\u00e9relmet, az indokl\u00e1st \u00e9s a k\u00e9relmet al\u00e1t\u00e1maszt\u00f3 bizony\u00edt\u00e9kokat a d\u00f6nt\u00e9s k\u00f6zz\u00e9t\u00e9tel\u00e9t k\u00f6vet\u0151 3. munkanapon (2020. november 18.) 15:00 \u00f3r\u00e1ig a Hallgat\u00f3i Irod\u00e1ban szem\u00e9lyesen lehet beny\u00fajtani az SE H\u00d6K Titk\u00e1rnak c\u00edmezve. K\u00f6zz\u00e9t\u00e9telnek min\u0151s\u00fcl a jel\u00f6lt nyilv\u00e1nos t\u00e1j\u00e9koztat\u00e1sa a NEPTUN Rendszerben vagy a H\u00d6K honlapj\u00e1n kereszt\u00fcl. Jogorvoslati k\u00e9relem hi\u00e1ny\u00e1ban a d\u00f6nt\u00e9s a hat\u00e1rid\u0151 eltelt\u00e9vel v\u00e9glegess\u00e9 v\u00e1lik.<br \/>\nA fellebbez\u00e9sek lead\u00e1s\u00e1nak hat\u00e1rideje <strong>2020. november 18. 15:00 \u00f3ra<\/strong>.<br \/>\nAz irod\u00e1ban t\u00f6rt\u00e9n\u0151 lead\u00e1s id\u0151pontja munkanapokon 8:00-15:00 \u00f3ra.<\/p>\n<p>&nbsp;<\/p>\n<p>A szavaz\u00e1si id\u0151szak id\u0151tartama legal\u00e1bb 5 munkanap. A szavaz\u00e1si id\u0151szak legkor\u00e1bban a jel\u00f6l\u0151 id\u0151szak lej\u00e1rta ut\u00e1ni 8. napon, legk\u00e9s\u0151bb az azt k\u00f6vet\u0151 10. napon kezd\u0151dik, amely napon a legutols\u00f3 nyilv\u00e1ntart\u00e1sba v\u00e9teli d\u00f6nt\u00e9s is v\u00e9glegess\u00e9 v\u00e1lt. A szavaz\u00e1si id\u0151szak kezdet\u00e9t a V\u00e1laszt\u00e1si K\u00e9pvisel\u0151 legk\u00e9s\u0151bb az azt k\u00f6vet\u0151 2. munkanapon meg\u00e1llap\u00edtja, amely napon a legutols\u00f3 nyilv\u00e1ntart\u00e1sba v\u00e9teli d\u00f6nt\u00e9s is v\u00e9glegess\u00e9 v\u00e1lt.<\/p>\n<p>&nbsp;<\/p>\n<p>A v\u00e1laszt\u00e1ssal kapcsolatban felmer\u00fcl\u0151 k\u00e9rd\u00e9s eset\u00e9n forduljatok bizalommal a V\u00e1laszt\u00e1si K\u00e9pvisel\u0151h\u00f6z vagy a Titk\u00e1rhoz a <a href=\"mailto:hok.vb@semmelweis-univ.hu\">hok.vb@semmelweis-univ.hu<\/a> e-mail-c\u00edmen.<\/p>\n","protected":false},"excerpt":{"rendered":"<p>A V\u00e1laszt\u00e1si K\u00e9pvisel\u0151 megvizsg\u00e1lta a 2020-as k\u00fcld\u00f6ttgy\u0171l\u00e9si v\u00e1laszt\u00e1sra be\u00e9rkezett p\u00e1ly\u00e1zatokat. Az <a href=\"https:\/\/semmelweis.hu\/hok\/files\/2020\/07\/%C3%BAj_H%C3%96K_Alapszab%C3%A1ly.pdf\">Alapszab\u00e1lyban<\/a> r\u00f6gz\u00edtettek alapj\u00e1n <a href=\"https:\/\/drive.google.com\/file\/d\/13Lc3345VSJQAMc849VD_3z0finhwb0aL\/view\">a k\u00f6vetkez\u0151 d\u00f6nt\u00e9st hozta<\/a> . &nbsp; A ki\u00edr\u00e1snak \u00e9s az Alapszab\u00e1lynak megfelel\u0151 p\u00e1ly\u00e1zatot ny\u00fajtott be, \u00edgy a k\u00fcld\u00f6ttgy\u0171l\u00e9si v\u00e1laszt\u00e1son jel\u00f6ltk\u00e9nt nyilv\u00e1ntart\u00e1sba veszi az al\u00e1bbi hallgat\u00f3kat: <a href=\"https:\/\/drive.google.com\/file\/d\/1J-xBekisoyvH4fIf43jOTkwuF76znm8L\/view\">Aldubai-Mohamed Mo\u00e1d<\/a> <a href=\"https:\/\/drive.google.com\/file\/d\/1-dLz47IDMLxMP5-tBtRwL5SKX_RPCjos\/view\">Amirreza Alijanpourotaghsara<\/a> <a href=\"https:\/\/drive.google.com\/file\/d\/1igRiJs-x9rOxvVmB0KpTXZ9vzopJV0Fb\/view\">Artner Anna<\/a> <a href=\"https:\/\/drive.google.com\/file\/d\/1UWc6DH7J_Fz4HvCl-CA0Nqf5wvvXtaI0\/view\">Besenczi Benedek<\/a> <a href=\"https:\/\/drive.google.com\/file\/d\/1vSw3Yir7pkrtroA30JlJx35nZLN1LjqA\/view\">Gecsey R\u00e9ka Csenge<\/a> <a href=\"https:\/\/drive.google.com\/file\/d\/19qxslGux3ymUagKBXu4iMeOoF3PkNLhO\/view\">Keskeny Gy\u00f6rgy \u00c1rp\u00e1d<\/a> <a href=\"https:\/\/drive.google.com\/file\/d\/18LBoBPuRyCY-gunhSSTqYvmgq6MEMtNM\/view\">Kreuter Patrik Kriszti\u00e1n<\/a> <a href=\"https:\/\/drive.google.com\/file\/d\/1xgiYe_UNFjR4LqpMaYeuaj1YTl7jG-l8\/view\">Lumniczky Zal\u00e1n<\/a> <a href=\"https:\/\/drive.google.com\/file\/d\/1cFzO5u5No1QBiJUyc2lmyj4g31YqQrtl\/view\">Maria Veloudo Mitropoulou<\/a> <a href=\"https:\/\/drive.google.com\/file\/d\/1cZnthZx32Qw50aikGYYBumIS4ZwaUV5g\/view?usp=sharing\">M\u00f3ri Szabolcs<\/a> <a href=\"https:\/\/drive.google.com\/file\/d\/1tnJKBXngHMoRiMX_ECC4xLCcXIKOnZ0D\/view\">N\u00e9met Dorottya<\/a> <a href=\"https:\/\/drive.google.com\/file\/d\/1wlRxLb1ug5y2YIjkMkwUkyyTfRXwwNWU\/view\">Palot\u00e1s L\u0151rinc<\/a> <a href=\"https:\/\/drive.google.com\/file\/d\/1hz9SVCJdInBWpkuejiGWZYwSv6IEFPHC\/view\">Shayan Salehi Hajivandi<\/a> <a href=\"https:\/\/drive.google.com\/file\/d\/1ducDiAwlL48Evo0uHAvZxc-q4_sOhdkb\/view\">Stubnya J\u00e1nos Domonkos<\/a> <a href=\"https:\/\/drive.google.com\/file\/d\/1t--pYUE4YpGMIJ3NTrjVaZAAUzqadMTX\/view\">Tolvaj M\u00e1t\u00e9<\/a> <a href=\"https:\/\/drive.google.com\/file\/d\/1CUTBBj20WRJafA9IqUaFUB48D2Ts30Rj\/view\">V\u00f6lcsei Norbert<\/a> <a href=\"https:\/\/drive.google.com\/file\/d\/1jvinPQBKfbM7ywgE5sLvKJzBmtc4NdVx\/view\">Winklern\u00e9 Papp Anni Juli\u00e1nna<\/a> Nem megfelel\u0151 p\u00e1ly\u00e1zatot ny\u00fajtott be, ez\u00e9rt a k\u00fcld\u00f6ttgy\u0171l\u00e9si v\u00e1laszt\u00e1son nem veszi jel\u00f6ltk\u00e9nt nyilv\u00e1ntart\u00e1sba az al\u00e1bbi hallgat\u00f3t: Magyar Krist\u00f3f (A V\u00e1laszt\u00e1si szab\u00e1lyzat &hellip;<\/p>\n","protected":false},"author":101673,"featured_media":10193,"comment_status":"closed","ping_status":"closed","sticky":false,"template":"","format":"standard","meta":{"_acf_changed":false,"footnotes":""},"categories":[5],"tags":[147],"class_list":["post-10455","post","type-post","status-publish","format-standard","has-post-thumbnail","hentry","category-hirek","tag-valasztas"],"acf":[],"publishpress_future_action":{"enabled":false,"date":"1970-01-01 01:00:00","action":"","terms":[],"taxonomy":"","browser_timezone_offset":0},"_links":{"self":[{"href":"https:\/\/semmelweis.hu\/hok\/wp-json\/wp\/v2\/posts\/10455","targetHints":{"allow":["GET"]}}],"collection":[{"href":"https:\/\/semmelweis.hu\/hok\/wp-json\/wp\/v2\/posts"}],"about":[{"href":"https:\/\/semmelweis.hu\/hok\/wp-json\/wp\/v2\/types\/post"}],"author":[{"embeddable":true,"href":"https:\/\/semmelweis.hu\/hok\/wp-json\/wp\/v2\/users\/101673"}],"replies":[{"embeddable":true,"href":"https:\/\/semmelweis.hu\/hok\/wp-json\/wp\/v2\/comments?post=10455"}],"version-history":[{"count":2,"href":"https:\/\/semmelweis.hu\/hok\/wp-json\/wp\/v2\/posts\/10455\/revisions"}],"predecessor-version":[{"id":10457,"href":"https:\/\/semmelweis.hu\/hok\/wp-json\/wp\/v2\/posts\/10455\/revisions\/10457"}],"wp:featuredmedia":[{"embeddable":true,"href":"https:\/\/semmelweis.hu\/hok\/wp-json\/wp\/v2\/media\/10193"}],"wp:attachment":[{"href":"https:\/\/semmelweis.hu\/hok\/wp-json\/wp\/v2\/media?parent=10455"}],"wp:term":[{"taxonomy":"category","embeddable":true,"href":"https:\/\/semmelweis.hu\/hok\/wp-json\/wp\/v2\/categories?post=10455"},{"taxonomy":"post_tag","embeddable":true,"href":"https:\/\/semmelweis.hu\/hok\/wp-json\/wp\/v2\/tags?post=10455"}],"curies":[{"name":"wp","href":"https:\/\/api.w.org\/{rel}","templated":true}]}}