{"id":10439,"date":"2020-11-10T22:26:11","date_gmt":"2020-11-10T21:26:11","guid":{"rendered":"https:\/\/semmelweis.hu\/hok\/?p=10439"},"modified":"2020-11-10T22:26:12","modified_gmt":"2020-11-10T21:26:12","slug":"jo-tanulo-jo-sportolo-palyazat","status":"publish","type":"post","link":"https:\/\/semmelweis.hu\/hok\/2020\/11\/10\/jo-tanulo-jo-sportolo-palyazat\/","title":{"rendered":"J\u00f3 Tanul\u00f3 \u2013 J\u00f3 Sportol\u00f3 p\u00e1ly\u00e1zat"},"content":{"rendered":"<p>A Semmelweis Egyetem Testnevel\u00e9si \u00e9s Sportk\u00f6zpont p\u00e1ly\u00e1zatot hirdetett a \u201e<em>J\u00f3 tanul\u00f3 \u2013 J\u00f3 sportol\u00f3\u201d<\/em> kit\u00fcntet\u00e9s d\u00edjainak elnyer\u00e9s\u00e9re.<\/p>\n<p>&nbsp;<\/p>\n<p><strong>A p\u00e1ly\u00e1zat beny\u00fajt\u00e1s\u00e1nak felt\u00e9telei:<\/strong><\/p>\n<p>(1) A kit\u00fcntet\u00e9st az a Semmelweis Egyetem beiratkozott nappali tagozatos, gradu\u00e1lis k\u00e9pz\u00e9sben r\u00e9szvev\u0151 hallgat\u00f3ja kaphatja, aki<\/p>\n<p>a) a p\u00e1ly\u00e1z\u00e1si ki\u00edr\u00e1st megel\u0151z\u0151 k\u00e9t szemeszterben 4.00 vagy enn\u00e9l magasabb s\u00falyozott tanulm\u00e1nyi \u00e1tlaggal rendelkezik,<\/p>\n<p>b) tanulm\u00e1nyi el\u00e9gtelens\u00e9g miatt nem ism\u00e9telt \u00e9vet,<\/p>\n<p>c) fegyelmi b\u00fcntet\u00e9s hat\u00e1lya alatt nem \u00e1ll illetve nem \u00e1llt,<\/p>\n<p>d) a p\u00e1ly\u00e1zati ki\u00edr\u00e1st megel\u0151z\u0151 k\u00e9t tanulm\u00e1nyi szemeszterben a 2. mell\u00e9kletben felsorolt sportbeli k\u00f6vetelm\u00e9nyek valamelyik\u00e9b\u0151l dokument\u00e1ltan teljes\u00edtett, \u00e9s<\/p>\n<p>e) a p\u00e1ly\u00e1zati ki\u00edr\u00e1st megel\u0151z\u0151 k\u00e9t tanulm\u00e1nyi szemeszterben a 2. mell\u00e9kletben felsorolt tudom\u00e1nyos munk\u00e1ban dokument\u00e1ltan teljes\u00edtett.<\/p>\n<p>&nbsp;<\/p>\n<p><strong>A p\u00e1ly\u00e1zatnak tartalmaznia kell:<\/strong><\/p>\n<ol>\n<li>a p\u00e1ly\u00e1z\u00f3 szem\u00e9lyi adatait (n\u00e9v, sz\u00fclet\u00e9si hely, d\u00e1tum, kar, \u00e9vfolyam, csoport),<\/li>\n<li>a p\u00e1ly\u00e1z\u00f3 tanulm\u00e1nyaira \u00e9s sporttev\u00e9kenys\u00e9g\u00e9re vonatkoz\u00f3 r\u00f6vid \u00f6n\u00e9letrajzot,<\/li>\n<li>kari igazol\u00e1st a p\u00e1ly\u00e1z\u00e1st megel\u0151z\u0151 k\u00e9t szemeszter tanulm\u00e1nyi eredm\u00e9ny\u00e9r\u0151l,<\/li>\n<li>egyes\u00fcleti \u00e9s sport\u00e1gi sz\u00f6vets\u00e9gi igazol\u00e1st a p\u00e1ly\u00e1z\u00f3 \u00e1ltal bejegyzett legmagasabb szint\u0171 sporteredm\u00e9ny\u00e9nek el\u00e9r\u00e9s\u00e9r\u0151l, amelyet a p\u00e1ly\u00e1z\u00e1st megel\u0151z\u0151 k\u00e9t szemeszterben teljes\u00edtett.<\/li>\n<\/ol>\n<p>&nbsp;<\/p>\n<p>A p\u00e1ly\u00e1zatot szem\u00e9lyesen <strong> november 15-\u00e9n 16<sup>00<\/sup> \u00f3r\u00e1ig<\/strong> a SE Testnevel\u00e9si \u00e9s Sportk\u00f6zpontban vagy post\u00e1n 24<sup>00<\/sup> \u00f3r\u00e1ig lehet beny\u00fajtani. <strong>C\u00edm: 1107 Budapest, Z\u00e1gr\u00e1bi utca 14.<\/strong><\/p>\n<p>A p\u00e1ly\u00e1zatokat a Testnevel\u00e9si \u00e9s Sportk\u00f6zpont igazgat\u00f3ja \u00e1ltal vezetett 5 f\u0151s bizotts\u00e1g \u00e9rt\u00e9keli \u00e9s javaslat\u00e1t az Egyetem Szen\u00e1tusa el\u00e9 terjeszti. A d\u00edjak oda\u00edt\u00e9l\u00e9s\u00e9r\u0151l az Egyetem Szen\u00e1tusa d\u00f6nt. A d\u00edjak \u00e1tad\u00e1s\u00e1ra a m\u00e1rcius 15-i nemzeti \u00fcnnep alkalm\u00e1b\u00f3l tartott rendezv\u00e9nyen ker\u00fcl sor.<\/p>\n<p>A p\u00e1ly\u00e1zattal kapcsolatos r\u00e9szletes felt\u00e9telekr\u0151l \u00e9s szab\u00e1lyokr\u00f3l <a href=\"https:\/\/semmelweis.hu\/jogigfoig\/files\/2015\/12\/Jo_tanulo_jo_sportolo_2015_12_05.pdf\">az Egyetem Szen\u00e1tus\u00e1nak 122\/2015. (XI.26.) sz\u00e1m\u00fa hat\u00e1rozat\u00e1val elfogadott szab\u00e1lyzat<\/a> rendelkezik, amelybe az \u00e9rdekeltek az Interneten a Jogi \u00e9s Igazgat\u00e1si F\u0151igazgat\u00f3s\u00e1g alhonlapj\u00e1n, a Testnevel\u00e9si \u00e9s Sportk\u00f6zpontban (1107 Budapest, Z\u00e1gr\u00e1bi utca 14.) vagy a D\u00e9k\u00e1ni Hivatalokban tekinthetnek be hivatali id\u0151ben.<\/p>\n<p>P\u00e1ly\u00e1zati lapok let\u00f6lthet\u0151k a Testnevel\u00e9si \u00e9s Sportk\u00f6zpont honlapj\u00e1r\u00f3l (<a href=\"http:\/\/www.semmelweis.hu\/sportkozpont\">semmelweis.hu\/sportkozpont<\/a>), illetve a karok D\u00e9k\u00e1ni Hivatal\u00e1ban.<\/p>\n<p>A p\u00e1ly\u00e1zati \u0171rlap el\u00e9rhet\u0151 <a href=\"https:\/\/semmelweis.hu\/sportkozpont\/files\/2019\/09\/J%C3%B3-tanul%C3%B3-J%C3%B3-sportol%C3%B3-p%C3%A1ly%C3%A1zati-%C5%B1rlap-2019-2020-tan%C3%A9vre.pdf\">itt<\/a>.<\/p>\n","protected":false},"excerpt":{"rendered":"<p>A Semmelweis Egyetem Testnevel\u00e9si \u00e9s Sportk\u00f6zpont p\u00e1ly\u00e1zatot hirdetett a \u201eJ\u00f3 tanul\u00f3 \u2013 J\u00f3 sportol\u00f3\u201d kit\u00fcntet\u00e9s d\u00edjainak elnyer\u00e9s\u00e9re. &nbsp; A p\u00e1ly\u00e1zat beny\u00fajt\u00e1s\u00e1nak felt\u00e9telei: (1) A kit\u00fcntet\u00e9st az a Semmelweis Egyetem beiratkozott nappali tagozatos, gradu\u00e1lis k\u00e9pz\u00e9sben r\u00e9szvev\u0151 hallgat\u00f3ja kaphatja, aki a) a p\u00e1ly\u00e1z\u00e1si ki\u00edr\u00e1st megel\u0151z\u0151 k\u00e9t szemeszterben 4.00 vagy enn\u00e9l magasabb s\u00falyozott tanulm\u00e1nyi \u00e1tlaggal rendelkezik, b) tanulm\u00e1nyi &hellip;<\/p>\n","protected":false},"author":101673,"featured_media":10442,"comment_status":"closed","ping_status":"closed","sticky":false,"template":"","format":"standard","meta":{"_acf_changed":false,"footnotes":""},"categories":[5],"tags":[],"class_list":["post-10439","post","type-post","status-publish","format-standard","has-post-thumbnail","hentry","category-hirek"],"acf":[],"publishpress_future_action":{"enabled":false,"date":"1970-01-01 01:00:00","action":"","terms":[],"taxonomy":"","browser_timezone_offset":0},"_links":{"self":[{"href":"https:\/\/semmelweis.hu\/hok\/wp-json\/wp\/v2\/posts\/10439","targetHints":{"allow":["GET"]}}],"collection":[{"href":"https:\/\/semmelweis.hu\/hok\/wp-json\/wp\/v2\/posts"}],"about":[{"href":"https:\/\/semmelweis.hu\/hok\/wp-json\/wp\/v2\/types\/post"}],"author":[{"embeddable":true,"href":"https:\/\/semmelweis.hu\/hok\/wp-json\/wp\/v2\/users\/101673"}],"replies":[{"embeddable":true,"href":"https:\/\/semmelweis.hu\/hok\/wp-json\/wp\/v2\/comments?post=10439"}],"version-history":[{"count":1,"href":"https:\/\/semmelweis.hu\/hok\/wp-json\/wp\/v2\/posts\/10439\/revisions"}],"predecessor-version":[{"id":10443,"href":"https:\/\/semmelweis.hu\/hok\/wp-json\/wp\/v2\/posts\/10439\/revisions\/10443"}],"wp:featuredmedia":[{"embeddable":true,"href":"https:\/\/semmelweis.hu\/hok\/wp-json\/wp\/v2\/media\/10442"}],"wp:attachment":[{"href":"https:\/\/semmelweis.hu\/hok\/wp-json\/wp\/v2\/media?parent=10439"}],"wp:term":[{"taxonomy":"category","embeddable":true,"href":"https:\/\/semmelweis.hu\/hok\/wp-json\/wp\/v2\/categories?post=10439"},{"taxonomy":"post_tag","embeddable":true,"href":"https:\/\/semmelweis.hu\/hok\/wp-json\/wp\/v2\/tags?post=10439"}],"curies":[{"name":"wp","href":"https:\/\/api.w.org\/{rel}","templated":true}]}}