{"id":10400,"date":"2020-10-23T20:21:25","date_gmt":"2020-10-23T18:21:25","guid":{"rendered":"https:\/\/semmelweis.hu\/hok\/?p=10400"},"modified":"2021-02-01T11:20:40","modified_gmt":"2021-02-01T10:20:40","slug":"a-tortenelem-mindig-azokat-igazolja-akik-a-szabadsag-oldalara-allnak","status":"publish","type":"post","link":"https:\/\/semmelweis.hu\/hok\/2020\/10\/23\/a-tortenelem-mindig-azokat-igazolja-akik-a-szabadsag-oldalara-allnak\/","title":{"rendered":"A t\u00f6rt\u00e9nelem mindig azokat igazolja, akik a szabads\u00e1g oldal\u00e1ra \u00e1llnak"},"content":{"rendered":"<p>Hatvann\u00e9gy \u00e9vvel ezel\u0151tt haz\u00e1nk akkori egyetemist\u00e1i egy olyan t\u00fcntet\u00e9st szerveztek, melynek k\u00f6vetkezm\u00e9nyei t\u00f6rt\u00e9nelminek bizonyultak.<\/p>\n<p>A m\u0171egyetemist\u00e1k kezdem\u00e9nyez\u00e9s\u00e9hez a mi hallgat\u00f3ink is csatlakoztak. 23-\u00e1n d\u00e9lut\u00e1n a Bels\u0151 Klinikai T\u00f6mb udvar\u00e1n gy\u00fclekeztek, onnan s\u00e9t\u00e1ltak \u00e1t Bud\u00e1ra \u2013 csatlakozva a t\u00f6bbi t\u00fcntet\u0151h\u00f6z &#8211; majd k\u00e9s\u0151bb a Magyar R\u00e1di\u00f3hoz, ahol a forradalom els\u0151 medikus \u00e1ldozat\u00e1t is szedte: az V. \u00e9ves Pusk\u00e1s S\u00e1ndort \u00e9rte goly\u00f3tal\u00e1lat. A forradalom alatt a Semmelweis Egyetem jogel\u0151dj\u00e9nek minden klinik\u00e1ja r\u00e9szt vett a sebes\u00fcltek ell\u00e1t\u00e1s\u00e1ban \u2013 az adatok sz\u00f3rv\u00e1nyosak, de v\u00e9lhet\u0151en t\u00f6bb ezer s\u00e9r\u00fcltet l\u00e1ttak el a klinik\u00e1n dolgoz\u00f3 orvosok \u00e9s \u00e1pol\u00f3k, k\u00f6zt\u00fck forradalm\u00e1rokat, civileket \u00e9s szovjet katon\u00e1kat egyar\u00e1nt.<\/p>\n<p>A forradalom lever\u00e9se ut\u00e1n a hatalom megszil\u00e1rd\u00edt\u00e1s\u00e1nak egyik f\u0151 eszk\u00f6ze az egyetemista r\u00e9teg megf\u00e9leml\u00edt\u00e9se volt. Tucatj\u00e1val tan\u00e1csolt\u00e1k el az orvosi egyetemr\u0151l is a hallgat\u00f3kat, k\u00f6z\u00fcl\u00fck T\u00f3th Ilon\u00e1t, szigorl\u00f3 orvostanhallgat\u00f3t, az 56-os megtorl\u00e1sok egyik szimbolikus alakj\u00e1t 8 h\u00f3nappal a forradalom lever\u00e9se ut\u00e1n hal\u00e1lra \u00edt\u00e9lt\u00e9k \u00e9s felakasztott\u00e1k. A novemberben megindul\u00f3 nyugatra v\u00e1ndorl\u00e1si hull\u00e1m egyetem\u00fcnket is s\u00falyosan \u00e9rintette: a hivatalos adatok szerint 1957 janu\u00e1rj\u00e1ra az orvosoknak t\u00f6bb mint \u00f6t\u00f6de, a hallgat\u00f3knak pedig 11%-a emigr\u00e1lt az orsz\u00e1gb\u00f3l.<\/p>\n<p>A fiatal forradalm\u00e1rok sokf\u00e9le motiv\u00e1ci\u00f3val, k\u00fcl\u00f6nb\u00f6z\u0151 vil\u00e1gn\u00e9zettel b\u00edrtak, de a f\u00fcggetlens\u00e9g\u00e9rt, a szabads\u00e1g\u00e9rt v\u00e1llalt\u00e1k, hogy egy ir\u00e1nyba indulnak el, az \u0151szinte \u00f6sszefog\u00e1s \u00fatj\u00e1n. K\u00edv\u00e1nom, hogy mindig olyan \u00faton j\u00e1rjunk, amely megalkuv\u00e1s, elnyom\u00e1s \u00e9s gy\u0171l\u00f6lk\u00f6d\u00e9s helyett szolidarit\u00e1ssal, embert\u00e1rsaink tisztelet\u00e9vel van kik\u00f6vezve, hogy \u00e1ltala szabadokk\u00e1 v\u00e1lhassunk. 1956, az azt k\u00f6vet\u0151 33 \u00e9v, valamint az \u00e1llamszocialista rendszerek nyugattal szembeni folyamatos versenyh\u00e1tr\u00e1nya, majd pedig buk\u00e1suk m\u00e1ig hat\u00f3 tanuls\u00e1ga az, hogy a t\u00falzott hatalomkoncentr\u00e1ci\u00f3 az emberi term\u00e9szettel ellent\u00e9tes \u2013 f\u00fcggetlen\u00fcl att\u00f3l, hogy ki ir\u00e1ny\u00edtja az adott rendszert. A v\u00e9lem\u00e9nypluralit\u00e1s likvid\u00e1l\u00e1sa, az egy\u00e9n kezdem\u00e9nyez\u0151k\u00e9pess\u00e9g\u00e9nek elnyom\u00e1sa, a hatalomt\u00f3l val\u00f3 f\u00fcgg\u0151s\u00e9gi viszony kialak\u00edt\u00e1sa olyan er\u0151forr\u00e1sokat iktat ki a t\u00e1rsadalomb\u00f3l, amelyek n\u00e9lk\u00fcl\u00f6zhetetlenek a modern vil\u00e1g komplex k\u00f6r\u00fclm\u00e9nyei k\u00f6zti fennmarad\u00e1shoz. Az emberi term\u00e9szetbe oltott szabads\u00e1gv\u00e1gyat ideig-\u00f3r\u00e1ig f\u00e9lelemb\u0151l eltitkolni lehets\u00e9ges, de v\u00e9gleg elnyomni sohasem \u2013 ez\u00e9rt is d\u0151lt \u00f6ssze a komplett keleti blokk egyik pillanatr\u00f3l a m\u00e1sikra 30 \u00e9vvel ezel\u0151tt.<\/p>\n<p>Ma m\u00e1r tudjuk, hogy a hidegh\u00e1bor\u00fa t\u00f6r\u00e9keny egyens\u00faly\u00e1t egyik nyugati orsz\u00e1g sem merte pr\u00f3b\u00e1ra tenni, \u00edgy Magyarorsz\u00e1g egyed\u00fcl maradt forradalm\u00e1ban. De hiszem, hogy a forradalm\u00e1rok nem harcoltak hi\u00e1ba, hiszen szabads\u00e1gv\u00e1gyuk \u00e9s a forradalom r\u00e1nk hagyott tanuls\u00e1gai ma is tiszteletet parancsolnak sz\u00e1mukra. A t\u00f6rt\u00e9nelem ugyanis mindig azokat igazolja, akik a szabads\u00e1g oldal\u00e1ra \u00e1llnak.<\/p>\n<p>Eml\u00e9kezz\u00fcnk egy\u00fctt a forradalom h\u0151seire!<\/p>\n<p>&nbsp;<\/p>\n<p><em>T\u00f6rt\u00e9nelmi forr\u00e1sok: Magyar Nemzeti Lev\u00e9lt\u00e1r, Semmelweis Egyetem K\u00f6zponti Lev\u00e9lt\u00e1r<\/em><\/p>\n<p>&nbsp;<\/p>\n<p>Tripolszky B\u00e1lint<br \/>\neln\u00f6k<br \/>\nHallgat\u00f3i \u00d6nkorm\u00e1nyzat<\/p>\n<p><img decoding=\"async\" class=\"aligncenter\" src=\"https:\/\/semmelweis.hu\/hirek\/wp-content\/blogs.dir\/2\/files\/2020\/10\/56.jpg\" alt=\"\" \/><\/p>\n","protected":false},"excerpt":{"rendered":"<p>Hatvann\u00e9gy \u00e9vvel ezel\u0151tt haz\u00e1nk akkori egyetemist\u00e1i egy olyan t\u00fcntet\u00e9st szerveztek, melynek k\u00f6vetkezm\u00e9nyei t\u00f6rt\u00e9nelminek bizonyultak. A m\u0171egyetemist\u00e1k kezdem\u00e9nyez\u00e9s\u00e9hez a mi hallgat\u00f3ink is csatlakoztak. 23-\u00e1n d\u00e9lut\u00e1n a Bels\u0151 Klinikai T\u00f6mb udvar\u00e1n gy\u00fclekeztek, onnan s\u00e9t\u00e1ltak \u00e1t Bud\u00e1ra \u2013 csatlakozva a t\u00f6bbi t\u00fcntet\u0151h\u00f6z &#8211; majd k\u00e9s\u0151bb a Magyar R\u00e1di\u00f3hoz, ahol a forradalom els\u0151 medikus \u00e1ldozat\u00e1t is szedte: az V. &hellip;<\/p>\n","protected":false},"author":101673,"featured_media":10633,"comment_status":"closed","ping_status":"closed","sticky":false,"template":"","format":"standard","meta":{"_acf_changed":false,"footnotes":""},"categories":[5],"tags":[],"class_list":["post-10400","post","type-post","status-publish","format-standard","has-post-thumbnail","hentry","category-hirek"],"acf":[],"publishpress_future_action":{"enabled":false,"date":"1970-01-01 01:00:00","action":"","terms":[],"taxonomy":"","browser_timezone_offset":0},"_links":{"self":[{"href":"https:\/\/semmelweis.hu\/hok\/wp-json\/wp\/v2\/posts\/10400","targetHints":{"allow":["GET"]}}],"collection":[{"href":"https:\/\/semmelweis.hu\/hok\/wp-json\/wp\/v2\/posts"}],"about":[{"href":"https:\/\/semmelweis.hu\/hok\/wp-json\/wp\/v2\/types\/post"}],"author":[{"embeddable":true,"href":"https:\/\/semmelweis.hu\/hok\/wp-json\/wp\/v2\/users\/101673"}],"replies":[{"embeddable":true,"href":"https:\/\/semmelweis.hu\/hok\/wp-json\/wp\/v2\/comments?post=10400"}],"version-history":[{"count":1,"href":"https:\/\/semmelweis.hu\/hok\/wp-json\/wp\/v2\/posts\/10400\/revisions"}],"predecessor-version":[{"id":10402,"href":"https:\/\/semmelweis.hu\/hok\/wp-json\/wp\/v2\/posts\/10400\/revisions\/10402"}],"wp:featuredmedia":[{"embeddable":true,"href":"https:\/\/semmelweis.hu\/hok\/wp-json\/wp\/v2\/media\/10633"}],"wp:attachment":[{"href":"https:\/\/semmelweis.hu\/hok\/wp-json\/wp\/v2\/media?parent=10400"}],"wp:term":[{"taxonomy":"category","embeddable":true,"href":"https:\/\/semmelweis.hu\/hok\/wp-json\/wp\/v2\/categories?post=10400"},{"taxonomy":"post_tag","embeddable":true,"href":"https:\/\/semmelweis.hu\/hok\/wp-json\/wp\/v2\/tags?post=10400"}],"curies":[{"name":"wp","href":"https:\/\/api.w.org\/{rel}","templated":true}]}}