{"id":10246,"date":"2020-10-07T14:47:35","date_gmt":"2020-10-07T12:47:35","guid":{"rendered":"https:\/\/semmelweis.hu\/hok\/?p=10246"},"modified":"2020-10-07T14:47:35","modified_gmt":"2020-10-07T12:47:35","slug":"online-administration-assembly","status":"publish","type":"post","link":"https:\/\/semmelweis.hu\/hok\/en\/2020\/10\/07\/online-administration-assembly\/","title":{"rendered":"Online Administration assembly"},"content":{"rendered":"<p>The Students\u2019 Union held it\u2019s first Zoom assembly meeting via Zoom during this academic year.<\/p>\n<p>In the beginning B\u00e1lint Tripolszky,\u00a0president expressed his gratitude toward F\u00e9lix Tak\u00e1cs, vice-chairman, for doing an amazing job as head of the Committee of Social Issues, for leading the committee and for executing the procedure of the social scholarship smoothly. After that he acknowledged \u00a0Zsombor M\u00e1ty\u00e1s Papp for the undivided success of his initiation, the online pre-triage system. Last but not least the president appraised the efforts of the Epidemiological Committee.<\/p>\n<p>During the second point of agenda, Dominik M\u00e1t\u00e9 B\u00edr\u00f3 introduced himself to the administration, as the freshly nominated assignee for the EUniWell project. He also reported\u00a0the current state of the project and the recruitment. Later on M\u00e1t\u00e9 Tolvaj, vice-chairman responsible for internal operations told us about his plans to renew the Students\u2019 Union recruitment procedure. Following him, Anna Artner, Head of Foreign Issues, and Adri\u00e1n Veress, assignee for the German student body gave us an insight about the relaunching of the Language Clubs. After that we had a brain storming about launching a green university program, thus everyone agreed that environmental consciousness is an extremely improtant matter.<\/p>\n<p>Finally we voted for the Employee of the Month, which due to the tight competition was given for two candidates again: Anna Keskeny, student of the Faculty of Health Sciences for her huge efforts made in the Communication Committee, and \u00c1gnes Kinga P\u00e1l, medical student for the enormous job she did in the Committee of Social Issues. Congratulations for both of you!<\/p>\n","protected":false},"excerpt":{"rendered":"<p>The Students\u2019 Union held it\u2019s first Zoom assembly meeting via Zoom during this academic year. In the beginning B\u00e1lint Tripolszky,\u00a0president expressed his gratitude toward F\u00e9lix Tak\u00e1cs, vice-chairman, for doing an amazing job as head of the Committee of Social Issues, for leading the committee and for executing the procedure of the social scholarship smoothly. After &hellip;<\/p>\n","protected":false},"author":101512,"featured_media":10244,"comment_status":"closed","ping_status":"closed","sticky":false,"template":"","format":"standard","meta":{"_acf_changed":false,"footnotes":""},"categories":[83],"tags":[],"class_list":["post-10246","post","type-post","status-publish","format-standard","has-post-thumbnail","hentry","category-news"],"acf":[],"publishpress_future_action":{"enabled":false,"date":"1970-01-01 01:00:00","action":"","terms":[],"taxonomy":"","browser_timezone_offset":0},"_links":{"self":[{"href":"https:\/\/semmelweis.hu\/hok\/wp-json\/wp\/v2\/posts\/10246","targetHints":{"allow":["GET"]}}],"collection":[{"href":"https:\/\/semmelweis.hu\/hok\/wp-json\/wp\/v2\/posts"}],"about":[{"href":"https:\/\/semmelweis.hu\/hok\/wp-json\/wp\/v2\/types\/post"}],"author":[{"embeddable":true,"href":"https:\/\/semmelweis.hu\/hok\/wp-json\/wp\/v2\/users\/101512"}],"replies":[{"embeddable":true,"href":"https:\/\/semmelweis.hu\/hok\/wp-json\/wp\/v2\/comments?post=10246"}],"version-history":[{"count":1,"href":"https:\/\/semmelweis.hu\/hok\/wp-json\/wp\/v2\/posts\/10246\/revisions"}],"predecessor-version":[{"id":10247,"href":"https:\/\/semmelweis.hu\/hok\/wp-json\/wp\/v2\/posts\/10246\/revisions\/10247"}],"wp:featuredmedia":[{"embeddable":true,"href":"https:\/\/semmelweis.hu\/hok\/wp-json\/wp\/v2\/media\/10244"}],"wp:attachment":[{"href":"https:\/\/semmelweis.hu\/hok\/wp-json\/wp\/v2\/media?parent=10246"}],"wp:term":[{"taxonomy":"category","embeddable":true,"href":"https:\/\/semmelweis.hu\/hok\/wp-json\/wp\/v2\/categories?post=10246"},{"taxonomy":"post_tag","embeddable":true,"href":"https:\/\/semmelweis.hu\/hok\/wp-json\/wp\/v2\/tags?post=10246"}],"curies":[{"name":"wp","href":"https:\/\/api.w.org\/{rel}","templated":true}]}}