{"id":10243,"date":"2020-10-07T14:37:24","date_gmt":"2020-10-07T12:37:24","guid":{"rendered":"https:\/\/semmelweis.hu\/hok\/?p=10243"},"modified":"2020-10-07T14:37:24","modified_gmt":"2020-10-07T12:37:24","slug":"zoomon-keresztul-ulesezett-az-elnokseg","status":"publish","type":"post","link":"https:\/\/semmelweis.hu\/hok\/2020\/10\/07\/zoomon-keresztul-ulesezett-az-elnokseg\/","title":{"rendered":"Zoomon kereszt\u00fcl \u00fcl\u00e9sezett az Eln\u00f6ks\u00e9g"},"content":{"rendered":"<p>Megtartotta ebben a tan\u00e9vben els\u0151 online eln\u00f6ks\u00e9gi \u00fcl\u00e9s\u00e9t a Hallgat\u00f3i \u00d6nkorm\u00e1nyzat.<\/p>\n<p>Az eln\u00f6k, Tripolszky B\u00e1lint els\u0151 k\u00f6rben k\u00f6sz\u00f6netet mondott Tak\u00e1cs F\u00e9lixnek, \u00e1ltal\u00e1nos aleln\u00f6knek, aki el\u0151sz\u00f6r l\u00e1tta el a Szoci\u00e1lis Bizotts\u00e1g vezet\u00e9s\u00e9t \u00e9s z\u00f6kken\u0151mentesen levez\u00e9nyelte a <em>szoci\u00e1lis \u00f6szt\u00f6nd\u00edjak<\/em>kal j\u00e1r\u00f3 teend\u0151ket, ezt k\u00f6vet\u0151en Papp Zsombor M\u00e1ty\u00e1snak fejezte ki h\u00e1l\u00e1j\u00e1t az <em>online pre-triage project<\/em> osztatlan siker\u00e9\u00e9rt. V\u00e9g\u00fcl, de nem utols\u00f3 sorban a J\u00e1rv\u00e1ny\u00fcgyi Bizotts\u00e1g munk\u00e1j\u00e1t m\u00e9ltatta.<\/p>\n<p>A m\u00e1sodik napirendi pont keretein bel\u00fcl bemutatkozott B\u00edr\u00f3 Dominik M\u00e1t\u00e9, az <em>EUniWell project<\/em>\u00e9rt felel\u0151s \u00fajonnan kinevezett eln\u00f6ki megb\u00edzott, aki besz\u00e1molt a program jelenlegi \u00e1ll\u00e1s\u00e1r\u00f3l \u00e9s a toborz\u00e1s \u00e1ll\u00e1s\u00e1r\u00f3l. Tolvaj M\u00e1t\u00e9, Bels\u0151 igazgat\u00e1s\u00e9rt felel\u0151s aleln\u00f6k a Hallgat\u00f3i \u00d6nkorm\u00e1nyzat \u00faj ut\u00e1np\u00f3tl\u00e1si strukt\u00far\u00e1j\u00e1nak terveir\u0151l besz\u00e9lt. A <em>Language Club<\/em> felt\u00e1maszt\u00e1s\u00e1r\u00f3l \u00e9s megszervez\u00e9s\u00e9r\u0151l sz\u00e1molt be Artner Anna, a K\u00fcl\u00fcgyi Bizotts\u00e1g vezet\u0151je \u00e9s Veress Adri\u00e1n, a n\u00e9met hallgat\u00f3k \u00fcgyei\u00e9rt felel\u0151s eln\u00f6ki megb\u00edzott. Ezt k\u00f6vet\u0151en egy \u00f6tletel\u00e9s folyt egy z\u00f6ld program elind\u00edt\u00e1s\u00e1r\u00f3l, mivel egyet\u00e9rt\u00e9s sz\u00fcletett abban, hogy kiemelt fontoss\u00e1g\u00fa \u00fcgyk\u00e9nt kell kezelni a k\u00f6rnyezettudatoss\u00e1got.<\/p>\n<p>Utols\u00f3 napirendi pontban a H\u00f3nap Dolgoz\u00f3ja c\u00edmr\u0151l d\u00f6nt\u00f6tt az Eln\u00f6ks\u00e9g. Ezalkalommal a nagy versenyre val\u00f3 tekintettel ism\u00e9t k\u00e9t szem\u00e9lynek \u00edt\u00e9lte oda a d\u00edjat. Ebben a h\u00f3napban <em>Keskeny Anna<\/em>, az ETK hallgat\u00f3ja a Kommunik\u00e1ci\u00f3s Bizotts\u00e1gban v\u00e9gzett munk\u00e1j\u00e1\u00e9rt \u00e9s <em>P\u00e1l Kinga \u00c1gnes<\/em>, orvostanhallgat\u00f3 a Szoci\u00e1lis Bizotts\u00e1gban tett er\u0151fesz\u00edt\u00e9sei\u00e9rt r\u00e9szes\u00fclt a d\u00edjban. Ez\u00faton is gratul\u00e1lunk a d\u00edjakhoz!<\/p>\n","protected":false},"excerpt":{"rendered":"<p>Megtartotta ebben a tan\u00e9vben els\u0151 online eln\u00f6ks\u00e9gi \u00fcl\u00e9s\u00e9t a Hallgat\u00f3i \u00d6nkorm\u00e1nyzat. Az eln\u00f6k, Tripolszky B\u00e1lint els\u0151 k\u00f6rben k\u00f6sz\u00f6netet mondott Tak\u00e1cs F\u00e9lixnek, \u00e1ltal\u00e1nos aleln\u00f6knek, aki el\u0151sz\u00f6r l\u00e1tta el a Szoci\u00e1lis Bizotts\u00e1g vezet\u00e9s\u00e9t \u00e9s z\u00f6kken\u0151mentesen levez\u00e9nyelte a szoci\u00e1lis \u00f6szt\u00f6nd\u00edjakkal j\u00e1r\u00f3 teend\u0151ket, ezt k\u00f6vet\u0151en Papp Zsombor M\u00e1ty\u00e1snak fejezte ki h\u00e1l\u00e1j\u00e1t az online pre-triage project osztatlan siker\u00e9\u00e9rt. V\u00e9g\u00fcl, de &hellip;<\/p>\n","protected":false},"author":101512,"featured_media":10244,"comment_status":"closed","ping_status":"closed","sticky":false,"template":"","format":"standard","meta":{"_acf_changed":false,"footnotes":""},"categories":[5],"tags":[202,244,207],"class_list":["post-10243","post","type-post","status-publish","format-standard","has-post-thumbnail","hentry","category-hirek","tag-elnokseg","tag-online","tag-ules"],"acf":[],"publishpress_future_action":{"enabled":false,"date":"1970-01-01 01:00:00","action":"","terms":[],"taxonomy":"","browser_timezone_offset":0},"_links":{"self":[{"href":"https:\/\/semmelweis.hu\/hok\/wp-json\/wp\/v2\/posts\/10243","targetHints":{"allow":["GET"]}}],"collection":[{"href":"https:\/\/semmelweis.hu\/hok\/wp-json\/wp\/v2\/posts"}],"about":[{"href":"https:\/\/semmelweis.hu\/hok\/wp-json\/wp\/v2\/types\/post"}],"author":[{"embeddable":true,"href":"https:\/\/semmelweis.hu\/hok\/wp-json\/wp\/v2\/users\/101512"}],"replies":[{"embeddable":true,"href":"https:\/\/semmelweis.hu\/hok\/wp-json\/wp\/v2\/comments?post=10243"}],"version-history":[{"count":1,"href":"https:\/\/semmelweis.hu\/hok\/wp-json\/wp\/v2\/posts\/10243\/revisions"}],"predecessor-version":[{"id":10245,"href":"https:\/\/semmelweis.hu\/hok\/wp-json\/wp\/v2\/posts\/10243\/revisions\/10245"}],"wp:featuredmedia":[{"embeddable":true,"href":"https:\/\/semmelweis.hu\/hok\/wp-json\/wp\/v2\/media\/10244"}],"wp:attachment":[{"href":"https:\/\/semmelweis.hu\/hok\/wp-json\/wp\/v2\/media?parent=10243"}],"wp:term":[{"taxonomy":"category","embeddable":true,"href":"https:\/\/semmelweis.hu\/hok\/wp-json\/wp\/v2\/categories?post=10243"},{"taxonomy":"post_tag","embeddable":true,"href":"https:\/\/semmelweis.hu\/hok\/wp-json\/wp\/v2\/tags?post=10243"}],"curies":[{"name":"wp","href":"https:\/\/api.w.org\/{rel}","templated":true}]}}