{"id":10225,"date":"2020-10-01T11:51:52","date_gmt":"2020-10-01T09:51:52","guid":{"rendered":"https:\/\/semmelweis.hu\/hok\/?p=10225"},"modified":"2020-10-01T11:51:52","modified_gmt":"2020-10-01T09:51:52","slug":"kozlemeny-az-iocs-tisztujitojarol","status":"publish","type":"post","link":"https:\/\/semmelweis.hu\/hok\/2020\/10\/01\/kozlemeny-az-iocs-tisztujitojarol\/","title":{"rendered":"K\u00f6zlem\u00e9ny az I\u00d6CS tiszt\u00faj\u00edt\u00f3j\u00e1r\u00f3l"},"content":{"rendered":"<p style=\"text-align: center\"><strong>K\u00f6zlem\u00e9ny az I\u00d6CS tiszt\u00faj\u00edt\u00f3j\u00e1r\u00f3l<\/strong><\/p>\n<p>&nbsp;<\/p>\n<p>2017-ben k\u00e9pz\u0151dtem le az I\u00d6CS-ben, \u00e9s b\u00e1r tavaly \u00f3ta akt\u00edv szerepet nem v\u00e1llalok a szervezetben, az I\u00d6CS eln\u00f6k\u00e9nek javaslat\u00e1ra 2020 \u00f3ta tiszteletbeli tag vagyok \u2013 ezt a megtiszteltet\u00e9st ez\u00faton is k\u00f6sz\u00f6n\u00f6m! \u00dagy tekintek az ott elt\u00f6lt\u00f6tt \u00e9vekre, mint \u00e9letem egy meghat\u00e1roz\u00f3 id\u0151szak\u00e1ra, mely alatt cimbor\u00e1kat, bar\u00e1tokat is tal\u00e1ltam magamnak. Nagy \u00f6r\u00f6m\u00f6mre szolg\u00e1lt l\u00e1tni, hogy a k\u00e9pz\u00e9scsoportomb\u00f3l ketten is p\u00e1ly\u00e1znak id\u00e9n a Vezet\u0151s\u00e9gbe, k\u00f6z\u00fcl\u00fck szeretn\u00e9m kiemelni B\u00f3dis Bendeg\u00fazt, aki k\u00e9pz\u0151m volt.<\/p>\n<p>Beni vezet\u00e9s\u00e9vel az instruktorok az elm\u00falt egy \u00e9vben megmutatt\u00e1k, hogy k\u00e9pesek a meg\u00fajul\u00e1sra, alkalmazkodni \u00faj helyzetekhez. K\u00f6z\u00f6s \u00fcggy\u00e9 tudtuk form\u00e1lni a j\u00e1rv\u00e1ny elleni harcot, amiben instruktorok tucatjai seg\u00edtettek \u00f6nk\u00e9ntesk\u00e9nt tavasszal h\u0151m\u00e9r\u0151zni, vagy \u00e9ppen az elm\u00falt h\u00f3napokban PCR-tesztet v\u00e9gezni. Beni intelligenci\u00e1j\u00e1nak k\u00f6sz\u00f6nhet\u0151en j\u00f3 kapcsolatot \u00e1polva siker\u00fclt megszervezn\u00fcnk a G\u00f3lyat\u00e1bort, mely &#8211; a k\u00e9t szervezet t\u00f6rt\u00e9net\u00e9ben p\u00e9lda\u00e9rt\u00e9k\u0171 \u2013 j\u00f3 kapcsolat az\u00f3ta is tart. Szeretn\u00e9m ez\u00e9rt kifejezni t\u00e1mogat\u00e1somat B\u00f3dis Bendeg\u00faz fel\u00e9 abban, hogy az I\u00d6CS 30 \u00e9ves t\u00f6rt\u00e9net\u00e9nek els\u0151 \u00fajrav\u00e1lasztott eln\u00f6k\u00e9v\u00e9 v\u00e1ljon.<\/p>\n<p>Egy tiszt\u00faj\u00edt\u00f3 v\u00e1laszt\u00e1s egyben j\u00f3 alkalom az elm\u00falt id\u0151 \u00e9rt\u00e9kel\u00e9s\u00e9re is, arra, hogy meg\u00e1lljunk egy percre \u00e9s megk\u00e9rdezz\u00fck \u00f6nmagunkt\u00f3l, mi Semmelweis-polg\u00e1rok, akik k\u00fcl\u00f6nb\u00f6z\u0151 helyr\u0151l j\u00f6tt\u00fcnk, sokf\u00e9l\u00e9k vagyunk, m\u00e9gis \u00f6sszetartozunk: vajon meddig juthat egy k\u00f6z\u00f6ss\u00e9g egym\u00e1s \u00e9rt\u00e9keinek semmibev\u00e9tel\u00e9vel? A falkaszellem t\u00e1pl\u00e1lta el\u0151\u00edt\u00e9letekkel, vagy egym\u00e1s v\u00e9lem\u00e9ny\u00e9nek meg nem hallgat\u00e1s\u00e1val? De\u00e1k Ferenc szavaival \u00e9lve, egym\u00e1st \u201enem usz\u00edt\u00f3 gondolatokkal nyugtalan\u00edtva, hanem k\u00f6znapi, hasznos, j\u00f3l\u00e9tet gyarap\u00edt\u00f3 tettek sor\u00e1val kell szeretni\u201d.<\/p>\n<p>K\u00edv\u00e1nok minden hallgat\u00f3t\u00e1rsam sz\u00e1m\u00e1ra b\u00e9kess\u00e9get, a megv\u00e1laszt\u00e1sra ker\u00fcl\u0151 \u00faj Vezet\u0151s\u00e9gnek sikerekben gazdag munk\u00e1t, az Instruktor \u00d6ntev\u00e9keny csoportnak pedig a j\u00f6v\u0151ben is teljes auton\u00f3mi\u00e1t.<\/p>\n<p>&nbsp;<\/p>\n<p>Budapest, 2020.10.01.<\/p>\n<p>&nbsp;<\/p>\n<p>\u00a0\u00a0\u00a0\u00a0\u00a0\u00a0\u00a0\u00a0\u00a0\u00a0\u00a0\u00a0\u00a0\u00a0\u00a0\u00a0\u00a0\u00a0\u00a0\u00a0\u00a0\u00a0\u00a0\u00a0\u00a0\u00a0\u00a0\u00a0\u00a0\u00a0\u00a0\u00a0\u00a0\u00a0\u00a0\u00a0\u00a0\u00a0\u00a0\u00a0\u00a0\u00a0\u00a0\u00a0\u00a0\u00a0\u00a0\u00a0\u00a0\u00a0\u00a0\u00a0\u00a0\u00a0\u00a0\u00a0\u00a0\u00a0\u00a0\u00a0\u00a0\u00a0\u00a0\u00a0\u00a0\u00a0\u00a0\u00a0\u00a0\u00a0\u00a0\u00a0\u00a0\u00a0\u00a0\u00a0\u00a0\u00a0\u00a0\u00a0\u00a0\u00a0\u00a0\u00a0\u00a0\u00a0\u00a0\u00a0\u00a0\u00a0\u00a0\u00a0\u00a0\u00a0\u00a0\u00a0\u00a0\u00a0\u00a0\u00a0\u00a0\u00a0\u00a0\u00a0\u00a0\u00a0\u00a0\u00a0\u00a0\u00a0\u00a0\u00a0\u00a0\u00a0\u00a0\u00a0\u00a0\u00a0\u00a0\u00a0\u00a0\u00a0\u00a0\u00a0\u00a0\u00a0 Tripolszky B\u00e1lint<\/p>\n<p>\u00a0\u00a0\u00a0\u00a0\u00a0\u00a0\u00a0\u00a0\u00a0\u00a0\u00a0\u00a0\u00a0\u00a0\u00a0\u00a0\u00a0\u00a0\u00a0\u00a0\u00a0\u00a0\u00a0\u00a0\u00a0\u00a0\u00a0\u00a0\u00a0\u00a0\u00a0\u00a0\u00a0\u00a0\u00a0\u00a0\u00a0\u00a0\u00a0\u00a0\u00a0\u00a0\u00a0\u00a0\u00a0\u00a0\u00a0\u00a0\u00a0\u00a0\u00a0\u00a0\u00a0\u00a0\u00a0\u00a0\u00a0\u00a0\u00a0\u00a0\u00a0\u00a0\u00a0\u00a0\u00a0\u00a0\u00a0\u00a0\u00a0\u00a0\u00a0\u00a0\u00a0\u00a0\u00a0\u00a0\u00a0\u00a0\u00a0\u00a0\u00a0\u00a0\u00a0\u00a0\u00a0\u00a0\u00a0\u00a0\u00a0\u00a0\u00a0\u00a0\u00a0\u00a0\u00a0\u00a0\u00a0\u00a0\u00a0\u00a0\u00a0\u00a0\u00a0\u00a0\u00a0\u00a0\u00a0\u00a0\u00a0\u00a0\u00a0\u00a0\u00a0\u00a0\u00a0\u00a0\u00a0\u00a0\u00a0\u00a0\u00a0\u00a0\u00a0\u00a0\u00a0\u00a0\u00a0\u00a0\u00a0\u00a0\u00a0\u00a0\u00a0\u00a0\u00a0\u00a0\u00a0 <em>eln\u00f6k<\/em><\/p>\n<p><em>\u00a0\u00a0\u00a0\u00a0\u00a0\u00a0\u00a0\u00a0\u00a0\u00a0\u00a0\u00a0\u00a0\u00a0\u00a0\u00a0\u00a0\u00a0\u00a0\u00a0\u00a0\u00a0\u00a0\u00a0\u00a0\u00a0\u00a0\u00a0\u00a0\u00a0\u00a0\u00a0\u00a0\u00a0\u00a0\u00a0\u00a0\u00a0\u00a0\u00a0\u00a0\u00a0\u00a0\u00a0\u00a0\u00a0\u00a0\u00a0\u00a0\u00a0\u00a0\u00a0\u00a0\u00a0\u00a0\u00a0\u00a0\u00a0\u00a0\u00a0\u00a0\u00a0\u00a0\u00a0\u00a0\u00a0\u00a0\u00a0\u00a0\u00a0\u00a0\u00a0\u00a0\u00a0\u00a0\u00a0\u00a0\u00a0\u00a0\u00a0\u00a0\u00a0\u00a0\u00a0\u00a0\u00a0\u00a0\u00a0\u00a0\u00a0\u00a0\u00a0\u00a0\u00a0\u00a0\u00a0\u00a0\u00a0\u00a0\u00a0\u00a0\u00a0 \u00a0\u00a0\u00a0\u00a0\u00a0\u00a0\u00a0\u00a0\u00a0\u00a0\u00a0\u00a0\u00a0\u00a0\u00a0\u00a0Hallgat\u00f3i \u00d6nkorm\u00e1nyzat<\/em><\/p>\n","protected":false},"excerpt":{"rendered":"<p>K\u00f6zlem\u00e9ny az I\u00d6CS tiszt\u00faj\u00edt\u00f3j\u00e1r\u00f3l &nbsp; 2017-ben k\u00e9pz\u0151dtem le az I\u00d6CS-ben, \u00e9s b\u00e1r tavaly \u00f3ta akt\u00edv szerepet nem v\u00e1llalok a szervezetben, az I\u00d6CS eln\u00f6k\u00e9nek javaslat\u00e1ra 2020 \u00f3ta tiszteletbeli tag vagyok \u2013 ezt a megtiszteltet\u00e9st ez\u00faton is k\u00f6sz\u00f6n\u00f6m! \u00dagy tekintek az ott elt\u00f6lt\u00f6tt \u00e9vekre, mint \u00e9letem egy meghat\u00e1roz\u00f3 id\u0151szak\u00e1ra, mely alatt cimbor\u00e1kat, bar\u00e1tokat is tal\u00e1ltam magamnak. Nagy &hellip;<\/p>\n","protected":false},"author":101512,"featured_media":10226,"comment_status":"closed","ping_status":"closed","sticky":false,"template":"","format":"standard","meta":{"_acf_changed":false,"footnotes":""},"categories":[5],"tags":[240,242],"class_list":["post-10225","post","type-post","status-publish","format-standard","has-post-thumbnail","hentry","category-hirek","tag-iocs","tag-kozlemeny"],"acf":[],"publishpress_future_action":{"enabled":false,"date":"1970-01-01 01:00:00","action":"","terms":[],"taxonomy":"","browser_timezone_offset":0},"_links":{"self":[{"href":"https:\/\/semmelweis.hu\/hok\/wp-json\/wp\/v2\/posts\/10225","targetHints":{"allow":["GET"]}}],"collection":[{"href":"https:\/\/semmelweis.hu\/hok\/wp-json\/wp\/v2\/posts"}],"about":[{"href":"https:\/\/semmelweis.hu\/hok\/wp-json\/wp\/v2\/types\/post"}],"author":[{"embeddable":true,"href":"https:\/\/semmelweis.hu\/hok\/wp-json\/wp\/v2\/users\/101512"}],"replies":[{"embeddable":true,"href":"https:\/\/semmelweis.hu\/hok\/wp-json\/wp\/v2\/comments?post=10225"}],"version-history":[{"count":1,"href":"https:\/\/semmelweis.hu\/hok\/wp-json\/wp\/v2\/posts\/10225\/revisions"}],"predecessor-version":[{"id":10227,"href":"https:\/\/semmelweis.hu\/hok\/wp-json\/wp\/v2\/posts\/10225\/revisions\/10227"}],"wp:featuredmedia":[{"embeddable":true,"href":"https:\/\/semmelweis.hu\/hok\/wp-json\/wp\/v2\/media\/10226"}],"wp:attachment":[{"href":"https:\/\/semmelweis.hu\/hok\/wp-json\/wp\/v2\/media?parent=10225"}],"wp:term":[{"taxonomy":"category","embeddable":true,"href":"https:\/\/semmelweis.hu\/hok\/wp-json\/wp\/v2\/categories?post=10225"},{"taxonomy":"post_tag","embeddable":true,"href":"https:\/\/semmelweis.hu\/hok\/wp-json\/wp\/v2\/tags?post=10225"}],"curies":[{"name":"wp","href":"https:\/\/api.w.org\/{rel}","templated":true}]}}