{"id":10160,"date":"2020-09-25T19:51:08","date_gmt":"2020-09-25T17:51:08","guid":{"rendered":"https:\/\/semmelweis.hu\/hok\/?p=10160"},"modified":"2020-09-25T20:44:39","modified_gmt":"2020-09-25T18:44:39","slug":"beszamolo-a-2020-09-24-i-szenatusi-ules-hallgatokat-erinto-donteseirol","status":"publish","type":"post","link":"https:\/\/semmelweis.hu\/hok\/2020\/09\/25\/beszamolo-a-2020-09-24-i-szenatusi-ules-hallgatokat-erinto-donteseirol\/","title":{"rendered":"Szen\u00e1tusi d\u00f6nt\u00e9sek"},"content":{"rendered":"<p><span style=\"font-size: 18pt\">Besz\u00e1mol\u00f3 a 2020. 09. 24-i Szen\u00e1tusi \u00fcl\u00e9s hallgat\u00f3kat \u00e9rint\u0151 d\u00f6nt\u00e9seir\u0151l:<\/span><\/p>\n<p>&nbsp;<\/p>\n<ul>\n<li>\u00daj k\u00f6telez\u0151 tant\u00e1rgy ker\u00fclt elfogad\u00e1sra az \u00c1ltal\u00e1nos Orvostudom\u00e1nyi karon, \u201eA Koronav\u00edrus komprehenz\u00edv elm\u00e9lete \u00e9s a helyes fels\u0151l\u00e9g\u00fati mintav\u00e9tel gyakorlata\u201d c\u00edmmel, mely 1 kreditpontk\u00e9nt ker\u00fcl majd elsz\u00e1mol\u00e1sra. Papp Zsombor M\u00e1ty\u00e1s, oktat\u00e1si aleln\u00f6k felsz\u00f3lal\u00e1s\u00e1ban r\u00e1mutatott arra, hogy mindez nagy seg\u00edts\u00e9get ny\u00fajt a v\u00edrus elleni harchoz, tekintettel arra, hogy a Hallgat\u00f3i \u00d6nkorm\u00e1nyzat \u00e1ltal l\u00e9trehozott sz\u0171r\u00e9si pontokon hallgat\u00f3k v\u00e9gzik a PCR teszthez a mintav\u00e9telt. A Hallgat\u00f3i \u00d6nkorm\u00e1nyzat javaslatait a t\u00e1rgy lebonyol\u00edt\u00e1s\u00e1val \u00e9s tematik\u00e1j\u00e1val kapcsolatban a kar kor\u00e1bban kiv\u00e9tel n\u00e9lk\u00fcl elfogadta, \u00edgy p\u00e9ld\u00e1ul a t\u00e1rgy elm\u00e9leti r\u00e9sze kiz\u00e1r\u00f3lag online form\u00e1ban lesz oktatva, valamint a tematika nem csup\u00e1n a mostani j\u00e1rv\u00e1nyra koncentr\u00e1l, hanem egy \u00e1ltal\u00e1nos tud\u00e1st is biztos\u00edt egy j\u00e1rv\u00e1ny kezel\u00e9s\u00e9hez.<\/li>\n<\/ul>\n<p>Szavaz\u00e1sra bocs\u00e1jtott\u00e1k a Semmelweis Egyetem egyes karain m\u0171k\u00f6d\u0151 \u00e1lland\u00f3 bizotts\u00e1gok hallgat\u00f3i tagjait. Ezzel a bizotts\u00e1gok \u00f6sszet\u00e9tele a k\u00f6vetkez\u0151k\u00e9ppen v\u00e1ltozott:<\/p>\n<ul>\n<li>\u00c1ltal\u00e1nos Orvostudom\u00e1nyi kar:\n<ul>\n<li>Etikai \u00e9s Fegyelmi Bizotts\u00e1g: Frei Tam\u00e1s<\/li>\n<li>Kredit\u00e1tviteli Bizotts\u00e1g: Palot\u00e1s L\u0151rinc<\/li>\n<li>Tanulm\u00e1nyi \u00e9s Vizsgabizotts\u00e1g: Winklern\u00e9 Papp Anni, Stubnya J\u00e1nos Domonkos, V\u00f6lcsei Norbert<\/li>\n<\/ul>\n<\/li>\n<li>Gy\u00f3gyszer\u00e9sztudom\u00e1nyi kar:\n<ul>\n<li>Etikai \u00e9s Fegyelmi Bizotts\u00e1g: Nyariki Noel<\/li>\n<li>Kredit\u00e1tviteli Bizotts\u00e1g: Nyariki Noel<\/li>\n<li>Tanulm\u00e1nyi \u00e9s Vizsgabizotts\u00e1g: Filipszki G\u00e1bor<\/li>\n<\/ul>\n<\/li>\n<\/ul>\n<p>Minden deleg\u00e1lt hallgat\u00f3i tag legjobb tud\u00e1sa szerint fogja k\u00e9pviselni a hallgat\u00f3k \u00e9rdekeit az aktu\u00e1lis bizotts\u00e1gban!<\/p>\n<p style=\"text-align: center\"><iframe loading=\"lazy\" src=\"https:\/\/drive.google.com\/file\/d\/1hlFeF4HRBH-CdFjHsxeVarsNVT1vJk_-\/preview\" width=\"720\" height=\"560\"><span data-mce-type=\"bookmark\" style=\"width: 0px;overflow: hidden;line-height: 0\" class=\"mce_SELRES_start\">\ufeff<\/span><\/iframe><\/p>\n","protected":false},"excerpt":{"rendered":"<p>Besz\u00e1mol\u00f3 a 2020. 09. 24-i Szen\u00e1tusi \u00fcl\u00e9s hallgat\u00f3kat \u00e9rint\u0151 d\u00f6nt\u00e9seir\u0151l: &nbsp; \u00daj k\u00f6telez\u0151 tant\u00e1rgy ker\u00fclt elfogad\u00e1sra az \u00c1ltal\u00e1nos Orvostudom\u00e1nyi karon, \u201eA Koronav\u00edrus komprehenz\u00edv elm\u00e9lete \u00e9s a helyes fels\u0151l\u00e9g\u00fati mintav\u00e9tel gyakorlata\u201d c\u00edmmel, mely 1 kreditpontk\u00e9nt ker\u00fcl majd elsz\u00e1mol\u00e1sra. Papp Zsombor M\u00e1ty\u00e1s, oktat\u00e1si aleln\u00f6k felsz\u00f3lal\u00e1s\u00e1ban r\u00e1mutatott arra, hogy mindez nagy seg\u00edts\u00e9get ny\u00fajt a v\u00edrus elleni harchoz, tekintettel &hellip;<\/p>\n","protected":false},"author":101512,"featured_media":10161,"comment_status":"closed","ping_status":"closed","sticky":false,"template":"","format":"standard","meta":{"_acf_changed":false,"footnotes":""},"categories":[5],"tags":[204],"class_list":["post-10160","post","type-post","status-publish","format-standard","has-post-thumbnail","hentry","category-hirek","tag-szenatus"],"acf":[],"publishpress_future_action":{"enabled":false,"date":"1970-01-01 01:00:00","action":"","terms":[],"taxonomy":"","browser_timezone_offset":0},"_links":{"self":[{"href":"https:\/\/semmelweis.hu\/hok\/wp-json\/wp\/v2\/posts\/10160","targetHints":{"allow":["GET"]}}],"collection":[{"href":"https:\/\/semmelweis.hu\/hok\/wp-json\/wp\/v2\/posts"}],"about":[{"href":"https:\/\/semmelweis.hu\/hok\/wp-json\/wp\/v2\/types\/post"}],"author":[{"embeddable":true,"href":"https:\/\/semmelweis.hu\/hok\/wp-json\/wp\/v2\/users\/101512"}],"replies":[{"embeddable":true,"href":"https:\/\/semmelweis.hu\/hok\/wp-json\/wp\/v2\/comments?post=10160"}],"version-history":[{"count":5,"href":"https:\/\/semmelweis.hu\/hok\/wp-json\/wp\/v2\/posts\/10160\/revisions"}],"predecessor-version":[{"id":10169,"href":"https:\/\/semmelweis.hu\/hok\/wp-json\/wp\/v2\/posts\/10160\/revisions\/10169"}],"wp:featuredmedia":[{"embeddable":true,"href":"https:\/\/semmelweis.hu\/hok\/wp-json\/wp\/v2\/media\/10161"}],"wp:attachment":[{"href":"https:\/\/semmelweis.hu\/hok\/wp-json\/wp\/v2\/media?parent=10160"}],"wp:term":[{"taxonomy":"category","embeddable":true,"href":"https:\/\/semmelweis.hu\/hok\/wp-json\/wp\/v2\/categories?post=10160"},{"taxonomy":"post_tag","embeddable":true,"href":"https:\/\/semmelweis.hu\/hok\/wp-json\/wp\/v2\/tags?post=10160"}],"curies":[{"name":"wp","href":"https:\/\/api.w.org\/{rel}","templated":true}]}}