{"id":99930,"date":"2020-11-02T11:00:40","date_gmt":"2020-11-02T10:00:40","guid":{"rendered":"https:\/\/semmelweis.hu\/hirek\/?p=99930"},"modified":"2020-11-11T13:01:42","modified_gmt":"2020-11-11T12:01:42","slug":"mit-mondana-semmelweis-ignac-dr-merkely-bela-irasa","status":"publish","type":"post","link":"https:\/\/semmelweis.hu\/hirek\/2020\/11\/02\/mit-mondana-semmelweis-ignac-dr-merkely-bela-irasa\/","title":{"rendered":"Mit mondana Semmelweis Ign\u00e1c? \u2013 Dr. Merkely B\u00e9la \u00edr\u00e1sa"},"content":{"rendered":"<div class=\"lead\">\u201eAz orvosok, az \u00e1pol\u00f3k, a k\u00f3rh\u00e1zak, a ment\u0151s\u00f6k megfesz\u00edtett munka \u00e1r\u00e1n sem k\u00e9pesek egyed\u00fcl megbirk\u00f3zni a j\u00e1rv\u00e1nnyal. Ahhoz a lakoss\u00e1g seg\u00edts\u00e9g\u00e9re is sz\u00fcks\u00e9g van, ahhoz mi is kell\u00fcnk. A k\u00f6vetkez\u0151 napokban-hetekben d\u0151l el, milyen lesz a t\u00e9l, az \u00e9v v\u00e9ge, ahogy az is, hogy b\u00e9k\u00e9s \u00e9s \u00e1ldott lesz-e a kar\u00e1csony\u201d \u2013 fogalmaz dr. Merkely B\u00e9la, a Semmelweis Egyetem rektora abban a <a href=\"https:\/\/magyarnemzet.hu\/velemeny\/mit-mondana-semmelweis-ignac-8886029\/\">Magyar Nemzetben megjelent publicisztik\u00e1ban<\/a>, amelyben Semmelweis Ign\u00e1c alakj\u00e1t megid\u00e9zve osztja meg v\u00e9lem\u00e9ny\u00e9t a koronav\u00edrusr\u00f3l, \u00e9s arr\u00f3l, milyen hozz\u00e1\u00e1ll\u00e1ssal vehetj\u00fck fel a harcot a terjed\u0151 j\u00e1rv\u00e1nnyal szemben.\u00a0<\/div>\n<p>Ny\u00e1ron m\u00e1r azt gondolhattuk, \u00farr\u00e1 lett\u00fcnk egy, m\u00e1s nemzeteket sorra f\u00f6ldbe d\u00f6ng\u00f6l\u0151 j\u00e1rv\u00e1ny f\u00f6l\u00f6tt, \u00edgy az alapvet\u0151 t\u00e1rsadalmi, gazdas\u00e1gi, kultur\u00e1lis folyamatok n\u00e9mi z\u00f6kken\u0151t k\u00f6vet\u0151en a megszokott m\u00f3don m\u0171k\u00f6dnek majd tov\u00e1bb. S mivel az els\u0151 hull\u00e1mban alacsony volt a megbeteged\u00e9sek sz\u00e1ma, a kezdeti ijedts\u00e9g ut\u00e1n, a koronav\u00edrus-j\u00e1rv\u00e1ny m\u00e1sodszori megjelen\u00e9sekor sokan \u00fagy is \u00e9rt\u00e9kelt\u00e9k a helyzetet, hogy tal\u00e1n t\u00falzott volt a tavaszi reakci\u00f3. Egyre t\u00f6bben kezdt\u00e9k a maszkhaszn\u00e1lat hasznoss\u00e1g\u00e1t, s\u0151t a v\u00edrus l\u00e9tez\u00e9s\u00e9t is tagadni. Megsz\u00e9p\u00edtett\u00e9k maguknak a val\u00f3s\u00e1got.<\/p>\n<p>A Janus-arc\u00fa v\u00edrus azonban torn\u00e1d\u00f3k\u00e9nt csapott le r\u00e1nk augusztus utols\u00f3 het\u00e9ben. A szak\u00e9rt\u0151k figyelmeztettek, az eg\u00e9szs\u00e9g\u00fcgy folyamatosan k\u00e9sz\u00fclt, a politikusok j\u00e1rv\u00e1ny\u00fcgyi, gazdas\u00e1gi \u00e9s t\u00e1rsadalmi v\u00e9d\u0151csomaggal v\u00e1rt\u00e1k a m\u00e1sodik hull\u00e1mot, \u00e1m mi, magyarok, Eur\u00f3pa t\u00f6bbi n\u00e9p\u00e9hez hasonl\u00f3an, sz\u00edv\u00fcnkben nem voltunk erre felk\u00e9sz\u00fclve, \u00e9s ez\u00e9rt a m\u00e1sodik hull\u00e1m egyre nagyobb \u00e1ldozatokat k\u00f6vetel Magyarorsz\u00e1gon is. Teheti, mert \u00f3vatlanabbak \u00e9s t\u00falzottan magabiztosak lett\u00fcnk.<\/p>\n<p>A Covid-19 m\u00e1s, mint gyermekkorunk betegs\u00e9gei, a korabeli, hozz\u00e1 hasonl\u00f3 puszt\u00edt\u00f3 j\u00e1rv\u00e1nyok, mint a fekete himl\u0151, a pestis, a kolera, a t\u00edfusz, a skarl\u00e1t, a torokgy\u00edk, a gyermekb\u00e9nul\u00e1s \u00e9s a spanyoln\u00e1tha, amelyek olyanok egy eur\u00f3pai sz\u00e1m\u00e1ra, mint a gyermekmes\u00e9k, melyekr\u0151l sokat hallottunk el\u0151deinkt\u0151l, de magunk nem tapasztaltuk meg \u0151ket. Mindez term\u00e9szetes emberi reakci\u00f3, hiszen a plan\u00e9t\u00e1n v\u00e9gigs\u00f6pr\u0151, meglepet\u00e9sszer\u0171 esem\u00e9ny t\u00e1voli k\u00e9pe nem el\u00e9g ahhoz, hogy az ember ilyen r\u00f6vid id\u0151 alatt glob\u00e1lisan kezdjen gondolkodni, \u00e9s \u00e1t\u00e9rt\u00e9kelje egzisztenci\u00e1lis kil\u00e1t\u00e1sait \u2013 gondolkod\u00e1sa tov\u00e1bbra is megmarad \u00e9lete megszokott koordin\u00e1t\u00e1i k\u00f6z\u00f6tt. Sokunk sz\u00e1m\u00e1ra riaszt\u00f3bb a gondolat, hogy elz\u00e1rnak benn\u00fcnket szeretteinkt\u0151l, korl\u00e1tozz\u00e1k utaz\u00e1si, sz\u00f3rakoz\u00e1si, t\u00e1rsadalmi szok\u00e1sainkat, mint maga a betegs\u00e9g, mely eddig nem \u00e9rintett valamennyi\u00fcnket k\u00f6zvetlen\u00fcl.<\/p>\n<p>Ma, amikor a megbeteged\u00e9sek \u00e9s a s\u00falyos esetek sz\u00e1ma drasztikusan emelkedik, \u00e9s mikorra m\u00e1r legt\u00f6bb\u00fcnknek van olyan koll\u00e9g\u00e1ja, bar\u00e1tja, szomsz\u00e9dja vagy csal\u00e1dtagja, akit megfert\u0151z\u00f6tt a koronav\u00edrus, lassan v\u00e1ltozik a helyzet. A k\u00e9rd\u00e9s ma az, hogy milyen gyorsan eszm\u00e9l\u00fcnk.<\/p>\n<p>A ny\u00e1ri nyugodt id\u0151szaknak v\u00e9ge, neh\u00e9z h\u00f3napok \u00e1llnak el\u0151tt\u00fcnk, egyre szaporod\u00f3 \u00e9s egyre s\u00falyosabb esetsz\u00e1mokkal. Az orvosok, az \u00e1pol\u00f3k, a k\u00f3rh\u00e1zak, a ment\u0151k megfesz\u00edtett munka \u00e1r\u00e1n sem k\u00e9pesek egyed\u00fcl megbirk\u00f3zni a j\u00e1rv\u00e1nnyal. Ahhoz a lakoss\u00e1g seg\u00edts\u00e9g\u00e9re is sz\u00fcks\u00e9g van, ahhoz mi is kell\u00fcnk. A k\u00f6vetkez\u0151 napokban-hetekben d\u0151l el, milyen lesz a t\u00e9l, az \u00e9v v\u00e9ge, ahogy az is, hogy b\u00e9k\u00e9s \u00e9s \u00e1ldott lesz-e a kar\u00e1csony, tudunk-e majd j\u00f3 sz\u00edvvel b\u0151s\u00e9get k\u00edv\u00e1nni az \u00faj esztend\u0151ben.<\/p>\n<p>A ma tettein kereszt\u00fcl befoly\u00e1soljuk a holnapot, \u00e9s most mindannyiunk cselekedete sz\u00e1m\u00edt.<\/p>\n<p>Aki ma fert\u0151z\u0151dik meg, ann\u00e1l n\u00e9gy-\u00f6t nap m\u00falva mutathat\u00f3k ki a betegs\u00e9g t\u00fcnetei, \u00e9s s\u00falyosabb lefoly\u00e1sn\u00e1l \u00e1tlagosan egy h\u00e9t m\u00falva ker\u00fcl k\u00f3rh\u00e1zba. A legs\u00falyosabb esetekben a k\u00e9toldali t\u00fcd\u0151gyullad\u00e1sos betegeinket h\u00e1rom-hat h\u00e9tig kell l\u00e9legeztetni a gy\u00f3gyul\u00e1sig. Vagyis a szalagc\u00edmekben megjelen\u0151 k\u00f3rh\u00e1zi \u00e9s intenz\u00edv oszt\u00e1lyos esetek \u00e9s hal\u00e1loz\u00e1sok sz\u00e1ma jellemz\u0151en egy\u2013hat h\u00e9ttel kor\u00e1bbi tal\u00e1lkoz\u00e1sok eredm\u00e9nye.<\/p>\n<p>Semmelweis Ign\u00e1c \u00edgy fogalmaz: \u201eB\u00e1rmily f\u00e1jdalmas, b\u00e1rmily nyomaszt\u00f3 is [\u2026] a beismer\u00e9s, nem a letagad\u00e1sban rejlik az ellenszere.\u201d Az \u00e9v els\u0151 fel\u00e9ben az\u00e9rt volt oly sikeres a v\u00e9dekez\u00e9s\u00fcnk, mert a gyors korm\u00e1nyzati d\u00f6nt\u00e9sek azonnal megjelentek a lakoss\u00e1g mindennapjaiban, \u00e9s a szab\u00e1lyokat mindannyian betartottuk. Fegyelmezettek \u00e9s figyelmesek voltunk. Kontaktusaink \u00e9s tal\u00e1lkoz\u00e1saink gyakoris\u00e1g\u00e1t hatvan\u2013kilencven sz\u00e1zal\u00e9kkal cs\u00f6kkentett\u00fck. Ez nyilv\u00e1nval\u00f3an a mi kapcsolatokra \u00e9p\u00fcl\u0151 \u00e9s \u00e1ltaluk meghat\u00e1rozott l\u00e9ny\u00fcnknek komoly vesztes\u00e9g volt, nem besz\u00e9lve azokr\u00f3l, akik munkahely\u00fcket vagy bev\u00e9teleiket vesz\u00edtett\u00e9k el a bez\u00e1rk\u00f3z\u00e1s miatt.<\/p>\n<p>M\u00e9gis k\u00e9pesek voltunk r\u00e1, s \u00edgy a j\u00e1rv\u00e1nyt gyakorlatilag m\u00e9g annak magyarorsz\u00e1gi kifejl\u0151d\u00e9se el\u0151tt meg tudtuk \u00e1ll\u00edtani. \u00c1m vil\u00e1gunkat, csal\u00e1djainkat, a gazdas\u00e1got annyira megviselte a p\u00e1r h\u00f3napos karant\u00e9n, hogy abban mindannyian egyet\u00e9rt\u00fcnk, nem szeretn\u00e9nk, ha ism\u00e9t sz\u00fcks\u00e9g volna egy ilyen komplex restrikt\u00edv int\u00e9zked\u00e9si csomagra. Ennek viszont \u00e1ra van, \u00e9s ez az \u00e1r az alkalmazkod\u00e1s \u00e9s az \u00e1tmeneti \u00f6nkorl\u00e1toz\u00e1s.<\/p>\n<p>A v\u00e9d\u0151olt\u00e1s meg\u00e9rkez\u00e9s\u00e9ig egy\u00fctt kell \u00e9ln\u00fcnk a v\u00edrussal, tudva, mik\u00e9nt vigy\u00e1zunk magunkra \u00e9s szeretteinkre, eg\u00e9sz k\u00f6rnyezet\u00fcnkre. Nem felejtve \u00f6szt\u00f6n\u00f6sen!<\/p>\n<p>Tavasszal m\u00e9g nem ismert\u00fck a v\u00edrust, ma m\u00e1r tudjuk, hogy hol k\u00e9pes a legnagyobb puszt\u00edt\u00e1sra, mikor vesz\u00e9lyes, \u00e9s \u00edgy felk\u00e9sz\u00fclhet\u00fcnk a megf\u00e9kez\u00e9s\u00e9re. S mert csak nagy neh\u00e9zs\u00e9gek \u00e9s \u00e1ldozatok \u00e1r\u00e1n lehetne m\u00e9g egyszer bez\u00e1rni az orsz\u00e1got \u00fagy, ahogy a j\u00e1rv\u00e1ny els\u0151 hull\u00e1m\u00e1nak idej\u00e9n tett\u00fck, ez\u00e9rt most a mi\u00e9nk, mindannyiunk\u00e9 a felel\u0151ss\u00e9g, hogy ne \u00edgy legyen.<\/p>\n<p>Azt javaslom, hogy ne tagadjuk le a vesz\u00e9lyt, hanem ismerj\u00fck be, azaz mindent tegy\u00fcnk meg annak \u00e9rdek\u00e9ben, hogy a megbeteged\u00e9st elker\u00fclj\u00fck! Nem tudjuk kisz\u00e1m\u00edtani, szervezet\u00fcnk milyen immunv\u00e1laszt ad a fert\u0151z\u00e9sre, nem tudjuk, milyen hat\u00e1s \u00e9r benn\u00fcnket. Az nagyon elt\u00e9r\u0151 \u00e9s megj\u00f3solhatatlan, hogy kire hogyan hat a v\u00edrus, de tudjuk, hogy az id\u0151sek \u00e9s a kr\u00f3nikus betegs\u00e9gben szenved\u0151k, a cukorbetegek, a kardiol\u00f3giai vagy az onkol\u00f3giai betegs\u00e9ggel k\u00fczd\u0151k nagyobb vesz\u00e9lyben vannak, s mindez m\u00e9gsem jelenti azt, hogy minden fia\u00adtal t\u00fcnetmentesen esik \u00e1t a fert\u0151z\u00e9sen. \u00c9s az sem mondhat\u00f3 el, hogy csak a kr\u00f3nikus betegekre vesz\u00e9lyes a Covid-19, \u00e9s hogy a rendszeres sportol\u00e1s, az eg\u00e9szs\u00e9ges \u00e9letm\u00f3d biztosan megv\u00e9d a k\u00f3rh\u00e1zi kezel\u00e9st\u0151l. Sajnos l\u00e1ttam m\u00e1r l\u00e9legeztet\u0151g\u00e9pen harminc-negyven \u00e9ves, eg\u00e9szs\u00e9ges, sportos fiatalt is.<\/p>\n<p>A gy\u00f3gyszeres megel\u0151z\u00e9sben a legfontosabb tal\u00e1n a D-vitamin. A feln\u0151tteknek napi 3000 nemzetk\u00f6zi egys\u00e9get aj\u00e1nlok, a tizenk\u00e9t \u00e9v alattiaknak, a gyermekeknek jellemz\u0151en 500-at, de az adagol\u00e1sr\u00f3l \u00e9rdemes a gyermekorvossal konzult\u00e1lni. Term\u00e9szetesen a fitts\u00e9g, a j\u00f3 kond\u00edci\u00f3 \u00e9s az eg\u00e9szs\u00e9ges, kiegyens\u00falyozott t\u00e1pl\u00e1lkoz\u00e1s is fontos. A betegs\u00e9g k\u00e9tf\u00e9le m\u00f3don k\u00e1ros\u00edthatja szervezet\u00fcnket: az egyik eset, amikor t\u00falzottan er\u0151s immunreakci\u00f3t v\u00e1lt ki, a m\u00e1sik, amikor gyeng\u00e9t. Az el\u0151bbi oka az \u00fagynevezett citokinvihar, amely komoly t\u00fcd\u0151gyullad\u00e1st \u00e9s t\u00f6bbszervi k\u00e1rosod\u00e1st eredm\u00e9nyezhet. A m\u00e1sik reakci\u00f3 \u2013 ami ink\u00e1bb az id\u0151s koroszt\u00e1lyn\u00e1l alakul ki \u2013 az, amikor a m\u00e1r megl\u00e9v\u0151 alapbetegs\u00e9gek, p\u00e9ld\u00e1ul a sz\u00edv- \u00e9s \u00e9rrendszeri probl\u00e9m\u00e1k, a vesebetegs\u00e9g vagy az onkol\u00f3giai t\u00fcnetek stb. feler\u0151s\u00f6dnek, \u00e9s a hal\u00e1l oka val\u00f3j\u00e1ban az alapbetegs\u00e9g s\u00falyosbod\u00e1sa.<\/p>\n<p>A m\u00e1sodik hull\u00e1m idej\u00e9re sokat fejl\u0151dtek a k\u00f6zepesen s\u00falyos \u00e9s s\u00falyos betegek kezel\u00e9s\u00e9nek lehet\u0151s\u00e9gei. A hazai Richter Gedeon Nyrt. \u00e1ltal is gy\u00e1rtott, m\u00e1r FDA-min\u0151s\u00edt\u00e9ssel rendelkez\u0151 remdesivir hat\u00e9kony v\u00edrusellenes szer. A remdesivir id\u0151ben megkezdett kombin\u00e1ci\u00f3s kezel\u00e9ssel: immunrendszert szab\u00e1lyoz\u00f3 szteroiddal (dexamethasonnal), a Covid\u201319 antitestben gazdag v\u00e9rplazm\u00e1val \u00e9s a v\u00e9rh\u00edg\u00edt\u00f3 gy\u00f3gyszerekkel kombin\u00e1lva cs\u00f6kkenti a k\u00f3rh\u00e1zi kezel\u00e9s id\u0151tartam\u00e1t \u00e9s jav\u00edtja a t\u00fal\u00e9l\u00e9st. Fontos szerep jut a nagy \u00e1raml\u00e1s\u00fa oxig\u00e9nter\u00e1pi\u00e1nak, noninvaz\u00edv \u00e9s invaz\u00edv l\u00e9legeztet\u00e9snek, valamint a fizioter\u00e1pi\u00e1nak is a betegek optim\u00e1lis ell\u00e1t\u00e1s\u00e1ban. Enyh\u00e9bb esetekben egy m\u00e1sik v\u00edrusellenes gy\u00f3gyszer, a favipiravir seg\u00edtheti a gy\u00f3gyul\u00e1st.<\/p>\n<p>Fontos a hiteles \u00e9s k\u00f6z\u00e9rthet\u0151 kommunik\u00e1ci\u00f3 \u00e9s p\u00e9ldamutat\u00e1s. A f\u00e9lelem \u00e9s a passzivit\u00e1s helyett a tudatoss\u00e1gra \u00e9s honfit\u00e1rsaink bevon\u00e1s\u00e1ra, az egy\u00e9ni \u00e9s k\u00f6z\u00f6ss\u00e9gi szolidarit\u00e1sra \u00e9s felel\u0151ss\u00e9gv\u00e1llal\u00e1sra lehet \u00e9p\u00edteni. Sz\u00fcks\u00e9g\u00fcnk van a fiatalokra, sz\u00f3l\u00edtsuk meg \u0151ket! Sz\u00fcks\u00e9g\u00fcnk van r\u00e1juk a v\u00e9dekez\u00e9sben, \u00e9p\u00edts\u00fcnk r\u00e1juk! Tudatos\u00edtani kell, hogy senki nem hib\u00e1s a v\u00edrus terjeszt\u00e9s\u00e9\u00e9rt! Nyerj\u00fck meg \u00fajra honfit\u00e1rsainkat az egy\u00fcttm\u0171k\u00f6d\u00e9sre, \u00e9s ind\u00edtsuk el a Semmelweis 2.1 programot a m\u00e1sodik hull\u00e1m megf\u00e9kez\u00e9se \u00e9rdek\u00e9ben!<\/p>\n<p>Lass\u00edtani kell a v\u00edrus korl\u00e1tlan terjed\u00e9s\u00e9t! A j\u00e1rv\u00e1nyt a sz\u00e9les k\u00f6r\u0171, a m\u00e1r rem\u00e9lhet\u0151leg karny\u00fajt\u00e1snyira l\u00e9v\u0151 olt\u00e1s tudja meg\u00e1ll\u00edtani. Addig azonban k\u00f6z\u00f6s \u00e9rdek\u00fcnk, hogy cs\u00f6kkents\u00fck a kapcsolatok sz\u00e1m\u00e1t! Csak azokkal tal\u00e1lkozzunk szem\u00e9lyesen, akikkel felt\u00e9tlen\u00fcl fontos. Ker\u00fclj\u00fck az utaz\u00e1st, az \u00f6sszej\u00f6veteleket! Ha \u00f6sszefogunk, \u00e9s mindannyian betartjuk az alapvet\u0151 szab\u00e1lyokat, vagyis maszkot visel gyermek \u00e9s feln\u0151tt bel- \u00e9s k\u00fclt\u00e9ren egyar\u00e1nt, amikor nem tudjuk biztos\u00edtani magunk k\u00f6r\u00fcl a m\u00e1sokt\u00f3l val\u00f3 m\u00e1sf\u00e9l m\u00e9teres t\u00e1vols\u00e1got, akkor sikeresek lesz\u00fcnk.<\/p>\n<p>Ha a maszkvisel\u00e9st nyolcvansz\u00e1zal\u00e9kos szintre tudjuk n\u00f6velni, az \u00f6nmag\u00e1ban is hat\u00e1sos tud lenni a j\u00e1rv\u00e1ny megf\u00e9kez\u00e9s\u00e9ben. A v\u00e9dekez\u00e9s harmadik oszlopa pedig az \u00f3r\u00e1nk\u00e9nti, Semmelweis-f\u00e9le k\u00e9zmos\u00e1s, k\u00e9zfert\u0151tlen\u00edt\u00e9s \u00e9s az udvarias t\u00e1vols\u00e1gtart\u00e1s, vagyis az \u00f6lelkez\u00e9s \u00e9s a k\u00e9zfog\u00e1s mell\u0151z\u00e9se.<\/p>\n<p>Amire most mindenn\u00e9l nagyobb sz\u00fcks\u00e9g van, az az \u00f6sszefog\u00e1s. Kiemelten fontos, hogy fels\u0151 l\u00e9g\u00fati t\u00fcnetekkel, l\u00e1zasan vagy \u00edz- \u00e9s szagveszt\u00e9s eset\u00e9n ne menj\u00fcnk k\u00f6z\u00f6ss\u00e9gbe, munkahely\u00fcnkre, \u00e9s ne engedj\u00fck iskol\u00e1ba vagy \u00f3vod\u00e1ba a gyerekeinket! Most a biztons\u00e1g az els\u0151.<\/p>\n<p>Semmelweis Ign\u00e1c magyar orvos el\u0151tt tisztelgett tavasszal a Google \u00e9s a CNN amerikai h\u00edrcsatorna. Az any\u00e1k megment\u0151jek\u00e9nt ismert vil\u00e1gh\u00edr\u0171 magyar orvos h\u00edvta fel ugyanis els\u0151k\u00e9nt a figyelmet a k\u00e9zmos\u00e1s, a k\u00e9zfert\u0151tlen\u00edt\u00e9s fontoss\u00e1g\u00e1ra. Ahogy \u0151 fogalmazott: \u201eTan\u00edt\u00e1som arra val\u00f3, hogy az orvosi tudom\u00e1ny tan\u00edt\u00f3i terjessz\u00e9k, hogy az orvosl\u00f3 \u00e9s \u00e1pol\u00f3 szem\u00e9lyek az utols\u00f3 falusi borb\u00e9lyig, az utols\u00f3 falusi b\u00e1b\u00e1ig szerinte cselekedjenek; tan\u00edt\u00e1som arra val\u00f3, hogy elriasszam a sz\u00fcl\u0151h\u00e1zak r\u00e9m\u00e9t, hogy megmentsem a feles\u00e9get a f\u00e9rj, az any\u00e1t a gyermeke sz\u00e1m\u00e1ra.\u201d<\/p>\n<p>Szavaira ma, a koronav\u00edrus okozta vil\u00e1gj\u00e1rv\u00e1ny idej\u00e9n, amikor \u00fajabb \u00e9s \u00fajabb cs\u00facsokat d\u00f6nt a napi megbetegedettek \u00e9s a k\u00f3rh\u00e1zban kezeltek sz\u00e1ma, k\u00fcl\u00f6n\u00f6sen oda kell figyeln\u00fcnk, hogy megments\u00fcnk any\u00e1t, ap\u00e1t, f\u00e9rjet, feles\u00e9get, nagysz\u00fcl\u0151t \u00e9s gyermeket egym\u00e1s sz\u00e1m\u00e1ra, s hogy csal\u00e1dunk k\u00f6r\u00e9ben v\u00e1rakozhassunk a szeretet \u00fcnnep\u00e9re. Nem felejtve \u00f6szt\u00f6n\u00f6sen, s nem megsz\u00e9p\u00edtve a val\u00f3s\u00e1got!<\/p>\n<p>A szerz\u0151 egyetemi tan\u00e1r, a Semmelweis Egyetem rektora<\/p>\n<p>Forr\u00e1s: Magyar Nemzet<\/p>\n","protected":false},"excerpt":{"rendered":"<p>Az egyetem rektora a Magyar Nemzetbe \u00edrt publik\u00e1ci\u00f3t. <\/p>\n","protected":false},"author":101282,"featured_media":99931,"comment_status":"closed","ping_status":"closed","sticky":false,"template":"","format":"standard","meta":{"_acf_changed":false,"footnotes":""},"categories":[154,168],"tags":[4257],"class_list":["post-99930","post","type-post","status-publish","format-standard","has-post-thumbnail","hentry","category-egeszseg","category-kiemelt","tag-koronavirus"],"acf":[],"_links":{"self":[{"href":"https:\/\/semmelweis.hu\/hirek\/wp-json\/wp\/v2\/posts\/99930","targetHints":{"allow":["GET"]}}],"collection":[{"href":"https:\/\/semmelweis.hu\/hirek\/wp-json\/wp\/v2\/posts"}],"about":[{"href":"https:\/\/semmelweis.hu\/hirek\/wp-json\/wp\/v2\/types\/post"}],"author":[{"embeddable":true,"href":"https:\/\/semmelweis.hu\/hirek\/wp-json\/wp\/v2\/users\/101282"}],"replies":[{"embeddable":true,"href":"https:\/\/semmelweis.hu\/hirek\/wp-json\/wp\/v2\/comments?post=99930"}],"version-history":[{"count":10,"href":"https:\/\/semmelweis.hu\/hirek\/wp-json\/wp\/v2\/posts\/99930\/revisions"}],"predecessor-version":[{"id":99942,"href":"https:\/\/semmelweis.hu\/hirek\/wp-json\/wp\/v2\/posts\/99930\/revisions\/99942"}],"wp:featuredmedia":[{"embeddable":true,"href":"https:\/\/semmelweis.hu\/hirek\/wp-json\/wp\/v2\/media\/99931"}],"wp:attachment":[{"href":"https:\/\/semmelweis.hu\/hirek\/wp-json\/wp\/v2\/media?parent=99930"}],"wp:term":[{"taxonomy":"category","embeddable":true,"href":"https:\/\/semmelweis.hu\/hirek\/wp-json\/wp\/v2\/categories?post=99930"},{"taxonomy":"post_tag","embeddable":true,"href":"https:\/\/semmelweis.hu\/hirek\/wp-json\/wp\/v2\/tags?post=99930"}],"curies":[{"name":"wp","href":"https:\/\/api.w.org\/{rel}","templated":true}]}}