{"id":9991,"date":"2012-02-10T16:22:29","date_gmt":"2012-02-10T16:22:29","guid":{"rendered":"http:\/\/semmelweis-egyetem.hu\/hirek\/?p=9991"},"modified":"2015-05-08T11:44:42","modified_gmt":"2015-05-08T09:44:42","slug":"a-semmelweis-egyetemen-ismertettek-az-eu-uj-80-milliardos-kutatas-fejlesztesi-terveit","status":"publish","type":"post","link":"https:\/\/semmelweis.hu\/hirek\/2012\/02\/10\/a-semmelweis-egyetemen-ismertettek-az-eu-uj-80-milliardos-kutatas-fejlesztesi-terveit\/","title":{"rendered":"A Semmelweis Egyetemen ismertett\u00e9k az EU \u00faj, 80 milli\u00e1rdos kutat\u00e1s-fejleszt\u00e9si terveit"},"content":{"rendered":"<p>Az Eur\u00f3pai Bizotts\u00e1g jelenlegi javaslata szerint mintegy 80 milli\u00e1rd eur\u00f3t ford\u00edtana az EU kutat\u00e1s-fejleszt\u00e9sre, illetve innov\u00e1ci\u00f3s tev\u00e9kenys\u00e9gekre 2014-2020 k\u00f6z\u00f6tt. A Horizon 2020 elnevez\u00e9s\u0171 keretprogramban szerepl\u0151 elk\u00e9pzel\u00e9seket most ismertett\u00e9k el\u0151sz\u00f6r r\u00e9szletesen Magyarorsz\u00e1gon, a Semmelweis Egyetemen rendezett konferencia keret\u00e9ben.<\/p>\n<p><a href=\"https:\/\/semmelweis.hu\/hirek\/files\/2012\/02\/horizon3.jpg\"><img loading=\"lazy\" decoding=\"async\" class=\"alignright size-medium wp-image-9992\" src=\"https:\/\/semmelweis.hu\/hirek\/files\/2012\/02\/horizon3-200x300.jpg\" alt=\"\" width=\"200\" height=\"300\" srcset=\"https:\/\/semmelweis.hu\/hirek\/files\/2012\/02\/horizon3-200x300.jpg 200w, https:\/\/semmelweis.hu\/hirek\/files\/2012\/02\/horizon3-266x400.jpg 266w, https:\/\/semmelweis.hu\/hirek\/files\/2012\/02\/horizon3.jpg 467w\" sizes=\"auto, (max-width: 200px) 100vw, 200px\" \/><\/a>Az egyetem rektora dr. Tulassay Tivadar megnyit\u00f3 besz\u00e9d\u00e9ben azt hangs\u00falyozta: a Semmelweis Egyetem sz\u00e1m\u00e1ra nagy tisztess\u00e9g, hogy ezt a jelent\u0151s konferenci\u00e1t az egyetem falai k\u00f6z\u00f6tt rendezhett\u00e9k meg. Mint megjegyezte, az itt foly\u00f3 kutat\u00e1s \u00e9s innov\u00e1ci\u00f3s tev\u00e9kenys\u00e9g ismerts\u00e9ge \u00e9s elismerts\u00e9ge nemzetk\u00f6zi szinten is jelent\u0151s, a hazai tudom\u00e1nyos rangsorban mindig dobog\u00f3s helyet \u00e9r el az egyetem a k\u00fcl\u00f6nb\u00f6z\u0151 \u00f6sszehasonl\u00edt\u00f3 elemz\u00e9sekben. \u201eNagyon fontos kult\u00far\u00e1ja van annak, hogy bizonyos programokat, reformokat, \u00faj kereteket hol hirdetnek meg. \u00dagy \u00e9rt\u00e9kelem, hogy jelen esetben a Semmelweis Egyetem az a hely, ahol az Eur\u00f3pai Uni\u00f3 egyik legjelent\u0151sebb tudom\u00e1nyra, kutat\u00e1sra, innov\u00e1ci\u00f3ra \u00e9s koh\u00e9zi\u00f3ra ford\u00edthat\u00f3 alapj\u00e1t Magyarorsz\u00e1gon elind\u00edtj\u00e1k\u201d \u2013 fogalmazott a rektor.<\/p>\n<p>A keretprogram r\u00e9szleteit dr. Siegler Andr\u00e1s, az Eur\u00f3pai Bizotts\u00e1g Kutat\u00e1si \u00e9s Innov\u00e1ci\u00f3s F\u0151igazgat\u00f3s\u00e1g\u00e1nak igazgat\u00f3ja ismertette. A Horizon 2020 egyik \u00fajdons\u00e1ga, hogy integr\u00e1lt programon kereszt\u00fcl t\u00e1mogatja az eur\u00f3pai kutat\u00e1s-fejleszt\u00e9si, illetve innov\u00e1ci\u00f3s tev\u00e9kenys\u00e9geket; egyes\u00edti a kor\u00e1bbi keretprogramokat valamint az Eur\u00f3pai Innov\u00e1ci\u00f3s \u00e9s Technol\u00f3giai Int\u00e9zet keret\u00e9ben ny\u00fajtott t\u00e1mogat\u00e1sokat. Az elk\u00e9pzel\u00e9sek szerint ezzel p\u00e1rhuzamosan a p\u00e1ly\u00e1zati elj\u00e1r\u00e1srend is egyszer\u0171s\u00f6dni fog. A h\u00e1rom alapvet\u0151 pill\u00e9r a tudom\u00e1nyos kiv\u00e1l\u00f3s\u00e1g, a vezet\u0151 szerep az ipari technol\u00f3gi\u00e1k ter\u00fclet\u00e9n \u00e9s a t\u00e1rsadalmi kih\u00edv\u00e1sok kezel\u00e9se. A 80 milli\u00e1rd eur\u00f3s javaslatcsomag l\u00e9nyege az innov\u00e1ci\u00f3s uni\u00f3 megval\u00f3s\u00edt\u00e1sa, illetve hozz\u00e1j\u00e1rul az eur\u00f3pai kutat\u00e1si t\u00e9rs\u00e9g m\u0171k\u00f6d\u00e9s\u00e9hez is \u2013 mondta dr. Siegler Andr\u00e1s. A p\u00e1ly\u00e1zati keretb\u0151l a finansz\u00edroz\u00e1s szempontj\u00e1b\u00f3l nagy kock\u00e1zatot jelent\u0151 \u00faj \u00f6tletek \u00e9pp\u00fagy sz\u00e1m\u00edthatnak t\u00e1mogat\u00e1sra, mint a felt\u00f6rekv\u0151 technol\u00f3gi\u00e1k, illetve a v\u00e1llalkoz\u00e1sok innov\u00e1ci\u00f3s k\u00e9pess\u00e9g\u00e9t jav\u00edt\u00f3 projektek.<\/p>\n<figure id=\"attachment_9993\" aria-describedby=\"caption-attachment-9993\" style=\"width: 540px\" class=\"wp-caption aligncenter\"><a href=\"https:\/\/semmelweis.hu\/hirek\/files\/2012\/02\/horizon-1.jpg\"><img loading=\"lazy\" decoding=\"async\" class=\"size-large wp-image-9993 \" src=\"https:\/\/semmelweis.hu\/hirek\/files\/2012\/02\/horizon-1-600x400.jpg\" alt=\"\" width=\"540\" height=\"360\" srcset=\"https:\/\/semmelweis.hu\/hirek\/files\/2012\/02\/horizon-1-600x400.jpg 600w, https:\/\/semmelweis.hu\/hirek\/files\/2012\/02\/horizon-1-300x200.jpg 300w, https:\/\/semmelweis.hu\/hirek\/files\/2012\/02\/horizon-1.jpg 700w\" sizes=\"auto, (max-width: 540px) 100vw, 540px\" \/><\/a><figcaption id=\"caption-attachment-9993\" class=\"wp-caption-text\">Fot\u00f3k: attekovacs.com<\/figcaption><\/figure>\n<p>A magyar korm\u00e1nyt k\u00e9pvisel\u0151 Cs\u00e9falvay Zolt\u00e1n \u00e1llamtitk\u00e1r egyebek mellett arr\u00f3l besz\u00e9lt, hogy a k\u00f6vetkez\u0151 k\u00e9t \u00e9vben fel kell k\u00e9sz\u00edteni az egyetemi, kutat\u00f3i \u00e9s a v\u00e1llalkoz\u00f3i szf\u00e9r\u00e1t arra, hogy min\u00e9l t\u00f6bb forr\u00e1st tudjanak megszerezni a Horizon 2020 keret\u00e9ben. A korm\u00e1ny c\u00e9lja, hogy a kutat\u00e1sfejleszt\u00e9sre ford\u00edtott \u00f6sszeg a GDP-hez viszony\u00edtva a jelenleg 1, 14 sz\u00e1zal\u00e9kr\u00f3l 1, 8 sz\u00e1zal\u00e9kra emelkedjen 2020-ra.<\/p>\n<p>A Semmelweis Egyetem, mint kutat\u00f3-elitegyetem eddigi p\u00e1ly\u00e1zati eredm\u00e9nyeir\u0151l dr. Sz\u00e9l \u00c1goston rektorhelyettes tartott el\u0151ad\u00e1st, de kit\u00e9rt arra is: manaps\u00e1g a p\u00e1ly\u00e1zati keretekben val\u00f3 gondolkod\u00e1s \u00fajfajta szeml\u00e9letet k\u00f6vetel a kutat\u00f3kt\u00f3l. A k\u00f6zelm\u00falt p\u00e1ly\u00e1zatai k\u00f6z\u00fcl kiemelte a tehets\u00e9ggondoz\u00e1ssal is \u00f6sszef\u00fcgg\u0151 Piramis projektet, valamint a Magiszter programot, amelynek c\u00e9lja a tud\u00e1s disztrib\u00faci\u00f3ja. A kutat\u00f3egyetem alapvet\u0151 c\u00e9lja az elitk\u00e9pz\u00e9s, ugyanakkor a t\u00f6megk\u00e9pz\u00e9snek is kiv\u00e1l\u00f3nak kell lenni \u2013 jegyezte meg. A rektorhelyettes kiemelte: tudom\u00e1nyos publik\u00e1ci\u00f3k sz\u00e1ma tekintet\u00e9ben \u2013 a Web of Science kimutat\u00e1sa szerint \u2013 az egyetemek k\u00f6z\u00f6tt a legjobb helyen \u00e1ll a Semmelweis Egyetem. Az uni\u00f3s kutat\u00e1sfejleszt\u00e9si keretprogram kapcs\u00e1n dr. Sz\u00e9l \u00c1goston \u2013 ahogy fogalmazott, a p\u00e1ly\u00e1z\u00f3 szemsz\u00f6g\u00e9b\u0151l &#8211; kit\u00e9rt arra: b\u00edzik benne, hogy a p\u00e1ly\u00e1zati rendszer val\u00f3di egyszer\u0171s\u00edt\u00e9sen esik \u00e1t, \u00e1tl\u00e1that\u00f3bb \u00e9s egyszer\u0171bb lesz.<\/p>\n<p><a href=\"https:\/\/semmelweis.hu\/hirek\/files\/2012\/02\/horizon2.jpg\"><img loading=\"lazy\" decoding=\"async\" class=\"alignleft size-medium wp-image-9994\" src=\"https:\/\/semmelweis.hu\/hirek\/files\/2012\/02\/horizon2-300x182.jpg\" alt=\"\" width=\"300\" height=\"182\" srcset=\"https:\/\/semmelweis.hu\/hirek\/files\/2012\/02\/horizon2-300x182.jpg 300w, https:\/\/semmelweis.hu\/hirek\/files\/2012\/02\/horizon2-600x364.jpg 600w, https:\/\/semmelweis.hu\/hirek\/files\/2012\/02\/horizon2.jpg 700w\" sizes=\"auto, (max-width: 300px) 100vw, 300px\" \/><\/a>A konferenci\u00e1n el\u0151ad\u00e1st tartott dr. Freund Tam\u00e1s, az MTA K\u00eds\u00e9rleti \u00e9s Orvostudom\u00e1nyi Kutat\u00f3int\u00e9zet\u00e9nek igazgat\u00f3ja is, aki statisztikai adatokkal t\u00e1masztatta al\u00e1, hogy t\u00f6bb p\u00e9nzt kellene ford\u00edtani az agykutat\u00e1sra, a neurol\u00f3giai betegs\u00e9gekkel kapcsolatos vizsg\u00e1latokra. Az idegrendszeri betegs\u00e9gek uni\u00f3s szinten 798 milli\u00e1rd eur\u00f3 k\u00f6lts\u00e9get okoztak 2010-ben.<\/p>\n<p>A Horizon 2020-r\u00f3l sz\u00f3l\u00f3 konferenci\u00e1t a Semmelweis P\u00e1ly\u00e1zati \u00e9s Innov\u00e1ci\u00f3s K\u00f6zpont rendezte az egyetem K\u00f6zponti K\u00f6nyvt\u00e1r\u00e1nak k\u00f6zrem\u0171k\u00f6d\u00e9s\u00e9vel. DP<\/p>\n","protected":false},"excerpt":{"rendered":"<p>Az Eur\u00f3pai Bizotts\u00e1g jelenlegi javaslata szerint mintegy 80 milli\u00e1rd eur\u00f3t ford\u00edtana az EU kutat\u00e1s-fejleszt\u00e9sre, illetve innov\u00e1ci\u00f3s tev\u00e9kenys\u00e9gekre 2014-2020 k\u00f6z\u00f6tt. A Horizon 2020 elnevez\u00e9s\u0171 keretprogramban szerepl\u0151 elk\u00e9pzel\u00e9seket most ismertett\u00e9k el\u0151sz\u00f6r r\u00e9szletesen Magyarorsz\u00e1gon, a Semmelweis Egyetemen rendezett konferencia keret\u00e9ben. <a href=\"https:\/\/semmelweis.hu\/hirek\/files\/2012\/02\/horizon3.jpg\"><\/a> Az egyetem rektora dr. Tulassay Tivadar megnyit\u00f3 besz\u00e9d\u00e9ben azt hangs\u00falyozta: a Semmelweis Egyetem sz\u00e1m\u00e1ra nagy tisztess\u00e9g, hogy ezt &hellip;<\/p>\n","protected":false},"author":13,"featured_media":9995,"comment_status":"closed","ping_status":"open","sticky":false,"template":"","format":"standard","meta":{"_acf_changed":false,"footnotes":""},"categories":[161,168],"tags":[188],"class_list":["post-9991","post","type-post","status-publish","format-standard","has-post-thumbnail","hentry","category-tudomany","category-kiemelt","tag-tudomanyos-hirek-rendezvenyek"],"acf":[],"_links":{"self":[{"href":"https:\/\/semmelweis.hu\/hirek\/wp-json\/wp\/v2\/posts\/9991","targetHints":{"allow":["GET"]}}],"collection":[{"href":"https:\/\/semmelweis.hu\/hirek\/wp-json\/wp\/v2\/posts"}],"about":[{"href":"https:\/\/semmelweis.hu\/hirek\/wp-json\/wp\/v2\/types\/post"}],"author":[{"embeddable":true,"href":"https:\/\/semmelweis.hu\/hirek\/wp-json\/wp\/v2\/users\/13"}],"replies":[{"embeddable":true,"href":"https:\/\/semmelweis.hu\/hirek\/wp-json\/wp\/v2\/comments?post=9991"}],"version-history":[{"count":2,"href":"https:\/\/semmelweis.hu\/hirek\/wp-json\/wp\/v2\/posts\/9991\/revisions"}],"predecessor-version":[{"id":40885,"href":"https:\/\/semmelweis.hu\/hirek\/wp-json\/wp\/v2\/posts\/9991\/revisions\/40885"}],"wp:featuredmedia":[{"embeddable":true,"href":"https:\/\/semmelweis.hu\/hirek\/wp-json\/wp\/v2\/media\/9995"}],"wp:attachment":[{"href":"https:\/\/semmelweis.hu\/hirek\/wp-json\/wp\/v2\/media?parent=9991"}],"wp:term":[{"taxonomy":"category","embeddable":true,"href":"https:\/\/semmelweis.hu\/hirek\/wp-json\/wp\/v2\/categories?post=9991"},{"taxonomy":"post_tag","embeddable":true,"href":"https:\/\/semmelweis.hu\/hirek\/wp-json\/wp\/v2\/tags?post=9991"}],"curies":[{"name":"wp","href":"https:\/\/api.w.org\/{rel}","templated":true}]}}