{"id":99854,"date":"2020-10-27T15:38:31","date_gmt":"2020-10-27T14:38:31","guid":{"rendered":"https:\/\/semmelweis.hu\/hirek\/?p=99854"},"modified":"2020-10-29T09:02:33","modified_gmt":"2020-10-29T08:02:33","slug":"a-covid-19-ellatast-segiti-a-semmelweis-egyetem-balassa-utcai-epulete-is","status":"publish","type":"post","link":"https:\/\/semmelweis.hu\/hirek\/2020\/10\/27\/a-covid-19-ellatast-segiti-a-semmelweis-egyetem-balassa-utcai-epulete-is\/","title":{"rendered":"A COVID-19 ell\u00e1t\u00e1st seg\u00edti a Semmelweis Egyetem Balassa utcai \u00e9p\u00fclete is"},"content":{"rendered":"<div class=\"lead\">A Semmelweis Egyetem Balassa utcai \u00e9p\u00fclete \u2013 ahol a Pszichi\u00e1triai \u00e9s Pszichoter\u00e1pi\u00e1s Klinika, valamint a Neurol\u00f3giai Klinika tal\u00e1lhat\u00f3 \u2013 \u00fctemezetten, k\u00e9t l\u00e9pcs\u0151ben a koronav\u00edrusos betegek ell\u00e1t\u00f3hely\u00e9v\u00e9 v\u00e1lik. Eszerint az eddigi szakmaspecifikus COVID-19 ell\u00e1t\u00e1s mellett megjelenik az \u00e1ltal\u00e1nos (nem pszichi\u00e1triai, neurol\u00f3gia) COVID-19 pozit\u00edv vagy koronav\u00edrusgyan\u00fas betegek ell\u00e1t\u00e1sa is. Ezzel p\u00e1rhuzamosan a Semmelweis Egyetemen bel\u00fcl \u00e1tmenetileg \u00e1tszervez\u00e9sre ker\u00fcl a koronav\u00edrussal nem \u00e9rintett pszichi\u00e1triai \u00e9s neurol\u00f3giai betegek ell\u00e1t\u00e1sa.<\/div>\n<p>A Pszichi\u00e1triai \u00e9s Pszichoter\u00e1pi\u00e1s Klinika koronav\u00edrussal nem \u00e9rintett betegeinek ell\u00e1t\u00e1sa a klinika Szent R\u00f3kus T\u00f6mbben tal\u00e1lhat\u00f3 r\u00e9szleg\u00e9ben, annak kib\u0151v\u00edt\u00e9s\u00e9vel folytat\u00f3dik tov\u00e1bb. A Neurol\u00f3giai Klinika, valamint a szint\u00e9n a Balassa utc\u00e1ban tal\u00e1lhat\u00f3 Genomikai Medicina \u00e9s Ritka Betegs\u00e9gek Int\u00e9zete nem COVID-19-es betegeinek ell\u00e1t\u00e1sa a jelenlegi helysz\u00ednhez k\u00f6zel, a F\u00fcl-Orr-G\u00e9g\u00e9szeti \u00e9s Fej-Nyakseb\u00e9szeti Klinik\u00e1n biztos\u00edtott az \u00e1tszervez\u00e9st k\u00f6vet\u0151en.<\/p>\n<p>Mindezzel p\u00e1rhuzamosan k\u00e9t l\u00e9pcs\u0151ben a k\u00e9t klinik\u00e1nak otthont ad\u00f3 Balassa utcai \u00e9p\u00fclet koronav\u00edrusos betegek ell\u00e1t\u00f3hely\u00e9v\u00e9 v\u00e1lik j\u00f6v\u0151 h\u00e9t k\u00f6zep\u00e9re. Ez azt jelenti, hogy a COVID-19-cel \u00e9rintett pszichi\u00e1triai \u00e9s neurol\u00f3giai betegek kezel\u00e9se mellett az \u00e1ltal\u00e1nos (nem pszichi\u00e1triai, neurol\u00f3giai) COVID-19 pozit\u00edv vagy koronav\u00edrus-gyan\u00fas betegek ell\u00e1t\u00e1sa is megjelenik itt, belgy\u00f3gy\u00e1szati profil\u00fa (belgy\u00f3gy\u00e1sz, pulmonol\u00f3gus, illetve kardiol\u00f3gus) szakorvosok szakmai vezet\u00e9s\u00e9vel, fel\u00fcgyelet\u00e9vel.<\/p>\n<p>Az \u00e1tmeneti \u00e1thelyez\u00e9sben \u00e9rintett pszichi\u00e1triai \u00e9s neurol\u00f3giai betegek kezel\u0151orvosukt\u00f3l kapnak t\u00e1j\u00e9koztat\u00e1st az \u0151ket \u00e9rint\u0151 v\u00e1ltoz\u00e1sr\u00f3l.<\/p>\n<p>Szervezeti egys\u00e9gek ideiglenes \u00e1thelyez\u00e9s\u00e9re a vil\u00e1gj\u00e1rv\u00e1ny els\u0151 hull\u00e1ma sor\u00e1n is sor ker\u00fclt, ez mind a hazai, mind a k\u00fclf\u00f6ldi int\u00e9zm\u00e9nyek eset\u00e9ben term\u00e9szetes r\u00e9sze a j\u00e1rv\u00e1nyhelyzet fokoz\u00f3d\u00e1s\u00e1ra val\u00f3 tudatos felk\u00e9sz\u00fcl\u00e9snek.<\/p>\n<p>Dobozi P\u00e1lma<br \/>\nKiemelt k\u00e9p (illusztr\u00e1ci\u00f3): Kov\u00e1cs Attila &#8211; Semmelweis Egyetem<\/p>\n","protected":false},"excerpt":{"rendered":"<p>A nem koronav\u00edrusos pszichi\u00e1triai \u00e9s neurol\u00f3giai betegek ell\u00e1t\u00e1sa \u00e1tmenetileg \u00e1tszervez\u00e9sre ker\u00fcl az egyetemen bel\u00fcl. <\/p>\n","protected":false},"author":13,"featured_media":99855,"comment_status":"closed","ping_status":"closed","sticky":false,"template":"","format":"standard","meta":{"_acf_changed":false,"footnotes":""},"categories":[154,168],"tags":[4257,4260],"class_list":["post-99854","post","type-post","status-publish","format-standard","has-post-thumbnail","hentry","category-egeszseg","category-kiemelt","tag-koronavirus","tag-koronavirus-betegellatas"],"acf":[],"_links":{"self":[{"href":"https:\/\/semmelweis.hu\/hirek\/wp-json\/wp\/v2\/posts\/99854","targetHints":{"allow":["GET"]}}],"collection":[{"href":"https:\/\/semmelweis.hu\/hirek\/wp-json\/wp\/v2\/posts"}],"about":[{"href":"https:\/\/semmelweis.hu\/hirek\/wp-json\/wp\/v2\/types\/post"}],"author":[{"embeddable":true,"href":"https:\/\/semmelweis.hu\/hirek\/wp-json\/wp\/v2\/users\/13"}],"replies":[{"embeddable":true,"href":"https:\/\/semmelweis.hu\/hirek\/wp-json\/wp\/v2\/comments?post=99854"}],"version-history":[{"count":3,"href":"https:\/\/semmelweis.hu\/hirek\/wp-json\/wp\/v2\/posts\/99854\/revisions"}],"predecessor-version":[{"id":99905,"href":"https:\/\/semmelweis.hu\/hirek\/wp-json\/wp\/v2\/posts\/99854\/revisions\/99905"}],"wp:featuredmedia":[{"embeddable":true,"href":"https:\/\/semmelweis.hu\/hirek\/wp-json\/wp\/v2\/media\/99855"}],"wp:attachment":[{"href":"https:\/\/semmelweis.hu\/hirek\/wp-json\/wp\/v2\/media?parent=99854"}],"wp:term":[{"taxonomy":"category","embeddable":true,"href":"https:\/\/semmelweis.hu\/hirek\/wp-json\/wp\/v2\/categories?post=99854"},{"taxonomy":"post_tag","embeddable":true,"href":"https:\/\/semmelweis.hu\/hirek\/wp-json\/wp\/v2\/tags?post=99854"}],"curies":[{"name":"wp","href":"https:\/\/api.w.org\/{rel}","templated":true}]}}